{"id":8969,"date":"2025-01-21T10:14:52","date_gmt":"2025-01-21T10:14:52","guid":{"rendered":"https:\/\/csiag.de\/?p=8969"},"modified":"2025-01-21T20:04:37","modified_gmt":"2025-01-21T20:04:37","slug":"rozdiel-medzi-narodnou-cirkvou-a-slobodnou-cirkvou","status":"publish","type":"post","link":"https:\/\/csiag.de\/sk\/blog\/2025\/01\/21\/unterschied-landeskirche-vs-freikirche\/","title":{"rendered":"Rozdiel - n\u00e1rodn\u00e1 cirkev vs. slobodn\u00e1 cirkev"},"content":{"rendered":"<div id=\"ez-toc-container\" class=\"ez-toc-v2_0_82_2 counter-hierarchy ez-toc-counter ez-toc-grey ez-toc-container-direction\">\n<div class=\"ez-toc-title-container\">\n<p class=\"ez-toc-title\" style=\"cursor:inherit\">Obsah<\/p>\n<span class=\"ez-toc-title-toggle\"><\/span><\/div>\n<nav><ul class='ez-toc-list ez-toc-list-level-1' ><li class='ez-toc-page-1 ez-toc-heading-level-3'><a class=\"ez-toc-link ez-toc-heading-1\" href=\"https:\/\/csiag.de\/sk\/blog\/2025\/01\/21\/unterschied-landeskirche-vs-freikirche\/#Volkskirche\" >\u013dudov\u00fd kostol<\/a><\/li><li class='ez-toc-page-1 ez-toc-heading-level-3'><a class=\"ez-toc-link ez-toc-heading-2\" href=\"https:\/\/csiag.de\/sk\/blog\/2025\/01\/21\/unterschied-landeskirche-vs-freikirche\/#Freikirchen\" >Bezplatn\u00e9 kostoly<\/a><\/li><li class='ez-toc-page-1 ez-toc-heading-level-3'><a class=\"ez-toc-link ez-toc-heading-3\" href=\"https:\/\/csiag.de\/sk\/blog\/2025\/01\/21\/unterschied-landeskirche-vs-freikirche\/#Ausrichtungen\" >Zarovnania<\/a><ul class='ez-toc-list-level-4' ><li class='ez-toc-heading-level-4'><a class=\"ez-toc-link ez-toc-heading-4\" href=\"https:\/\/csiag.de\/sk\/blog\/2025\/01\/21\/unterschied-landeskirche-vs-freikirche\/#Neuapostolische_Kirche_NAK\" >Novoapo\u0161tolsk\u00e1 cirkev (NAK)<\/a><ul class='ez-toc-list-level-5' ><li class='ez-toc-heading-level-5'><a class=\"ez-toc-link ez-toc-heading-5\" href=\"https:\/\/csiag.de\/sk\/blog\/2025\/01\/21\/unterschied-landeskirche-vs-freikirche\/#Glaubensmerkmale\" >Charakteristika viery:<\/a><\/li><li class='ez-toc-page-1 ez-toc-heading-level-5'><a class=\"ez-toc-link ez-toc-heading-6\" href=\"https:\/\/csiag.de\/sk\/blog\/2025\/01\/21\/unterschied-landeskirche-vs-freikirche\/#Organisation\" >Organiz\u00e1cia<\/a><\/li><\/ul><\/li><li class='ez-toc-page-1 ez-toc-heading-level-4'><a class=\"ez-toc-link ez-toc-heading-7\" href=\"https:\/\/csiag.de\/sk\/blog\/2025\/01\/21\/unterschied-landeskirche-vs-freikirche\/#Zeugen_Jehovas\" >Svedkovia Jehovovi<\/a><ul class='ez-toc-list-level-5' ><li class='ez-toc-heading-level-5'><a class=\"ez-toc-link ez-toc-heading-8\" href=\"https:\/\/csiag.de\/sk\/blog\/2025\/01\/21\/unterschied-landeskirche-vs-freikirche\/#Glaubensmerkmale-2\" >Charakteristika viery<\/a><\/li><li class='ez-toc-page-1 ez-toc-heading-level-5'><a class=\"ez-toc-link ez-toc-heading-9\" href=\"https:\/\/csiag.de\/sk\/blog\/2025\/01\/21\/unterschied-landeskirche-vs-freikirche\/#Organisation-2\" >Organiz\u00e1cia<\/a><\/li><li class='ez-toc-page-1 ez-toc-heading-level-5'><a class=\"ez-toc-link ez-toc-heading-10\" href=\"https:\/\/csiag.de\/sk\/blog\/2025\/01\/21\/unterschied-landeskirche-vs-freikirche\/#Verbreitung_und_Fokus\" >Distrib\u00facia a zameranie<\/a><\/li><\/ul><\/li><li class='ez-toc-page-1 ez-toc-heading-level-4'><a class=\"ez-toc-link ez-toc-heading-11\" href=\"https:\/\/csiag.de\/sk\/blog\/2025\/01\/21\/unterschied-landeskirche-vs-freikirche\/#BEFG_%E2%80%93_Bund_Evangelisch_Freikirchlicher_Gemeinden_Baptisten\" >BEFG - Feder\u00e1cia slobodn\u00fdch evanjelick\u00fdch cirkv\u00ed (baptistov)<\/a><ul class='ez-toc-list-level-5' ><li class='ez-toc-heading-level-5'><a class=\"ez-toc-link ez-toc-heading-12\" href=\"https:\/\/csiag.de\/sk\/blog\/2025\/01\/21\/unterschied-landeskirche-vs-freikirche\/#Glaubensmerkmale-3\" >Charakteristika viery<\/a><\/li><li class='ez-toc-page-1 ez-toc-heading-level-5'><a class=\"ez-toc-link ez-toc-heading-13\" href=\"https:\/\/csiag.de\/sk\/blog\/2025\/01\/21\/unterschied-landeskirche-vs-freikirche\/#Organisation-3\" >Organiz\u00e1cia<\/a><\/li><li class='ez-toc-page-1 ez-toc-heading-level-5'><a class=\"ez-toc-link ez-toc-heading-14\" href=\"https:\/\/csiag.de\/sk\/blog\/2025\/01\/21\/unterschied-landeskirche-vs-freikirche\/#Verbreitung_und_Fokus-2\" >Distrib\u00facia a zameranie<\/a><\/li><\/ul><\/li><li class='ez-toc-page-1 ez-toc-heading-level-4'><a class=\"ez-toc-link ez-toc-heading-15\" href=\"https:\/\/csiag.de\/sk\/blog\/2025\/01\/21\/unterschied-landeskirche-vs-freikirche\/#BFP_%E2%80%93_Bund_Freikirchlicher_Pfingstgemeinden\" >BFP - Feder\u00e1cia slobodn\u00fdch letni\u010dn\u00fdch cirkv\u00ed<\/a><ul class='ez-toc-list-level-5' ><li class='ez-toc-heading-level-5'><a class=\"ez-toc-link ez-toc-heading-16\" href=\"https:\/\/csiag.de\/sk\/blog\/2025\/01\/21\/unterschied-landeskirche-vs-freikirche\/#Glaubensmerkmale-4\" >Charakteristika viery<\/a><\/li><li class='ez-toc-page-1 ez-toc-heading-level-5'><a class=\"ez-toc-link ez-toc-heading-17\" href=\"https:\/\/csiag.de\/sk\/blog\/2025\/01\/21\/unterschied-landeskirche-vs-freikirche\/#Organisation-4\" >Organiz\u00e1cia<\/a><\/li><li class='ez-toc-page-1 ez-toc-heading-level-5'><a class=\"ez-toc-link ez-toc-heading-18\" href=\"https:\/\/csiag.de\/sk\/blog\/2025\/01\/21\/unterschied-landeskirche-vs-freikirche\/#Verbreitung_und_Fokus-3\" >Distrib\u00facia a zameranie<\/a><\/li><\/ul><\/li><li class='ez-toc-page-1 ez-toc-heading-level-4'><a class=\"ez-toc-link ez-toc-heading-19\" href=\"https:\/\/csiag.de\/sk\/blog\/2025\/01\/21\/unterschied-landeskirche-vs-freikirche\/#Mormonen_%E2%80%93_Kirche_Jesu_Christi_der_Heiligen_der_Letzten_Tage_HLT\" >Morm\u00f3ni - Cirkev Je\u017ei\u0161a Krista Sv\u00e4t\u00fdch neskor\u0161\u00edch dn\u00ed (LDS)<\/a><ul class='ez-toc-list-level-5' ><li class='ez-toc-heading-level-5'><a class=\"ez-toc-link ez-toc-heading-20\" href=\"https:\/\/csiag.de\/sk\/blog\/2025\/01\/21\/unterschied-landeskirche-vs-freikirche\/#Glaubensmerkmale-5\" >Charakteristika viery<\/a><\/li><li class='ez-toc-page-1 ez-toc-heading-level-5'><a class=\"ez-toc-link ez-toc-heading-21\" href=\"https:\/\/csiag.de\/sk\/blog\/2025\/01\/21\/unterschied-landeskirche-vs-freikirche\/#Organisation-5\" >Organiz\u00e1cia<\/a><\/li><li class='ez-toc-page-1 ez-toc-heading-level-5'><a class=\"ez-toc-link ez-toc-heading-22\" href=\"https:\/\/csiag.de\/sk\/blog\/2025\/01\/21\/unterschied-landeskirche-vs-freikirche\/#Verbreitung_und_Fokus-4\" >Distrib\u00facia a zameranie<\/a><\/li><\/ul><\/li><li class='ez-toc-page-1 ez-toc-heading-level-4'><a class=\"ez-toc-link ez-toc-heading-23\" href=\"https:\/\/csiag.de\/sk\/blog\/2025\/01\/21\/unterschied-landeskirche-vs-freikirche\/#Mennoniten\" >Mennoniti<\/a><ul class='ez-toc-list-level-5' ><li class='ez-toc-heading-level-5'><a class=\"ez-toc-link ez-toc-heading-24\" href=\"https:\/\/csiag.de\/sk\/blog\/2025\/01\/21\/unterschied-landeskirche-vs-freikirche\/#Glaubensmerkmale-6\" >Charakteristika viery<\/a><\/li><li class='ez-toc-page-1 ez-toc-heading-level-5'><a class=\"ez-toc-link ez-toc-heading-25\" href=\"https:\/\/csiag.de\/sk\/blog\/2025\/01\/21\/unterschied-landeskirche-vs-freikirche\/#Organisation-6\" >Organiz\u00e1cia<\/a><\/li><li class='ez-toc-page-1 ez-toc-heading-level-5'><a class=\"ez-toc-link ez-toc-heading-26\" href=\"https:\/\/csiag.de\/sk\/blog\/2025\/01\/21\/unterschied-landeskirche-vs-freikirche\/#Verbreitung_und_Fokus-5\" >Distrib\u00facia a zameranie<\/a><\/li><\/ul><\/li><li class='ez-toc-page-1 ez-toc-heading-level-4'><a class=\"ez-toc-link ez-toc-heading-27\" href=\"https:\/\/csiag.de\/sk\/blog\/2025\/01\/21\/unterschied-landeskirche-vs-freikirche\/#Siebenten-Tags-Adventisten_STA\" >Adventisti siedmeho d\u0148a (STA)<\/a><ul class='ez-toc-list-level-5' ><li class='ez-toc-heading-level-5'><a class=\"ez-toc-link ez-toc-heading-28\" href=\"https:\/\/csiag.de\/sk\/blog\/2025\/01\/21\/unterschied-landeskirche-vs-freikirche\/#Glaubensmerkmale-7\" >Charakteristika viery<\/a><\/li><li class='ez-toc-page-1 ez-toc-heading-level-5'><a class=\"ez-toc-link ez-toc-heading-29\" href=\"https:\/\/csiag.de\/sk\/blog\/2025\/01\/21\/unterschied-landeskirche-vs-freikirche\/#Organisation-7\" >Organiz\u00e1cia<\/a><\/li><li class='ez-toc-page-1 ez-toc-heading-level-5'><a class=\"ez-toc-link ez-toc-heading-30\" href=\"https:\/\/csiag.de\/sk\/blog\/2025\/01\/21\/unterschied-landeskirche-vs-freikirche\/#Verbreitung_und_Fokus-6\" >Distrib\u00facia a zameranie<\/a><\/li><\/ul><\/li><li class='ez-toc-page-1 ez-toc-heading-level-4'><a class=\"ez-toc-link ez-toc-heading-31\" href=\"https:\/\/csiag.de\/sk\/blog\/2025\/01\/21\/unterschied-landeskirche-vs-freikirche\/#SELK_%E2%80%93_Selbstandige_Evangelisch-Lutherische-Kirche\" >SELK - Nez\u00e1visl\u00e1 evanjelick\u00e1 luter\u00e1nska cirkev<\/a><ul class='ez-toc-list-level-5' ><li class='ez-toc-heading-level-5'><a class=\"ez-toc-link ez-toc-heading-32\" href=\"https:\/\/csiag.de\/sk\/blog\/2025\/01\/21\/unterschied-landeskirche-vs-freikirche\/#Glaubensmerkmale-8\" >Charakteristika viery<\/a><\/li><li class='ez-toc-page-1 ez-toc-heading-level-5'><a class=\"ez-toc-link ez-toc-heading-33\" href=\"https:\/\/csiag.de\/sk\/blog\/2025\/01\/21\/unterschied-landeskirche-vs-freikirche\/#Organisation-8\" >Organiz\u00e1cia<\/a><\/li><li class='ez-toc-page-1 ez-toc-heading-level-5'><a class=\"ez-toc-link ez-toc-heading-34\" href=\"https:\/\/csiag.de\/sk\/blog\/2025\/01\/21\/unterschied-landeskirche-vs-freikirche\/#Verbreitung_und_Fokus-7\" >Distrib\u00facia a zameranie<\/a><\/li><\/ul><\/li><li class='ez-toc-page-1 ez-toc-heading-level-4'><a class=\"ez-toc-link ez-toc-heading-35\" href=\"https:\/\/csiag.de\/sk\/blog\/2025\/01\/21\/unterschied-landeskirche-vs-freikirche\/#EmK_%E2%80%93_Evangelisch-methodistische_Kirche\" >EmK - Evanjelick\u00e1 cirkev metodistick\u00e1<\/a><ul class='ez-toc-list-level-5' ><li class='ez-toc-heading-level-5'><a class=\"ez-toc-link ez-toc-heading-36\" href=\"https:\/\/csiag.de\/sk\/blog\/2025\/01\/21\/unterschied-landeskirche-vs-freikirche\/#Glaubensmerkmale-9\" >Charakteristika viery<\/a><\/li><li class='ez-toc-page-1 ez-toc-heading-level-5'><a class=\"ez-toc-link ez-toc-heading-37\" href=\"https:\/\/csiag.de\/sk\/blog\/2025\/01\/21\/unterschied-landeskirche-vs-freikirche\/#Organisation_und_Struktur\" >Organiz\u00e1cia a \u0161trukt\u00fara<\/a><\/li><li class='ez-toc-page-1 ez-toc-heading-level-5'><a class=\"ez-toc-link ez-toc-heading-38\" href=\"https:\/\/csiag.de\/sk\/blog\/2025\/01\/21\/unterschied-landeskirche-vs-freikirche\/#Verbreitung_und_Fokus-8\" >Distrib\u00facia a zameranie<\/a><\/li><\/ul><\/li><li class='ez-toc-page-1 ez-toc-heading-level-4'><a class=\"ez-toc-link ez-toc-heading-39\" href=\"https:\/\/csiag.de\/sk\/blog\/2025\/01\/21\/unterschied-landeskirche-vs-freikirche\/#Brudergemeinde\" >Cirkev bratsk\u00e1<\/a><ul class='ez-toc-list-level-5' ><li class='ez-toc-heading-level-5'><a class=\"ez-toc-link ez-toc-heading-40\" href=\"https:\/\/csiag.de\/sk\/blog\/2025\/01\/21\/unterschied-landeskirche-vs-freikirche\/#Geschlossene_Brudergemeinde\" >Uzavret\u00e9 bratstvo<\/a><\/li><li class='ez-toc-page-1 ez-toc-heading-level-5'><a class=\"ez-toc-link ez-toc-heading-41\" href=\"https:\/\/csiag.de\/sk\/blog\/2025\/01\/21\/unterschied-landeskirche-vs-freikirche\/#Glaubensmerkmale-10\" >Charakteristika viery<\/a><\/li><li class='ez-toc-page-1 ez-toc-heading-level-5'><a class=\"ez-toc-link ez-toc-heading-42\" href=\"https:\/\/csiag.de\/sk\/blog\/2025\/01\/21\/unterschied-landeskirche-vs-freikirche\/#Organisation_und_Struktur-2\" >Organiz\u00e1cia a \u0161trukt\u00fara<\/a><\/li><li class='ez-toc-page-1 ez-toc-heading-level-5'><a class=\"ez-toc-link ez-toc-heading-43\" href=\"https:\/\/csiag.de\/sk\/blog\/2025\/01\/21\/unterschied-landeskirche-vs-freikirche\/#Verbreitung_und_Fokus-9\" >Distrib\u00facia a zameranie<\/a><\/li><li class='ez-toc-page-1 ez-toc-heading-level-5'><a class=\"ez-toc-link ez-toc-heading-44\" href=\"https:\/\/csiag.de\/sk\/blog\/2025\/01\/21\/unterschied-landeskirche-vs-freikirche\/#Offene_Brudergemeinde\" >Otvoren\u00e1 Cirkev bratsk\u00e1<\/a><\/li><li class='ez-toc-page-1 ez-toc-heading-level-5'><a class=\"ez-toc-link ez-toc-heading-45\" href=\"https:\/\/csiag.de\/sk\/blog\/2025\/01\/21\/unterschied-landeskirche-vs-freikirche\/#Glaubensmerkmale-11\" >Charakteristika viery<\/a><\/li><li class='ez-toc-page-1 ez-toc-heading-level-5'><a class=\"ez-toc-link ez-toc-heading-46\" href=\"https:\/\/csiag.de\/sk\/blog\/2025\/01\/21\/unterschied-landeskirche-vs-freikirche\/#Organisation-9\" >Organiz\u00e1cia<\/a><\/li><li class='ez-toc-page-1 ez-toc-heading-level-5'><a class=\"ez-toc-link ez-toc-heading-47\" href=\"https:\/\/csiag.de\/sk\/blog\/2025\/01\/21\/unterschied-landeskirche-vs-freikirche\/#Verbreitung_und_Fokus-10\" >Distrib\u00facia a zameranie<\/a><\/li><\/ul><\/li><\/ul><\/li><\/ul><\/nav><\/div>\n<span class=\"span-reading-time rt-reading-time\" style=\"display: block;\"><span class=\"rt-label rt-prefix\">\u010cas \u010d\u00edtania<\/span> <span class=\"rt-time\"> 14<\/span> <span class=\"rt-label rt-postfix\">z\u00e1pisnice<\/span><\/span><div class=\"pdfprnt-buttons pdfprnt-buttons-post pdfprnt-top-right\"><a href=\"https:\/\/csiag.de\/sk\/wp-json\/wp\/v2\/posts\/8969?print=pdf\" class=\"pdfprnt-button pdfprnt-button-pdf\" target=\"_blank\" ><img decoding=\"async\" src=\"https:\/\/csiag.de\/wp-content\/plugins\/pdf-print\/images\/pdf.png\" alt=\"obr\u00e1zok_pdf\" title=\"Download PDF\" \/><span class=\"pdfprnt-button-title pdfprnt-button-pdf-title\">Prelo\u017ei\u0165 do PDF<\/span><\/a><a href=\"https:\/\/csiag.de\/sk\/wp-json\/wp\/v2\/posts\/8969?print=print\" class=\"pdfprnt-button pdfprnt-button-print\" target=\"_blank\" ><img decoding=\"async\" src=\"https:\/\/csiag.de\/wp-content\/plugins\/pdf-print\/images\/print.png\" alt=\"tla\u010d obr\u00e1zka\" title=\"Print Content\" \/><span class=\"pdfprnt-button-title pdfprnt-button-print-title\">Tla\u010di\u0165<\/span><\/a><\/div>\n<p>Ak\u00fd je vlastne rozdiel medzi n\u00e1rodnou alebo n\u00e1rodnou cirkvou a slobodnou cirkvou?<\/p>\n\n\n\n<p>Ni\u017e\u0161ie s\u00fa podrobnej\u0161ie op\u00edsan\u00e9 obe hlavn\u00e9 cirkvi a slobodn\u00e9 cirkvi, \u010d\u00edm sa zd\u00f4raz\u0148uj\u00fa rozdiely.<\/p>\n\n\n\n<h3 class=\"wp-block-heading\"><span class=\"ez-toc-section\" id=\"Volkskirche\"><\/span>\u013dudov\u00fd kostol<span class=\"ez-toc-section-end\"><\/span><\/h3>\n\n\n\n<p>V skor\u0161\u00edch dob\u00e1ch v Nemecku pri pr\u00edle\u017eitosti augsbursk\u00e9ho mieru v roku 1555 panovn\u00edci rozhodli, ktor\u00fa vieru maj\u00fa prija\u0165 ich poddan\u00ed. Od 18. storo\u010dia bol r\u00edmskokatol\u00edcky kr\u00e1\u013e Bavorska dokonca biskupom protestantskej cirkvi v Bavorsku.<\/p>\n\n\n\n<p>N\u00e1rodn\u00fa cirkev tvoria r\u00edmskokatol\u00edcka a protestantsk\u00e1 cirkev.<\/p>\n\n\n\n<p>Region\u00e1lne cirkvi s\u00fa zast\u00fapen\u00e9 protestantsk\u00fdmi cirkvami jednotliv\u00fdch spolkov\u00fdch kraj\u00edn. Existuje teda 20 protestantsk\u00fdch region\u00e1lnych cirkv\u00ed.<\/p>\n\n\n\n<p>N\u00e1rodn\u00e9 cirkvi s\u00fa financovan\u00e9 predov\u0161etk\u00fdm zo \u0161t\u00e1tnej cirkevnej dane, zbierok a darov. Zamestnanci s\u00fa platen\u00ed z cirkevnej dane, zatia\u013e \u010do pr\u00edjmy zo zbierok a darov s\u00fa \u00fa\u010delovo viazan\u00e9 na konkr\u00e9tne \u00fa\u010dely.<\/p>\n\n\n\n<p>V Nemecku teda existuje r\u00edmskokatol\u00edcka cirkev a 20 protestantsk\u00fdch region\u00e1lnych cirkv\u00ed, medzi ktor\u00e9 s\u00fa veriaci rozdelen\u00ed.<br>Pod\u013ea \u0161tatist\u00edk z roku 2022 sa 20,9 mili\u00f3na \u013eud\u00ed hl\u00e1si k r\u00edmskokatol\u00edckej cirkvi a 19,2 mili\u00f3na k protestantskej cirkvi.<br>V tom istom roku vyst\u00fapilo z r\u00edmskokatol\u00edckej cirkvi 522 821 \u013eud\u00ed a z protestantskej cirkvi 380 000 \u013eud\u00ed.<\/p>\n\n\n\n<h3 class=\"wp-block-heading\"><span class=\"ez-toc-section\" id=\"Freikirchen\"><\/span>Bezplatn\u00e9 kostoly<span class=\"ez-toc-section-end\"><\/span><\/h3>\n\n\n\n<p>Na rozdiel od \u0161t\u00e1tnych (region\u00e1lnych) cirkv\u00ed s\u00fa slobodn\u00e9 cirkvi financovan\u00e9 svojimi \u010dlenmi a ich darmi, s\u00fa orientovan\u00e9 na protestantsk\u00fa vieru a maj\u00fa in\u00e9 d\u00f4razy, na ktor\u00fdch zakladaj\u00fa svoju vieru a k\u00e1zanie.<\/p>\n\n\n\n<p>V Nemecku je pribli\u017ene 40 r\u00f4zne orientovan\u00fdch slobodn\u00fdch cirkv\u00ed. \u0160tatisticky k 31. decembru 2022 mali slobodn\u00e9 cirkvi v Nemecku zdru\u017een\u00e9 v BEFG (Feder\u00e1cia evanjelick\u00fdch slobodn\u00fdch cirkv\u00ed) 73 878 \u010dlenov, z toho 1 918 \u013eud\u00ed slobodn\u00e9 cirkvi opustilo.<\/p>\n\n\n\n<p>Pr\u00ed\u010dina vzniku slobodn\u00fdch cirkv\u00ed spo\u010d\u00edva v tzv. konfesion\u00e1lnej n\u00fadzi, subjekt\u00edvnom odklone od z\u00e1sad viery. Slobodn\u00e9 cirkvi tie\u017e realizuj\u00fa jasn\u00fa odluku cirkvi od \u0161t\u00e1tu.<\/p>\n\n\n\n<p>Hlavn\u00fdm d\u00f4vodom je zrejme to, \u017ee nevidia sp\u00e1su v pr\u00edslu\u0161nosti k jednej z dvoch \u0161t\u00e1tnych cirkv\u00ed. \u010clovek sa krstom nest\u00e1va \u010dlenom pr\u00edslu\u0161nej cirkvi, ku ktorej patria jeho rodi\u010dia pri naroden\u00ed, ale mal by sa pre t\u00fa \u010di on\u00fa denomin\u00e1ciu rozhodn\u00fa\u0165 vedome a samostatne.<\/p>\n\n\n\n<p>R\u00edmskokatol\u00edcka cirkev na\u010falej pova\u017euje za svojich \u010dlenov aj t\u00fdch, ktor\u00ed od nej odi\u0161li, preto\u017ee sa jej \u010dlenmi neodvolate\u013ene stali krstom.<\/p>\n\n\n\n<p>Slobodn\u00e9 cirkvi funguj\u00fa pod\u013ea Nov\u00e9ho z\u00e1kona a v \u0148om op\u00edsanej formy cirkvi, pod\u013ea ktorej m\u00e1 by\u0165 \u010dlovek pod\u013ea Nov\u00e9ho z\u00e1kona \u010dlenom cirkvi. <em>Skutky 5, 29<\/em> by mali posl\u00facha\u0165 Boha viac ako \u013eud\u00ed. To je tie\u017e v rozpore s cirkevnou da\u0148ou, ktor\u00fa vyber\u00e1 \u0161t\u00e1t. Biblick\u00fd desiatok sa pod\u013ea <em>Deuteron\u00f3mium 15:22<\/em>ktor\u00fd sa zvy\u010dajne uv\u00e1dza ako z\u00e1klad pre meranie darov. Na druhej strane, in\u00ed sa rad\u0161ej dr\u017eia <em>2 Korintsk\u00fdm 9:7<\/em>pod\u013ea ktor\u00e9ho ka\u017ed\u00fd d\u00e1va, ako mu k\u00e1\u017ee srdce.<\/p>\n\n\n\n<p>To berie vietor z plachiet ot\u00e1zke, ko\u013eko by sa malo d\u00e1va\u0165 ako desiatok, \u010di na z\u00e1klade \u010dist\u00e9ho alebo hrub\u00e9ho, a ob\u013e\u00fabenej protiot\u00e1zke, z \u010doho by malo po\u017eehnanie poch\u00e1dza\u0165, ktor\u00e1 je samozrejme zameran\u00e1 na hrub\u00fd desiatok.<\/p>\n\n\n\n<p>Z biblick\u00e9ho h\u013eadiska je ve\u013emi d\u00f4le\u017eit\u00e9 uzna\u0165 Je\u017ei\u0161ovu obetn\u00fa smr\u0165 ako naplnenie cel\u00e9ho Moj\u017ei\u0161ovho z\u00e1kona vr\u00e1tane platenia desiatkov.<\/p>\n\n\n\n<p>Je samozrejm\u00e9, \u017ee cirkvi sa musia financova\u0165 samy, ale na dobrovo\u013enej b\u00e1ze. T\u00ed, ktor\u00ed m\u00f4\u017eu a chc\u00fa da\u0165 ve\u013ea, preto podporuj\u00fa v\u00e4\u010d\u0161\u00edmi darmi, t\u00ed, ktor\u00ed m\u00f4\u017eu u\u0161etri\u0165 len nieko\u013eko finan\u010dn\u00fdch prostriedkov, men\u0161\u00edmi darmi.<\/p>\n\n\n\n<h3 class=\"wp-block-heading\"><span class=\"ez-toc-section\" id=\"Ausrichtungen\"><\/span>Zarovnania<span class=\"ez-toc-section-end\"><\/span><\/h3>\n\n\n\n<p>Nasleduj\u00face \u00fadaje poch\u00e1dzaj\u00fa z nemeck\u00e9ho \u0161tatistick\u00e9ho port\u00e1lu a t\u00fdkaj\u00fa sa obdobia od roku 2010 do roku 2024. Na \u00faplnos\u0165 a aktu\u00e1lnos\u0165 sa nevz\u0165ahuj\u00fa \u017eiadne n\u00e1roky.<\/p>\n\n\n\n<p>Uveden\u00e9 poradie slobodn\u00fdch cirkv\u00ed vych\u00e1dza z dostupn\u00fdch \u00fadajov o po\u010dte \u010dlenov a nepredstavuje rebr\u00ed\u010dek.<\/p>\n\n\n\n<h4 class=\"wp-block-heading\"><span class=\"ez-toc-section\" id=\"Neuapostolische_Kirche_NAK\"><\/span>Novoapo\u0161tolsk\u00e1 cirkev (NAK)<span class=\"ez-toc-section-end\"><\/span><\/h4>\n\n\n\n<p>Novoapo\u0161tolsk\u00e1 cirkev mala v roku 2022 311 124 \u010dlenov.<\/p>\n\n\n\n<p>Novoapo\u0161tolsk\u00e1 cirkev je kres\u0165ansk\u00e1 denomin\u00e1cia, ktor\u00e1 sa vyvinula z katol\u00edckeho apo\u0161tolsk\u00e9ho hnutia v 19. storo\u010d\u00ed. Je zn\u00e1ma svoj\u00edm d\u00f4razom na apo\u0161tolov ako \u00fastredn\u00fdch duchovn\u00fdch vodcov a pova\u017euje sa za n\u00e1stupcu prvotnej cirkvi.<\/p>\n\n\n\n<h5 class=\"wp-block-heading\"><span class=\"ez-toc-section\" id=\"Glaubensmerkmale\"><\/span>Charakteristika viery:<span class=\"ez-toc-section-end\"><\/span><\/h5>\n\n\n\n<ul class=\"wp-block-list\">\n<li><strong>\u00dastredn\u00e9 presved\u010denie:<\/strong> Je\u017ei\u0161 Kristus je v centre pozornosti a o\u010dak\u00e1va sa jeho n\u00e1vrat. NAC ver\u00ed v pr\u00edpravu veriacich na t\u00fato udalos\u0165.<\/li>\n\n\n\n<li><strong>Sviatosti:<\/strong> Cirkev uzn\u00e1va tri sviatosti: Sv\u00e4t\u00fd krst vodou, sv\u00e4t\u00e9 prij\u00edmanie a sv\u00e4t\u00e9 pe\u010datenie (prijatie Ducha Sv\u00e4t\u00e9ho vkladan\u00edm r\u00fak apo\u0161tolom).<\/li>\n\n\n\n<li><strong>Apo\u0161tolstvo:<\/strong> Cirkev ved\u00fa apo\u0161toli, ktor\u00ed s\u00fa vn\u00edman\u00ed ako prostredn\u00edci medzi Bohom a veriacimi. Ich \u00falohou je ude\u013eova\u0165 sviatosti a pripravova\u0165 veriacich na Kristov n\u00e1vrat.<\/li>\n\n\n\n<li><strong>Cirkevn\u00fd \u017eivot:<\/strong> Bohoslu\u017eby s\u00fa centr\u00e1lne a zah\u0155\u0148aj\u00fa k\u00e1zne, modlitby a prij\u00edmanie. D\u00f4raz sa kladie na akt\u00edvny \u017eivot viery, l\u00e1sku k bl\u00ed\u017enemu a osobn\u00fa pastora\u010dn\u00fa starostlivos\u0165.<\/li>\n<\/ul>\n\n\n\n<h5 class=\"wp-block-heading\"><span class=\"ez-toc-section\" id=\"Organisation\"><\/span>Organiz\u00e1cia<span class=\"ez-toc-section-end\"><\/span><\/h5>\n\n\n\n<p>Novoapo\u0161tolsk\u00e1 cirkev je hierarchicky usporiadan\u00e1 a na jej vrchole stoja najvy\u0161\u0161\u00ed apo\u0161toli, ktor\u00ed dohliadaj\u00fa na spolo\u010denstvo veriacich na celom svete.<\/p>\n\n\n\n<p>NAC si cen\u00ed spolo\u010denstvo, hudbu a siln\u00fa soci\u00e1lnu anga\u017eovanos\u0165. Kritici ob\u010das kritizuj\u00fa silne hierarchick\u00fa \u0161trukt\u00faru a v\u00fdlu\u010dn\u00fd n\u00e1rok na pravdu, zatia\u013e \u010do \u010dlenovia oce\u0148uj\u00fa osobn\u00fa oddanos\u0165 viere a jasn\u00fa orient\u00e1ciu na cie\u013e.<\/p>\n\n\n\n<h4 class=\"wp-block-heading\"><span class=\"ez-toc-section\" id=\"Zeugen_Jehovas\"><\/span>Svedkovia Jehovovi<span class=\"ez-toc-section-end\"><\/span><\/h4>\n\n\n\n<p>Str\u00e1nka <em>Svedkovia Jehovovi<\/em>s 178 000 \u010dlenmi v roku 2024.<\/p>\n\n\n\n<p>Str\u00e1nka <em>Svedkovia Jehovovi<\/em> s\u00fa kres\u0165anskou denomin\u00e1ciou, ktor\u00e1 vznikla v USA v 19. storo\u010d\u00ed. Zalo\u017eil ju <em>Charles Taze Russell <\/em>a dnes p\u00f4sob\u00ed na celom svete. Spolo\u010denstvo je zn\u00e1me svojimi misijn\u00fdmi aktivitami, \u0161t\u00fadiom Biblie a pr\u00edsnym v\u00fdkladom Biblie.<\/p>\n\n\n\n<h5 class=\"wp-block-heading\"><span class=\"ez-toc-section\" id=\"Glaubensmerkmale-2\"><\/span>Charakteristika viery<span class=\"ez-toc-section-end\"><\/span><\/h5>\n\n\n\n<ul class=\"wp-block-list\">\n<li><strong>\u00dastredn\u00e9 presved\u010denie:<\/strong> Meno \"Jehova\" je zd\u00f4raznen\u00e9 ako vlastn\u00e9 Bo\u017eie meno. D\u00f4raz sa kladie na uctievanie Boha a ohlasovanie jeho kr\u00e1\u013eovstva.<\/li>\n\n\n\n<li><strong>Biblick\u00e1 orient\u00e1cia:<\/strong> Biblia sa pova\u017euje za najvy\u0161\u0161iu autoritu. Svedkovia Jehovovi pou\u017e\u00edvaj\u00fa \"Preklad nov\u00e9ho sveta\" Sv\u00e4t\u00e9ho p\u00edsma.<\/li>\n\n\n\n<li><strong>Eschatol\u00f3gia:<\/strong> O\u010dak\u00e1vaj\u00fa, \u017ee Boh \u010doskoro zasiahne a nastane Armagedon, koniec sveta a nastolenie raja na zemi.<\/li>\n\n\n\n<li><strong>Odmietnutie trad\u00edci\u00ed:<\/strong> Sviatky, ako s\u00fa Vianoce a Ve\u013ek\u00e1 noc, ako aj politick\u00e9 aktivity, napr\u00edklad hlasovanie alebo vojensk\u00e1 slu\u017eba, s\u00fa odmietan\u00e9, preto\u017ee sa pova\u017euj\u00fa za nebiblick\u00e9.<\/li>\n\n\n\n<li><strong>Vyvolen\u00fd:<\/strong> Ver\u00ed, \u017ee do neba p\u00f4jde len 144 000 \u013eud\u00ed.<\/li>\n\n\n\n<li><strong>Odmietnutie<\/strong> Trojice.<\/li>\n\n\n\n<li><strong>Pr\u00edsne odmietnutie<\/strong> svetsk\u00e9 in\u0161tit\u00facie, ako je politika alebo arm\u00e1da.<\/li>\n\n\n\n<li><strong>Odmietnutie<\/strong> transf\u00fazie krvi z d\u00f4vodov viery.<\/li>\n<\/ul>\n\n\n\n<h5 class=\"wp-block-heading\"><span class=\"ez-toc-section\" id=\"Organisation-2\"><\/span>Organiz\u00e1cia<span class=\"ez-toc-section-end\"><\/span><\/h5>\n\n\n\n<ul class=\"wp-block-list\">\n<li><strong>Mont\u00e1\u017ee:<\/strong> Bohoslu\u017eby sa konaj\u00fa v takzvan\u00fdch \"s\u00e1lach kr\u00e1\u013eovstva\" a s\u00fa charakteristick\u00e9 \u0161t\u00fadiom Biblie, k\u00e1z\u0148ami a spolo\u010dnou modlitbou.<\/li>\n\n\n\n<li><strong>Misia:<\/strong> \u00dastrednou \u010dinnos\u0165ou je podomov\u00e1 misia a distrib\u00facia \u010dasopisov \"Str\u00e1\u017ena ve\u017ea\" a \"Prebu\u010fte sa!\".<\/li>\n\n\n\n<li><strong>\u0160trukt\u00fara:<\/strong> Komunita je organizovan\u00e1 v pr\u00edsnej hierarchii, pri\u010dom najvy\u0161\u0161\u00edm org\u00e1nom je riadiaci org\u00e1n v New Yorku.<\/li>\n<\/ul>\n\n\n\n<h5 class=\"wp-block-heading\"><span class=\"ez-toc-section\" id=\"Verbreitung_und_Fokus\"><\/span>Distrib\u00facia a zameranie<span class=\"ez-toc-section-end\"><\/span><\/h5>\n\n\n\n<p>Str\u00e1nka <em>Svedkovia Jehovovi<\/em> m\u00e1 viac ako 8 mili\u00f3nov \u010dlenov na celom svete. Ve\u013ek\u00fd v\u00fdznam pripisuj\u00fa mor\u00e1lnemu \u017eivotu a komunite. Kritici kritizuj\u00fa pravidl\u00e1 ako izoluj\u00face, zatia\u013e \u010do \u010dlenovia si cenia oddanos\u0165 a siln\u00e9 zameranie na ot\u00e1zky viery.<\/p>\n\n\n\n<h4 class=\"wp-block-heading\"><span class=\"ez-toc-section\" id=\"BEFG_%E2%80%93_Bund_Evangelisch_Freikirchlicher_Gemeinden_Baptisten\"><\/span>BEFG - Feder\u00e1cia slobodn\u00fdch evanjelick\u00fdch cirkv\u00ed (baptistov)<span class=\"ez-toc-section-end\"><\/span><\/h4>\n\n\n\n<p>V <em>BEFG<\/em> sa spojilo viacero slobodn\u00fdch cirkv\u00ed, ktor\u00e9 v roku 2022 mali spolu 73 878 \u010dlenov.<\/p>\n\n\n\n<p>Str\u00e1nka <em>Baptisti<\/em> s\u00fa evanjelickou slobodnou cirkvou, ktor\u00e1 sa vyvinula z anabaptistick\u00e9ho hnutia v Anglicku v 17. storo\u010d\u00ed. Ich n\u00e1zov je odvoden\u00fd od gr\u00e9ckeho slova \"krsti\u0165\" a odkazuje na krst vierou, ktor\u00fd je \u00fastredn\u00fdm prvkom ich u\u010denia.<\/p>\n\n\n\n<h5 class=\"wp-block-heading\"><span class=\"ez-toc-section\" id=\"Glaubensmerkmale-3\"><\/span>Charakteristika viery<span class=\"ez-toc-section-end\"><\/span><\/h5>\n\n\n\n<ul class=\"wp-block-list\">\n<li><strong>Krst:<\/strong> Krst sa ude\u013euje v\u00fdlu\u010dne plnolet\u00fdm \u013eu\u010fom, ktor\u00ed vedome vyzn\u00e1vaj\u00fa svoju vieru (krst viery), a vykon\u00e1va sa \u00fapln\u00fdm ponoren\u00edm.<\/li>\n\n\n\n<li><strong>Biblick\u00e1 orient\u00e1cia:<\/strong> Biblia sa pova\u017euje za jedin\u00fd z\u00e1klad viery a najvy\u0161\u0161iu autoritu.<\/li>\n\n\n\n<li><strong>Sloboda viery:<\/strong> Ka\u017ed\u00fd \u010dlovek je zodpovedn\u00fd za svoju vieru bez n\u00e1tlaku alebo vplyvu \u0161t\u00e1tu.<\/li>\n\n\n\n<li><strong>K\u0148azstvo v\u0161etk\u00fdch veriacich:<\/strong> Neexistuje hierarchick\u00e9 k\u0148azstvo, v\u0161etci \u010dlenovia sa m\u00f4\u017eu akt\u00edvne z\u00fa\u010dast\u0148ova\u0165 na \u017eivote cirkvi.<\/li>\n<\/ul>\n\n\n\n<h5 class=\"wp-block-heading\"><span class=\"ez-toc-section\" id=\"Organisation-3\"><\/span>Organiz\u00e1cia<span class=\"ez-toc-section-end\"><\/span><\/h5>\n\n\n\n<ul class=\"wp-block-list\">\n<li><strong>Auton\u00f3mia obc\u00ed:<\/strong> Ka\u017ed\u00e1 kongreg\u00e1cia je nez\u00e1visl\u00e1 a samostatne rozhoduje o ot\u00e1zkach viery a spr\u00e1vy.<\/li>\n\n\n\n<li><strong>Cirkevn\u00e9 slu\u017eby:<\/strong> Ich s\u00fa\u010das\u0165ou s\u00fa k\u00e1zne, spolo\u010dn\u00e1 modlitba a spev, \u010dasto s modernou hudbou.<\/li>\n\n\n\n<li><strong>Misia:<\/strong> Baptisti sa anga\u017euj\u00fa v \u0161\u00edren\u00ed evanjelia, soci\u00e1lnej pr\u00e1ci a humanit\u00e1rnych projektoch.<\/li>\n<\/ul>\n\n\n\n<h5 class=\"wp-block-heading\"><span class=\"ez-toc-section\" id=\"Verbreitung_und_Fokus-2\"><\/span>Distrib\u00facia a zameranie<span class=\"ez-toc-section-end\"><\/span><\/h5>\n\n\n\n<p>Str\u00e1nka <em>Baptisti<\/em> s\u00fa roz\u0161\u00edren\u00e9 po celom svete a maj\u00fa pribli\u017ene 50 mili\u00f3nov \u010dlenov. Ve\u013ek\u00fd v\u00fdznam pripisuj\u00fa jednoduch\u00e9mu a akt\u00edvnemu \u017eivotu viery, ktor\u00fd je orientovan\u00fd na Bibliu. Ich d\u00f4raz na osobn\u00fa zodpovednos\u0165 a spolo\u010denstvo je oce\u0148ovan\u00fd, zatia\u013e \u010do ich d\u00f4razne biblick\u00fd postoj je niekedy kritizovan\u00fd.<\/p>\n\n\n\n<h4 class=\"wp-block-heading\"><span class=\"ez-toc-section\" id=\"BFP_%E2%80%93_Bund_Freikirchlicher_Pfingstgemeinden\"><\/span>BFP - Feder\u00e1cia slobodn\u00fdch letni\u010dn\u00fdch cirkv\u00ed<span class=\"ez-toc-section-end\"><\/span><\/h4>\n\n\n\n<p>Letni\u010dn\u00e9 cirkvi bud\u00fa ma\u0165 v roku 2022 64 800 \u010dlenov.<\/p>\n\n\n\n<p>Str\u00e1nka <em>Letni\u010diari<\/em> (tie\u017e <em>Pentekost\u00e1lne hnutie<\/em> s\u00fa kres\u0165anskou denomin\u00e1ciou, ktor\u00e1 vznikla z prebudeneck\u00fdch hnut\u00ed v USA na za\u010diatku 20. storo\u010dia. Ich n\u00e1zov odkazuje na biblick\u00fa udalos\u0165 Letn\u00edc, ke\u010f Je\u017ei\u0161ovi u\u010den\u00edci prijali Ducha Sv\u00e4t\u00e9ho.<\/p>\n\n\n\n<h5 class=\"wp-block-heading\"><span class=\"ez-toc-section\" id=\"Glaubensmerkmale-4\"><\/span>Charakteristika viery<span class=\"ez-toc-section-end\"><\/span><\/h5>\n\n\n\n<ul class=\"wp-block-list\">\n<li><strong>Duch Sv\u00e4t\u00fd:<\/strong> V centre je sk\u00fasenos\u0165 Ducha Sv\u00e4t\u00e9ho, ktor\u00e1 sa \u010dasto prejavuje duchovn\u00fdmi darmi, ako je hovorenie jazykmi, proroctvo a uzdravovanie.<\/li>\n\n\n\n<li><strong>Biblia:<\/strong> Biblia sa pova\u017euje za neomyln\u00e9 Bo\u017eie slovo a najvy\u0161\u0161iu autoritu.<\/li>\n\n\n\n<li><strong>Sp\u00e1sa:<\/strong> Viera v Je\u017ei\u0161a Krista, osobn\u00e9 pok\u00e1nie a posv\u00e4ten\u00fd \u017eivot s\u00fa rozhoduj\u00face pre sp\u00e1su.<\/li>\n\n\n\n<li><strong>Ch\u00e1panie krstu:<\/strong> Praktizuje sa krst vodou (zvy\u010dajne ponoren\u00edm), doplnen\u00fd krstom v Duchu, ktor\u00fd sa pova\u017euje za znak naplnenia Duchom Sv\u00e4t\u00fdm.<\/li>\n\n\n\n<li><strong>Hovorenie jazykmi:<\/strong> Hovorenie jazykmi, hovorenie cudz\u00edmi jazykmi sa pestuje a v niektor\u00fdch pr\u00edpadoch sa akt\u00edvne podporuje, pri\u010dom sa pova\u017euje za znak kvality viery doty\u010dnej osoby. T\u00e9mou je <a href=\"http:\/\/FA SE - \u00dcberzahlung GS ESt. 2022\" target=\"_blank\" rel=\"noreferrer noopener\">tu<\/a> podrobnej\u0161ie osvetli\u0165.<\/li>\n<\/ul>\n\n\n\n<h5 class=\"wp-block-heading\"><span class=\"ez-toc-section\" id=\"Organisation-4\"><\/span>Organiz\u00e1cia<span class=\"ez-toc-section-end\"><\/span><\/h5>\n\n\n\n<ul class=\"wp-block-list\">\n<li><strong>Cirkevn\u00e9 slu\u017eby:<\/strong> S\u00fa \u017eiv\u00e9 a emot\u00edvne, vyzna\u010duj\u00fa sa vo\u013enou modlitbou, chv\u00e1lami a \u010dasto spont\u00e1nnou \u00fa\u010das\u0165ou zhroma\u017edenia.<\/li>\n\n\n\n<li><strong>Misia:<\/strong> Evanjeliz\u00e1cia a misijn\u00e1 pr\u00e1ca maj\u00fa vysok\u00fa prioritu na miestnej i celosvetovej \u00farovni.<\/li>\n\n\n\n<li><strong>\u0160trukt\u00fara:<\/strong> Letni\u010dn\u00e9 cirkvi s\u00fa v\u00e4\u010d\u0161inou organizovan\u00e9 samostatne, hoci existuj\u00fa aj v\u00e4\u010d\u0161ie zdru\u017eenia, ako napr\u00edklad \"Assemblies of God\".<\/li>\n<\/ul>\n\n\n\n<h5 class=\"wp-block-heading\"><span class=\"ez-toc-section\" id=\"Verbreitung_und_Fokus-3\"><\/span>Distrib\u00facia a zameranie<span class=\"ez-toc-section-end\"><\/span><\/h5>\n\n\n\n<p>Letni\u010dn\u00e9 hnutie m\u00e1 na celom svete pribli\u017ene 600 mili\u00f3nov st\u00fapencov a je jedn\u00fdm z najr\u00fdchlej\u0161ie rast\u00facich kres\u0165ansk\u00fdch hnut\u00ed. Je cenen\u00e9 pre svoju dynamickos\u0165 a d\u00f4raz na osobn\u00e9 sk\u00fasenosti s Bohom, zatia\u013e \u010do niektor\u00ed kritizuj\u00fa jeho emocionalizmus a u\u010denie.<\/p>\n\n\n\n<h4 class=\"wp-block-heading\"><span class=\"ez-toc-section\" id=\"Mormonen_%E2%80%93_Kirche_Jesu_Christi_der_Heiligen_der_Letzten_Tage_HLT\"><\/span>Morm\u00f3ni - Cirkev Je\u017ei\u0161a Krista Sv\u00e4t\u00fdch neskor\u0161\u00edch dn\u00ed (LDS)<span class=\"ez-toc-section-end\"><\/span><\/h4>\n\n\n\n<p>V roku 2022 sa o\u010dak\u00e1va, \u017ee v Nemecku bude ma\u0165 organiz\u00e1cia 39 748 \u010dlenov.<\/p>\n\n\n\n<p>Str\u00e1nka <em>Morm\u00f3ni<\/em>ofici\u00e1lne ako <em>Cirkev Je\u017ei\u0161a Krista Sv\u00e4t\u00fdch neskor\u0161\u00edch dn\u00ed<\/em> (LDS) je kres\u0165ansk\u00e1 denomin\u00e1cia, ktor\u00fa zalo\u017eil Joseph Smith v USA v roku 1830. Pova\u017euj\u00fa sa za obnovu p\u00f4vodnej Cirkvi Je\u017ei\u0161a Krista.<\/p>\n\n\n\n<h5 class=\"wp-block-heading\"><span class=\"ez-toc-section\" id=\"Glaubensmerkmale-5\"><\/span>Charakteristika viery<span class=\"ez-toc-section-end\"><\/span><\/h5>\n\n\n\n<ul class=\"wp-block-list\">\n<li><strong>\u010eal\u0161ie p\u00edsma:<\/strong> Okrem Biblie <strong>Kniha Mormon<\/strong>ktor\u00e9 Smith prelo\u017eil ako Bo\u017eie zjavenie, sa uzn\u00e1va ako Sv\u00e4t\u00e9 p\u00edsmo. Vieru dop\u013a\u0148aj\u00fa aj \u010fal\u0161ie texty, ako napr\u00edklad \"Nauka a zmluvy\" a \"Perla ve\u013ekej ceny\".<\/li>\n\n\n\n<li><strong>Obraz Boha:<\/strong> Boh Otec, Je\u017ei\u0161 Kristus a Duch Sv\u00e4t\u00fd s\u00fa ch\u00e1pan\u00ed ako samostatn\u00e9 bytosti so spolo\u010dn\u00fdm cie\u013eom.<\/li>\n\n\n\n<li><strong>Zameran\u00e9 na rodinu:<\/strong> Rodina zohr\u00e1va \u00fastredn\u00fa \u00falohu a mnoh\u00e9 ritu\u00e1ly, ako napr\u00edklad \"pe\u010datenie\" na ve\u010dnos\u0165, zd\u00f4raz\u0148uj\u00fa jej v\u00fdznam.<\/li>\n\n\n\n<li><strong>Ve\u010dn\u00fd \u017eivot:<\/strong> Cie\u013eom je vr\u00e1ti\u0165 sa k Bohu a \u017ei\u0165 v jeho pr\u00edtomnosti. K tomu s\u00fa nevyhnutn\u00e9 dobr\u00e9 skutky, viera a poslu\u0161nos\u0165 prik\u00e1zaniam.<\/li>\n<\/ul>\n\n\n\n<h5 class=\"wp-block-heading\"><span class=\"ez-toc-section\" id=\"Organisation-5\"><\/span>Organiz\u00e1cia<span class=\"ez-toc-section-end\"><\/span><\/h5>\n\n\n\n<ul class=\"wp-block-list\">\n<li><strong>Misia:<\/strong> Mlad\u00ed \u010dlenovia s\u00fa povzbudzovan\u00ed, aby pracovali ako mision\u00e1ri 1-2 roky.<\/li>\n\n\n\n<li><strong>Chr\u00e1m:<\/strong> Okrem komunitn\u00fdch centier existuj\u00fa aj chr\u00e1my, ktor\u00e9 sa pou\u017e\u00edvaj\u00fa na \u0161peci\u00e1lne ritu\u00e1ly, ako je krst zosnul\u00fdch.<\/li>\n\n\n\n<li><strong>Hierarchia:<\/strong> Cirkev vedie predseda (prorok) a dvan\u00e1s\u0165 apo\u0161tolov.<\/li>\n<\/ul>\n\n\n\n<h5 class=\"wp-block-heading\"><span class=\"ez-toc-section\" id=\"Verbreitung_und_Fokus-4\"><\/span>Distrib\u00facia a zameranie<span class=\"ez-toc-section-end\"><\/span><\/h5>\n\n\n\n<p>S pribli\u017ene 17 mili\u00f3nmi \u010dlenov na celom svete <em>Morm\u00f3ni<\/em> roz\u0161\u00edren\u00e9 najm\u00e4 v USA. Vyzna\u010duj\u00fa sa silnou komunitou, soci\u00e1lnou anga\u017eovanos\u0165ou a mision\u00e1rskym z\u00e1palom, ale niekedy s\u00fa vn\u00edman\u00e9 kriticky kv\u00f4li dodato\u010dn\u00e9mu p\u00edsmu a \u0161pecifick\u00e9mu u\u010deniu.<\/p>\n\n\n\n<h4 class=\"wp-block-heading\"><span class=\"ez-toc-section\" id=\"Mennoniten\"><\/span>Mennoniti<span class=\"ez-toc-section-end\"><\/span><\/h4>\n\n\n\n<p>Str\u00e1nka <em>Mennoniti<\/em> je v roku 2022 uveden\u00fdch 38 739.<\/p>\n\n\n\n<p>Str\u00e1nka <em>Mennoniti<\/em> s\u00fa kres\u0165anskou denomin\u00e1ciou, ktor\u00e1 vznikla z anabaptistick\u00e9ho hnutia v 16. storo\u010d\u00ed a bola pomenovan\u00e1 pod\u013ea holandsk\u00e9ho reform\u00e1tora <em>Menno Simons<\/em> je pomenovan\u00fd pod\u013ea. S\u00fa jednou z najstar\u0161\u00edch slobodn\u00fdch cirkv\u00ed a zd\u00f4raz\u0148uj\u00fa jednoduch\u00fd sp\u00f4sob \u017eivota, nen\u00e1silie a nasledovanie Je\u017ei\u0161a.<\/p>\n\n\n\n<h5 class=\"wp-block-heading\"><span class=\"ez-toc-section\" id=\"Glaubensmerkmale-6\"><\/span>Charakteristika viery<span class=\"ez-toc-section-end\"><\/span><\/h5>\n\n\n\n<ul class=\"wp-block-list\">\n<li><strong>Krst:<\/strong> Krst sa ude\u013euje len veriacim dospel\u00fdm \u013eu\u010fom, ktor\u00ed vedome vyzn\u00e1vaj\u00fa svoju vieru.<\/li>\n\n\n\n<li><strong>Nasledovanie Je\u017ei\u0161a:<\/strong> Zameriava sa na praktick\u00e9 napodob\u0148ovanie Je\u017ei\u0161a v ka\u017edodennom \u017eivote, vr\u00e1tane l\u00e1sky k bl\u00ed\u017enemu, pokory a odpustenia.<\/li>\n\n\n\n<li><strong>Nen\u00e1silie:<\/strong> Mennoniti odmietaj\u00fa n\u00e1silie, vojensk\u00fa slu\u017ebu a \u010dasto aj politick\u00e9 funkcie a uprednost\u0148uj\u00fa rie\u0161enie konfliktov prostredn\u00edctvom mieru a zmierenia.<\/li>\n\n\n\n<li><strong>Spolo\u010denstvo:<\/strong> Viera sa pre\u017e\u00edva v \u00fazkom spolo\u010denstve so siln\u00fdm d\u00f4razom na vz\u00e1jomn\u00fa podporu.<\/li>\n<\/ul>\n\n\n\n<h5 class=\"wp-block-heading\"><span class=\"ez-toc-section\" id=\"Organisation-6\"><\/span>Organiz\u00e1cia<span class=\"ez-toc-section-end\"><\/span><\/h5>\n\n\n\n<ul class=\"wp-block-list\">\n<li><strong>Jednoduch\u00e9 bohoslu\u017eby:<\/strong> Charakterizuje ich \u010d\u00edtanie z Biblie, modlitba a \u010dasto aj spolo\u010dn\u00fd spev.<\/li>\n\n\n\n<li><strong>Auton\u00f3mia:<\/strong> Spolo\u010denstv\u00e1 s\u00fa zvy\u010dajne organizovan\u00e9 samostatne, hoci v z\u00e1vislosti od skupiny existuj\u00fa aj v\u00e4\u010d\u0161ie zdru\u017eenia.<\/li>\n\n\n\n<li><strong>Diaconia:<\/strong> Hlavn\u00fa \u00falohu zohr\u00e1va soci\u00e1lna pr\u00e1ca a humanit\u00e1rna pomoc, \u010dasto medzin\u00e1rodn\u00e1.<\/li>\n<\/ul>\n\n\n\n<h5 class=\"wp-block-heading\"><span class=\"ez-toc-section\" id=\"Verbreitung_und_Fokus-5\"><\/span>Distrib\u00facia a zameranie<span class=\"ez-toc-section-end\"><\/span><\/h5>\n\n\n\n<p>Str\u00e1nka <em>Mennoniti<\/em> maj\u00fa pribli\u017ene 2 mili\u00f3ny \u010dlenov na celom svete a s\u00fa roz\u0161\u00edren\u00e9 najm\u00e4 v Severnej a Ju\u017enej Amerike, Eur\u00f3pe a Afrike. Zatia\u013e \u010do tradi\u010dn\u00e9 skupiny, ako napr. <em>Amish<\/em> pr\u00edsne pravidl\u00e1 \u017eivota, mnoh\u00ed modern\u00ed \u013eudia s\u00fa <em>Mennoniti<\/em> otvoren\u00e9 soci\u00e1lnemu v\u00fdvoju. S\u00fa cenen\u00ed pre svoju mierumilovnos\u0165 a soci\u00e1lnu anga\u017eovanos\u0165.<\/p>\n\n\n\n<h4 class=\"wp-block-heading\"><span class=\"ez-toc-section\" id=\"Siebenten-Tags-Adventisten_STA\"><\/span>Adventisti siedmeho d\u0148a (STA)<span class=\"ez-toc-section-end\"><\/span><\/h4>\n\n\n\n<p>V roku 2022 maj\u00fa 32 411 \u010dlenov.<\/p>\n\n\n\n<p>Str\u00e1nka <em>Adventisti siedmeho d\u0148a<\/em> s\u00fa kres\u0165anskou denomin\u00e1ciou, ktor\u00e1 vznikla v USA v polovici 19. storo\u010dia. Po\u010d\u00edtali s datovan\u00fdm n\u00e1vratom Je\u017ei\u0161a Krista, ale po jeho neuskuto\u010dnen\u00ed sa museli tohto datovania vzda\u0165 a teraz sa obmedzuj\u00fa na pr\u00edsne dodr\u017eiavanie soboty (sobota) ako jedin\u00e9ho d\u0148a odpo\u010dinku.<br>Ellen G. Whiteov\u00e1 (1827-1915) bola spoluzakladate\u013ekou Cirkvi adventistov siedmeho d\u0148a a spisovate\u013ekou. Jej literat\u00fara je popri Biblii najd\u00f4le\u017eitej\u0161\u00edm a naj\u010dastej\u0161ie citovan\u00fdm pilierom Cirkvi SDA<\/p>\n\n\n\n<h5 class=\"wp-block-heading\"><span class=\"ez-toc-section\" id=\"Glaubensmerkmale-7\"><\/span>Charakteristika viery<span class=\"ez-toc-section-end\"><\/span><\/h5>\n\n\n\n<ul class=\"wp-block-list\">\n<li><strong>Misia:<\/strong> V sobotu popoludn\u00ed sa od \u010dlenov o\u010dak\u00e1va, \u017ee bud\u00fa chodi\u0165 od dver\u00ed k dver\u00e1m a prozelytizova\u0165. Evanjelisti na pln\u00fd \u00fav\u00e4zok chodia aj od domu k domu a pred\u00e1vaj\u00fa literat\u00faru Ellen G. Whiteovej, ako aj in\u00e9 spisy vydan\u00e9 vlastn\u00fdmi vydavate\u013estvami.<\/li>\n\n\n\n<li><strong>Krst:<\/strong> Krst sa ude\u013euje len veriacim dospel\u00fdm \u013eu\u010fom, ktor\u00ed vedome vyzn\u00e1vaj\u00fa svoju vieru.<\/li>\n\n\n\n<li><strong>Sabat:<\/strong> Siedmy de\u0148 v t\u00fd\u017edni (sobota) sa sl\u00e1vi ako sv\u00e4t\u00fd de\u0148 odpo\u010dinku, ako to prikazuje Desatoro. Za\u010diatok t\u00fd\u017ed\u0148a je teda nede\u013ea. Ak\u00e1ko\u013evek pr\u00e1ca, profesion\u00e1lna aj s\u00fakromn\u00e1, je pr\u00edsne zak\u00e1zan\u00e1.<\/li>\n\n\n\n<li><strong>N\u00e1vrat Krista:<\/strong> Bl\u00edzky Je\u017ei\u0161ov n\u00e1vrat je \u00fastrednou vierou a na\u010falej charakterizuje \u017eivot veriacich, hoci teraz u\u017e bez ur\u010den\u00e9ho d\u00e1tumu.<\/li>\n\n\n\n<li><strong>Biblick\u00e1 orient\u00e1cia:<\/strong> Biblia sa pova\u017euje za jedin\u00fd z\u00e1klad viery a in\u0161pirovan\u00e9 Bo\u017eie slovo.<\/li>\n\n\n\n<li><strong>Desiaty:<\/strong> Od \u010dlenov sa o\u010dak\u00e1va, \u017ee daruj\u00fa desiatok zo svojej hrubej mzdy.<\/li>\n\n\n\n<li><strong>Celostn\u00fd \u017eivotn\u00fd \u0161t\u00fdl:<\/strong> Zd\u00f4raz\u0148uje sa zdravie, vegetari\u00e1nska strava, abstinencia od tabaku, alkoholu a in\u00fdch stimulantov. Aj tu sa odkazuje na Ellen G. Whiteov\u00fa a jej literat\u00faru.<\/li>\n<\/ul>\n\n\n\n<h5 class=\"wp-block-heading\"><span class=\"ez-toc-section\" id=\"Organisation-7\"><\/span>Organiz\u00e1cia<span class=\"ez-toc-section-end\"><\/span><\/h5>\n\n\n\n<ul class=\"wp-block-list\">\n<li><strong>Cirkevn\u00e9 slu\u017eby:<\/strong> Konaj\u00fa sa v sobotu a zah\u0155\u0148aj\u00fa \u0161t\u00fadium Biblie, k\u00e1zanie a spolo\u010dn\u00fa modlitbu, ako aj pravideln\u00e9 um\u00fdvanie n\u00f4h.<\/li>\n\n\n\n<li><strong>Misia:<\/strong> \u00dastredn\u00fdmi aspektmi s\u00fa evanjeliz\u00e1cia a vzdel\u00e1vacia \u010dinnos\u0165, napr\u00edklad prostredn\u00edctvom \u0161k\u00f4l, nemocn\u00edc a humanit\u00e1rnych projektov.<\/li>\n\n\n\n<li><strong>\u0160trukt\u00fara:<\/strong> Cirkev je organizovan\u00e1 na medzin\u00e1rodnej \u00farovni a m\u00e1 demokratick\u00fa administrat\u00edvnu \u0161trukt\u00faru.<\/li>\n<\/ul>\n\n\n\n<h5 class=\"wp-block-heading\"><span class=\"ez-toc-section\" id=\"Verbreitung_und_Fokus-6\"><\/span><strong>Distrib\u00facia a zameranie<\/strong><span class=\"ez-toc-section-end\"><\/span><\/h5>\n\n\n\n<p>S viac ako 21 mili\u00f3nmi \u010dlenov na celom svete s\u00fa adventisti siedmeho d\u0148a akt\u00edvni na medzin\u00e1rodnej \u00farovni. S\u00fa zn\u00e1mi svojou anga\u017eovanos\u0165ou v oblasti podpory zdravia, vzdel\u00e1vania a humanit\u00e1rnej pomoci, \u010do ich odli\u0161uje od zvy\u0161ku spolo\u010dnosti. Kritici spochyb\u0148uj\u00fa ich apokalyptick\u00fd v\u00fdklad a pr\u00edsne pravidl\u00e1 \u017eivota.<\/p>\n\n\n\n<h4 class=\"wp-block-heading\"><span class=\"ez-toc-section\" id=\"SELK_%E2%80%93_Selbstandige_Evangelisch-Lutherische-Kirche\"><\/span>SELK - Nez\u00e1visl\u00e1 evanjelick\u00e1 luter\u00e1nska cirkev<span class=\"ez-toc-section-end\"><\/span><\/h4>\n\n\n\n<p>Str\u00e1nka <em>SELK<\/em> odhaduje po\u010det \u010dlenov na 31 584 v roku 2022.<\/p>\n\n\n\n<p>Str\u00e1nka <em>Nez\u00e1visl\u00e1 evanjelick\u00e1 luter\u00e1nska cirkev (SELK) <\/em>je konzervat\u00edvna slobodn\u00e1 luter\u00e1nska cirkev, ktor\u00e1 vznikla v Nemecku v roku 1972, aby sa odl\u00ed\u0161ila od Nemeckej evanjelickej cirkvi (DEK) a Evanjelickej cirkvi v Nemecku (EKD). Usiluje sa o zachovanie tradi\u010dn\u00e9ho luter\u00e1nskeho u\u010denia a praxe a zd\u00f4raz\u0148uje nemennos\u0165 biblick\u00fdch pr\u00e1vd.<\/p>\n\n\n\n<h5 class=\"wp-block-heading\"><span class=\"ez-toc-section\" id=\"Glaubensmerkmale-8\"><\/span>Charakteristika viery<span class=\"ez-toc-section-end\"><\/span><\/h5>\n\n\n\n<ul class=\"wp-block-list\">\n<li><strong>Z\u00e1kladn\u00e9 presved\u010denie:<\/strong> Str\u00e1nka <em>SELK<\/em> sa hl\u00e1si k z\u00e1kladn\u00fdm luter\u00e1nskym presved\u010deniam, ktor\u00e9 charakterizuje u\u010denie Martina Luthera, najm\u00e4 ospravedlnenie len z milosti a viery. Sv\u00e4t\u00e9 p\u00edsmo je jedin\u00fdm zdrojom kres\u0165ansk\u00e9ho u\u010denia a praxe.<\/li>\n\n\n\n<li><strong>Sviatosti:<\/strong> a sviatosti - krst a sv\u00e4t\u00e9 prij\u00edmanie - zohr\u00e1vaj\u00fa \u00fastredn\u00fa \u00falohu v \u017eivote viery. <\/li>\n\n\n\n<li><strong>Obraz Boha<\/strong>Obraz Boha v <em>SELK<\/em> je klasick\u00e9 kres\u0165ansk\u00e9 ch\u00e1panie Boha ako Trojice: Boh ako Otec, Syn (Je\u017ei\u0161 Kristus) a Duch Sv\u00e4t\u00fd. Boh je Stvorite\u013eom vesm\u00edru a Spasite\u013eom \u013eudstva prostredn\u00edctvom \u017eivota, smrti a zm\u0155tvychvstania Je\u017ei\u0161a Krista.<\/li>\n\n\n\n<li><strong>Krst<\/strong>Krst sa sl\u00e1vi v <em>SELK<\/em> ch\u00e1pe ako sviatos\u0165, ktor\u00e1 sp\u00e1ja veriaceho s Kristom a prij\u00edma ho do spolo\u010denstva Cirkvi. . <em>SELK<\/em> praktizuje krst det\u00ed aj krst dospel\u00fdch, pri\u010dom za rozhoduj\u00facu pre v\u00fdznam sviatosti pova\u017euje vieru rodi\u010dov a pokrsten\u00fdch.<\/li>\n<\/ul>\n\n\n\n<h5 class=\"wp-block-heading\"><span class=\"ez-toc-section\" id=\"Organisation-8\"><\/span>Organiz\u00e1cia<span class=\"ez-toc-section-end\"><\/span><\/h5>\n\n\n\n<ul class=\"wp-block-list\">\n<li><strong>Cirkevn\u00e9 slu\u017eby:<\/strong> Bohoslu\u017eby v kostole <em>SELK<\/em> s\u00fa liturgick\u00e9 a tradi\u010dne charakterizovan\u00e9. Maj\u00fa pevn\u00fa \u0161trukt\u00faru, ktor\u00e1 zah\u0155\u0148a ohlasovanie Bo\u017eieho slova, modlitbu a sl\u00e1venie sv\u00e4t\u00e9ho prij\u00edmania. Hlavn\u00fa \u00falohu zohr\u00e1va spev a liturgia a bohoslu\u017eby sa \u010dasto vyzna\u010duj\u00fa sl\u00e1vnostnou atmosf\u00e9rou. K\u00e1ze\u0148, ktor\u00e1 vych\u00e1dza z Biblie, je podstatnou s\u00fa\u010das\u0165ou ka\u017edej bohoslu\u017eby, rovnako ako spolo\u010dn\u00e1 modlitba a spev piesn\u00ed.<\/li>\n\n\n\n<li><strong>Misia:<\/strong> Misia zohr\u00e1va \u00fastredn\u00fa \u00falohu v <em>SELK<\/em>. Cirkev pova\u017euje za svoju \u00falohu ohlasova\u0165 evanjelium a vies\u0165 veriacich k \u017eivotu viery a posv\u00e4covania. . <em>SELK<\/em> sa anga\u017euje v miestnych aj medzin\u00e1rodn\u00fdch misi\u00e1ch a usiluje sa \u0161\u00edri\u0165 kres\u0165ansk\u00fa vieru v r\u00f4znych spolo\u010densk\u00fdch kontextoch.<\/li>\n\n\n\n<li><strong>\u0160trukt\u00fara:<\/strong> Str\u00e1nka <em>SELK<\/em> je hierarchicky usporiadan\u00e1, na \u010dele cirkvi stoj\u00ed biskup a synod\u00e1lna \u0161trukt\u00fara pozost\u00e1va z r\u00f4znych regi\u00f3nov a farnost\u00ed. <\/li>\n<\/ul>\n\n\n\n<h5 class=\"wp-block-heading\"><span class=\"ez-toc-section\" id=\"Verbreitung_und_Fokus-7\"><\/span>Distrib\u00facia a zameranie<span class=\"ez-toc-section-end\"><\/span><\/h5>\n\n\n\n<p><strong>Distrib\u00facia<\/strong>:<\/p>\n\n\n\n<p>Str\u00e1nka <em>SELK<\/em> p\u00f4sob\u00ed predov\u0161etk\u00fdm v Nemecku, ale m\u00e1 kongreg\u00e1cie aj v in\u00fdch krajin\u00e1ch, najm\u00e4 v Severnej Amerike a niektor\u00fdch eur\u00f3pskych krajin\u00e1ch. Cirkev neust\u00e1le rastie a usiluje sa o zachovanie luter\u00e1nskych trad\u00edci\u00ed a podporu \u017eiv\u00e9ho \u017eivota viery.<\/p>\n\n\n\n<h4 class=\"wp-block-heading\"><span class=\"ez-toc-section\" id=\"EmK_%E2%80%93_Evangelisch-methodistische_Kirche\"><\/span>EmK - Evanjelick\u00e1 cirkev metodistick\u00e1<span class=\"ez-toc-section-end\"><\/span><\/h4>\n\n\n\n<p>\u00dadaje, ktor\u00e9 s\u00fa v roku 2024 pomerne aktu\u00e1lne, uv\u00e1dzaj\u00fa 30 069 \u010dlenov.<\/p>\n\n\n\n<p>Metodisti s\u00fa kres\u0165anskou denomin\u00e1ciou, ktor\u00fa v 18. storo\u010d\u00ed zalo\u017eili v Anglicku John Wesley a jeho brat Charles Wesley. Hnutie zd\u00f4raz\u0148uje osobn\u00e9 posv\u00e4tenie, vieru v Je\u017ei\u0161a Krista a soci\u00e1lnu zodpovednos\u0165. Hlavn\u00fdm znakom metodistickej viery je my\u0161lienka, \u017ee v\u0161etci \u013eudia maj\u00fa slobodu rozhodn\u00fa\u0165 sa pre Boha. Spasenie sa dosahuje prostredn\u00edctvom viery a dobr\u00fdch skutkov a veriaci sa usiluj\u00fa o posv\u00e4ten\u00fd \u017eivot.<\/p>\n\n\n\n<h5 class=\"wp-block-heading\"><span class=\"ez-toc-section\" id=\"Glaubensmerkmale-9\"><\/span>Charakteristika viery<span class=\"ez-toc-section-end\"><\/span><\/h5>\n\n\n\n<ul class=\"wp-block-list\">\n<li><strong>Sp\u00e1sa skrze milos\u0165:<\/strong> Metodisti u\u010dia o spasen\u00ed len z milosti a zd\u00f4raz\u0148uj\u00fa d\u00f4le\u017eitos\u0165 osobnej viery a potrebu vies\u0165 sv\u00e4t\u00fd \u017eivot. Veria v Trojicu (Boh ako Otec, Syn a Duch Sv\u00e4t\u00fd) a v p\u00f4sobenie Ducha Sv\u00e4t\u00e9ho vo veriacich. D\u00f4raz sa kladie aj na d\u00f4le\u017eitos\u0165 Biblie ako z\u00e1kladu viery.<\/li>\n\n\n\n<li><strong>Obraz Boha<\/strong>Metodisti veria v osobn\u00e9ho Boha, ktor\u00fd je spravodliv\u00fd a miluj\u00faci. Zd\u00f4raz\u0148uj\u00fa d\u00f4le\u017eitos\u0165 osobn\u00e9ho vz\u0165ahu s Bohom a mo\u017enos\u0165 r\u00e1s\u0165 ako Kristov nasledovn\u00edk prostredn\u00edctvom Ducha Sv\u00e4t\u00e9ho.<\/li>\n\n\n\n<li><strong>Krst<\/strong>Metodisti praktizuj\u00fa krst det\u00ed aj dospel\u00fdch. Krst sa pova\u017euje za znak pr\u00edslu\u0161nosti ku kres\u0165ansk\u00e9mu spolo\u010denstvu a za symbolick\u00fd akt o\u010distenia od hriechu.<\/li>\n<\/ul>\n\n\n\n<h5 class=\"wp-block-heading\"><span class=\"ez-toc-section\" id=\"Organisation_und_Struktur\"><\/span>Organiz\u00e1cia a \u0161trukt\u00fara<span class=\"ez-toc-section-end\"><\/span><\/h5>\n\n\n\n<ul class=\"wp-block-list\">\n<li><strong>Bohoslu\u017eby a \u017eivot viery<\/strong>Metodistick\u00e9 bohoslu\u017eby sa vyzna\u010duj\u00fa spevom piesn\u00ed, modlitbou, k\u00e1zan\u00edm a sl\u00e1ven\u00edm prij\u00edmania. Veriaci pripisuj\u00fa ve\u013ek\u00fd v\u00fdznam osobnej zbo\u017enosti a akt\u00edvnemu \u017eivotu viery, ktor\u00fd je podporovan\u00fd pravideln\u00fdm \u0161t\u00fadiom Biblie, modlitbou a dobro\u010dinnos\u0165ou.<\/li>\n\n\n\n<li><strong>Misia<\/strong>Misia zohr\u00e1va v metodistickej cirkvi \u00fastredn\u00fa \u00falohu a jej \u010dlenovia s\u00fa akt\u00edvni v r\u00f4znych soci\u00e1lnych a charitat\u00edvnych projektoch, najm\u00e4 v oblasti vzdel\u00e1vania, zdravotnej starostlivosti a boja proti chudobe. D\u00f4le\u017eitou s\u00fa\u010das\u0165ou ich pr\u00e1ce je anga\u017eovanos\u0165 v oblasti soci\u00e1lnej spravodlivosti a zlep\u0161ovania \u017eivotn\u00fdch podmienok znev\u00fdhodnen\u00fdch \u013eud\u00ed.<\/li>\n\n\n\n<li><strong>\u0160trukt\u00fara:<\/strong> Metodistick\u00e1 cirkev m\u00e1 hierarchick\u00fa \u0161trukt\u00faru a zah\u0155\u0148a biskupov, pastorov a laick\u00e9 zbory. Cirkev je rozdelen\u00e1 do r\u00f4znych konferenci\u00ed, ktor\u00e9 zohr\u00e1vaj\u00fa d\u00f4le\u017eit\u00fa \u00falohu pri veden\u00ed a rozhodovan\u00ed. Celosvetov\u00fa organiz\u00e1ciu koordinuje \"Svetov\u00e9 metodistick\u00e9 spolo\u010denstvo\", ktor\u00e9 zah\u0155\u0148a mno\u017estvo n\u00e1rodn\u00fdch cirkv\u00ed.<\/li>\n<\/ul>\n\n\n\n<h5 class=\"wp-block-heading\"><span class=\"ez-toc-section\" id=\"Verbreitung_und_Fokus-8\"><\/span>Distrib\u00facia a zameranie<span class=\"ez-toc-section-end\"><\/span><\/h5>\n\n\n\n<p>Metodistick\u00e9 hnutie je roz\u0161\u00edren\u00e9 po celom svete, obzvl\u00e1\u0161\u0165 siln\u00e9 zast\u00fapenie m\u00e1 v USA, Afrike, \u00c1zii a Eur\u00f3pe. Z oblasti svojho vzniku vo Ve\u013ekej Brit\u00e1nii sa globalizovalo a v s\u00fa\u010dasnosti je jednou z najv\u00e4\u010d\u0161\u00edch protestantsk\u00fdch cirkv\u00ed.<\/p>\n\n\n\n<h4 class=\"wp-block-heading\"><span class=\"ez-toc-section\" id=\"Brudergemeinde\"><\/span>Cirkev bratsk\u00e1<span class=\"ez-toc-section-end\"><\/span><\/h4>\n\n\n\n<p>\u010co sa t\u00fdka po\u010dtu \u010dlenov, nie s\u00fa zn\u00e1me \u017eiadne ofici\u00e1lne \u00fadaje z bratsk\u00fdch cirkv\u00ed ani jednej z dvoch ni\u017e\u0161ie uveden\u00fdch orient\u00e1ci\u00ed. Nie je tie\u017e zn\u00e1me, pre ktor\u00e9 roky platia nasleduj\u00face \u00fadaje.<\/p>\n\n\n\n<h5 class=\"wp-block-heading\"><span class=\"ez-toc-section\" id=\"Geschlossene_Brudergemeinde\"><\/span>Uzavret\u00e9 bratstvo<span class=\"ez-toc-section-end\"><\/span><\/h5>\n\n\n\n<p>V\u0161eobecne dostupn\u00e9 zdroje uv\u00e1dzaj\u00fa pribli\u017ene 16 000 \u010dlenov.<\/p>\n\n\n\n<p>Str\u00e1nka <em>Uzavret\u00e9 bratstvo<\/em> vznikla za\u010diatkom 19. storo\u010dia ako radik\u00e1lny rozkol v r\u00e1mci pietistick\u00e9ho hnutia v Nemecku. Jeho vznik sa sp\u00e1ja predov\u0161etk\u00fdm s <em>Johann Gottfried van der Leyen<\/em> ktor\u00fd rozvinul my\u0161lienku pr\u00edsne uzavret\u00e9ho spolo\u010denstva veriacich, ktor\u00ed sa chceli oddeli\u0165 od sveta, aby viedli sv\u00e4t\u00fd \u017eivot. Toto hnutie sa usilovalo o \u010dist\u00fa formu viery, ktor\u00e1 sa di\u0161tancovala od vonkaj\u0161\u00edch vplyvov a cirkevn\u00fdch in\u0161tit\u00faci\u00ed. \u010clenovia sa zhroma\u017e\u010fovali v mal\u00fdch, od\u013eahl\u00fdch spolo\u010denstv\u00e1ch a praktizovali jednoduch\u00fd, disciplinovan\u00fd \u017eivot. Uzavret\u00e1 bratsk\u00e1 cirkev sa roz\u0161\u00edrila v Nemecku a nesk\u00f4r aj v in\u00fdch krajin\u00e1ch, ale zostala mal\u00fdm, pr\u00edsne orientovan\u00fdm n\u00e1bo\u017eensk\u00fdm spolo\u010denstvom.<\/p>\n\n\n\n<p>Str\u00e1nka <em>Uzavret\u00e9 bratstvo<\/em> je slobodn\u00e1 protestantsk\u00e1 cirkev, ktor\u00e1 vznikla v Nemecku v 19. storo\u010d\u00ed. Jej \u010dlenovia \u017eij\u00fa pod\u013ea z\u00e1sad pietizmu a pr\u00edsneho odl\u00fa\u010denia od sveta s cie\u013eom vies\u0165 sv\u00e4t\u00fd \u017eivot.<br>\u010clenovia maj\u00fa pr\u00edstup do in\u00fdch kongreg\u00e1ci\u00ed, ako je ich vlastn\u00e1, len s odpor\u00fa\u010dac\u00edm listom z ich vlastnej kongreg\u00e1cie.<\/p>\n\n\n\n<h5 class=\"wp-block-heading\"><span class=\"ez-toc-section\" id=\"Glaubensmerkmale-10\"><\/span>Charakteristika viery<span class=\"ez-toc-section-end\"><\/span><\/h5>\n\n\n\n<ul class=\"wp-block-list\">\n<li><strong>Obraz Boha<\/strong>V Cirkvi uzavret\u00fdch bratov sa Boh uctieva ako sv\u00e4t\u00fd, spravodliv\u00fd a milosrdn\u00fd Otec. Je\u017ei\u0161 Kristus je uzn\u00e1van\u00fd ako jedin\u00fd Spasite\u013e a cesta k spaseniu, zatia\u013e \u010do Duch Sv\u00e4t\u00fd zohr\u00e1va hlavn\u00fa \u00falohu ako pomocn\u00edk a sprievodca v \u017eivote veriacich. Spolo\u010denstvo \u017eije v presved\u010den\u00ed, \u017ee \u017eivot na zemi sl\u00fa\u017ei predov\u0161etk\u00fdm na pr\u00edpravu na ve\u010dn\u00fd \u017eivot v nebi.<\/li>\n\n\n\n<li><strong>Krst<\/strong>Cirkev uzavret\u00fdch bratov praktizuje krst veriacich, \u010do znamen\u00e1, \u017ee krstia sa len \u013eudia, ktor\u00ed sa vedome rozhodli veri\u0165. Krst sa vykon\u00e1va ponoren\u00edm a ch\u00e1pe sa ako symbolick\u00fd akt o\u010distenia od hriechov a prijatia do spolo\u010denstva veriacich.<\/li>\n\n\n\n<li><strong>Misia:<\/strong> Misia m\u00e1 v Cirkvi otvoren\u00fdch bratov vysok\u00fa prioritu. Veriaci sa sna\u017eia \u0161\u00edri\u0165 vieru vo svojom okol\u00ed, ako aj prostredn\u00edctvom medzin\u00e1rodnej misijnej \u010dinnosti. Okrem evanjeliz\u00e1cie zohr\u00e1va pri praktickom pre\u017e\u00edvan\u00ed kres\u0165anskej viery d\u00f4le\u017eit\u00fa \u00falohu aj pr\u00e1ca v soci\u00e1lnych a humanit\u00e1rnych projektoch.<\/li>\n<\/ul>\n\n\n\n<h5 class=\"wp-block-heading\"><span class=\"ez-toc-section\" id=\"Organisation_und_Struktur-2\"><\/span>Organiz\u00e1cia a \u0161trukt\u00fara<span class=\"ez-toc-section-end\"><\/span><\/h5>\n\n\n\n<ul class=\"wp-block-list\">\n<li><strong>Cirkevn\u00e9 slu\u017eby<\/strong>Bohoslu\u017eby s\u00fa jednoduch\u00e9 a s\u00fa zameran\u00e9 na Bo\u017eie slovo, modlitbu a spolo\u010denstvo veriacich. \u010casto sa konaj\u00fa v s\u00fakromn\u00fdch domoch farn\u00edkov, preto\u017ee bratsk\u00e9 spolo\u010denstvo nevyu\u017e\u00edva ve\u013ek\u00e9 cirkevn\u00e9 budovy. Bohoslu\u017eba je \u00fastrednou pr\u00edle\u017eitos\u0165ou na preh\u013abenie viery a pestovanie spolo\u010denstva. Spev, \u010d\u00edtanie z Biblie a modlitba s\u00fa z\u00e1kladn\u00fdmi zlo\u017ekami bohoslu\u017eby a bratsk\u00fd zbor m\u00e1 decentralizovan\u00fa \u0161trukt\u00faru, pri\u010dom ka\u017ed\u00fd zbor pracuje samostatne. Neexistuje \u017eiadna centr\u00e1lna cirkevn\u00e1 hierarchia ani nadriaden\u00fd org\u00e1n. Spolo\u010denstvo je sk\u00f4r organizovan\u00e9 veden\u00edm star\u0161\u00edch a bratov, ktor\u00ed s\u00fa zodpovedn\u00ed za duchovn\u00e9 vedenie a ka\u017edodenn\u00fd \u017eivot zboru.<\/li>\n\n\n\n<li><strong>\u017divot viery<\/strong>: Viera <em>Uzavret\u00e1 Cirkev bratsk\u00e1<\/em> vych\u00e1dza z Biblie a kladie ve\u013ek\u00fd d\u00f4raz na osobn\u00fa sp\u00e1su, posv\u00e4tenie a kres\u0165ansk\u00fd \u017eivot v s\u00falade s Bo\u017e\u00edmi prik\u00e1zaniami. \u010clenovia sa usiluj\u00fa o \u017eivot bez svetsk\u00fdch rozpt\u00fdlen\u00ed, ako s\u00fa dovolenky, alkohol alebo vo\u013eno\u010dasov\u00e9 aktivity, a sna\u017eia sa o etick\u00fd \u017eivot charakterizovan\u00fd modlitbou, \u0161t\u00fadiom Biblie a osobnou zbo\u017enos\u0165ou. Spolo\u010denstvo kladie d\u00f4raz na bl\u00edzky a osobn\u00fd vz\u0165ah s Bohom a na snahu o posv\u00e4tenie.<\/li>\n\n\n\n<li><strong>Misia<\/strong>Str\u00e1nka <em>Uzavret\u00e9 bratstvo<\/em> sa sna\u017e\u00ed \u0161\u00edri\u0165 svoju vieru a vies\u0165 ostatn\u00fdch k pok\u00e1niu a posv\u00e4teniu. D\u00f4le\u017eitou s\u00fa\u010das\u0165ou ich praxe s\u00fa misijn\u00e9 aktivity, ako napr\u00edklad evanjeliz\u00e1cia a soci\u00e1lne slu\u017eby, hoci sa zameriavaj\u00fa na \u00fazke spolo\u010denstv\u00e1 a osobn\u00e9 vz\u0165ahy. \u010clenovia \u017eij\u00fa ako pr\u00edklad kres\u0165anskej viery a sna\u017eia sa vyd\u00e1va\u0165 svedectvo o svojej viere vo svojom okol\u00ed.<\/li>\n<\/ul>\n\n\n\n<h5 class=\"wp-block-heading\"><span class=\"ez-toc-section\" id=\"Verbreitung_und_Fokus-9\"><\/span>Distrib\u00facia a zameranie<span class=\"ez-toc-section-end\"><\/span><\/h5>\n\n\n\n<p>Str\u00e1nka <em>Uzavret\u00e9 bratstvo<\/em> m\u00e1 p\u00f4vod v Nemecku, ale roz\u0161\u00edril sa aj do in\u00fdch kraj\u00edn, najm\u00e4 do Eur\u00f3py a Severnej Ameriky. Ich po\u010det \u010dlenov je st\u00e1le pomerne mal\u00fd, ale kongreg\u00e1cie s\u00fa v\u010faka pr\u00edsnemu \u017eivotn\u00e9mu \u0161t\u00fdlu a intenz\u00edvnemu spolo\u010denstvu ve\u013emi oddan\u00e9 a s\u00fadr\u017en\u00e9. S\u00fa zast\u00fapen\u00ed vo viacer\u00fdch krajin\u00e1ch a tvoria mal\u00e9, ale akt\u00edvne n\u00e1bo\u017eensk\u00e9 spolo\u010denstvo.<\/p>\n\n\n\n<h5 class=\"wp-block-heading\"><span class=\"ez-toc-section\" id=\"Offene_Brudergemeinde\"><\/span>Otvoren\u00e1 Cirkev bratsk\u00e1<span class=\"ez-toc-section-end\"><\/span><\/h5>\n\n\n\n<p>\u010clenovia <em>Otvoren\u00e9 bratsk\u00e9 zbory<\/em> sa odhaduje na pribli\u017ene 4 000.<\/p>\n\n\n\n<p>Str\u00e1nka <em>Otvoren\u00e1 Cirkev bratsk\u00e1<\/em> je evanjelick\u00e1 slobodn\u00e1 cirkev, ktor\u00e1 vznikla v 19. storo\u010d\u00ed z <em>Hnutie bratstva<\/em> ktor\u00e1 bola p\u00f4vodne charakterizovan\u00e1 ako \"uzavret\u00e1 bratsk\u00e1 cirkev\". Hlavn\u00fd rozdiel medzi t\u00fdmito dvoma skupinami spo\u010d\u00edva v otvorenosti a v\u00e4\u010d\u0161ej integr\u00e1cii <em>Otvoren\u00e1 Cirkev bratsk\u00e1<\/em> do spolo\u010dnosti. Zatia\u013e \u010do <em>Uzavret\u00e9 bratstvo<\/em> praktizoval striktn\u00e9 vymedzenie od sveta. <em>Otvoren\u00e1 Cirkev bratsk\u00e1<\/em> Veriaci s\u00fa viac orientovan\u00ed na akt\u00edvnu \u00fa\u010das\u0165 na spolo\u010denskom \u017eivote. Veriaci si cenia jednotu cirkvi a zd\u00f4raz\u0148uj\u00fa v\u00fdznam Biblie ako z\u00e1kladu viery.<\/p>\n\n\n\n<h5 class=\"wp-block-heading\"><span class=\"ez-toc-section\" id=\"Glaubensmerkmale-11\"><\/span><strong>Charakteristika viery<\/strong><span class=\"ez-toc-section-end\"><\/span><\/h5>\n\n\n\n<ul class=\"wp-block-list\">\n<li><strong>Obraz Boha:<\/strong> Str\u00e1nka <em>Otvoren\u00e1 Cirkev bratsk\u00e1<\/em> zachov\u00e1va klasick\u00e9 kres\u0165ansk\u00e9 ch\u00e1panie Boha ako Trojice (Boh Otec, Syn a Duch Sv\u00e4t\u00fd). Veriaci vn\u00edmaj\u00fa Boha ako Stvorite\u013ea a Vykupite\u013ea, ktor\u00e9ho v\u00f4\u013ea a prik\u00e1zania by mali ur\u010dova\u0165 \u017eivot \u013eud\u00ed.<\/li>\n\n\n\n<li><strong>Krst:<\/strong> Cirkev otvoren\u00fdch bratov praktizuje krst veriacich, \u010do znamen\u00e1, \u017ee krstia sa len dospel\u00ed alebo \u013eudia, ktor\u00ed vedome vyzn\u00e1vaj\u00fa svoju vieru. Krst je vonkaj\u0161\u00edm znakom pr\u00edslu\u0161nosti ku kres\u0165ansk\u00e9mu spolo\u010denstvu a symbolick\u00fdm aktom o\u010distenia od hriechov.<\/li>\n<\/ul>\n\n\n\n<h5 class=\"wp-block-heading\"><span class=\"ez-toc-section\" id=\"Organisation-9\"><\/span>Organiz\u00e1cia<span class=\"ez-toc-section-end\"><\/span><\/h5>\n\n\n\n<ul class=\"wp-block-list\">\n<li><strong>Cirkevn\u00e9 slu\u017eby<\/strong>: Bohoslu\u017eby v kostole <em>Otvoren\u00e1 Cirkev bratsk\u00e1<\/em> s\u00fa jednoduch\u00e9 a neliturgick\u00e9, bez pevn\u00fdch n\u00e1bo\u017eensk\u00fdch obradov alebo hierarchie. Zameriavaj\u00fa sa na \u0161t\u00fadium Biblie, spolo\u010dn\u00fa modlitbu a k\u00e1zanie. Spravidla nemaj\u00fa pevne stanoven\u00e9ho kazate\u013ea a zodpovednos\u0165 za organiz\u00e1ciu bohoslu\u017eby \u010dasto nes\u00fa laici. D\u00f4raz sa kladie na slobodn\u00e9 ohlasovanie Bo\u017eieho slova. Hranie \u00falohy.<\/li>\n\n\n\n<li><strong>\u017divot viery<\/strong>Kristova cirkev: je silne charakterizovan\u00e1 osobn\u00fdm vz\u0165ahom s Bohom a spolo\u010denstvom. \u010clenovia sa usiluj\u00fa o \u017eivot, ktor\u00fd je v s\u00falade s biblick\u00fdmi z\u00e1sadami. \u00dastredn\u00fdm prvkom \u017eivota viery je osobn\u00e9 \u010d\u00edtanie Biblie a pravideln\u00e1 modlitba, pri\u010dom \u0161t\u00fadium Biblie prebieha v s\u00fakrom\u00ed aj v spolo\u010denstve. \u017divot veriacich je zameran\u00fd na vyd\u00e1vanie svedectva o kres\u0165anskej viere skutkami, \u010do zah\u0155\u0148a charitu, soci\u00e1lnu zodpovednos\u0165 a etick\u00e9 spr\u00e1vanie vo v\u0161etk\u00fdch oblastiach \u017eivota.<br>\u010eal\u0161ou \u010drtou \u017eivota viery je posv\u00e4covanie - neust\u00e1ly duchovn\u00fd a mor\u00e1lny rozvoj jednotlivca, aby sa viac podobal Kristovi. \u010clenovia sa zav\u00e4zuj\u00fa podporova\u0165 spolo\u010denstvo a vz\u00e1jomn\u00fa podporu v r\u00e1mci zboru, ke\u010f\u017ee sa ch\u00e1pe ako duchovn\u00e1 rodina.<br>Okrem toho sa pestuje vedom\u00fd \u017eivot l\u00e1sky, ktor\u00fd sa prejavuje r\u00f4znymi soci\u00e1lnymi a misijn\u00fdmi aktivitami. \u010clenovia sa \u010dasto zap\u00e1jaj\u00fa do pomoci \u013eu\u010fom v n\u00fadzi a sna\u017eia sa \u017ei\u0165 svoju vieru praktick\u00fdm sp\u00f4sobom.<\/li>\n\n\n\n<li><strong>Misia:<\/strong> Misia m\u00e1 vysok\u00fa prioritu v <em>Otvoren\u00e1 Cirkev bratsk\u00e1<\/em>. Veriaci sa sna\u017eia \u0161\u00edri\u0165 vieru vo svojom okol\u00ed, ako aj prostredn\u00edctvom medzin\u00e1rodnej misijnej \u010dinnosti. Okrem evanjeliz\u00e1cie zohr\u00e1va pri praktickom pre\u017e\u00edvan\u00ed kres\u0165anskej viery \u00falohu aj pr\u00e1ca v soci\u00e1lnych a humanit\u00e1rnych projektoch.<\/li>\n\n\n\n<li><strong>\u0160trukt\u00fara: <\/strong><em>Otvoren\u00e1 cirkev bratsk\u00e1<\/em> sa vyzna\u010duje decentralizovanou \u0161trukt\u00farou. Neexistuje tu form\u00e1lne vedenie cirkvi ani hierarchia; zbory s\u00fa auton\u00f3mne a nez\u00e1visl\u00e9, pri\u010dom zodpovednos\u0165 za duchovn\u00e9 vedenie \u010dasto spo\u010d\u00edva na star\u0161\u00edch bratoch alebo na zborov\u00fdch zhroma\u017edeniach. Zbory s\u00fa navz\u00e1jom vo\u013ene prepojen\u00e9 a pravidelne si vymie\u0148aj\u00fa inform\u00e1cie, ale neexistuje centr\u00e1lna spr\u00e1va ani zastre\u0161uj\u00faca organiz\u00e1cia.<\/li>\n<\/ul>\n\n\n\n<h5 class=\"wp-block-heading\"><span class=\"ez-toc-section\" id=\"Verbreitung_und_Fokus-10\"><\/span>Distrib\u00facia a zameranie<span class=\"ez-toc-section-end\"><\/span><\/h5>\n\n\n\n<p>Cirkev otvoren\u00fdch bratov sa roz\u0161\u00edrila po celom svete, najm\u00e4 v Eur\u00f3pe, Severnej Amerike a Austr\u00e1lii. Je jednou z hlavn\u00fdch slobodn\u00fdch cirkv\u00ed a je zn\u00e1ma svojou nez\u00e1vislou \u0161trukt\u00farou a d\u00f4razom na osobn\u00fa zodpovednos\u0165 ka\u017ed\u00e9ho jednotlivca vo viere.<\/p>","protected":false},"excerpt":{"rendered":"<p><span class=\"span-reading-time rt-reading-time\" style=\"display: block;\"><span class=\"rt-label rt-prefix\">\u010cas \u010d\u00edtania<\/span> <span class=\"rt-time\"> 14<\/span> <span class=\"rt-label rt-postfix\">z\u00e1pisnice<\/span><\/span> Was ist eigentlich der Unterschied zwischen der Landeskirche oder Volkskirche und einer Freikirche? Nachfolgend werden sowohl die Volkskirchen, als auch Freikirchen n\u00e4her beschrieben und damit Unterschiede aufgezeigt. Volkskirche In Deutschland entschieden zu fr\u00fcheren Zeiten, 1555, anl\u00e4sslich des Augsburger Religionsfriedens, die Landesherren \u00fcber den Glauben, den ihre Untertanen anzunehmen hatten. Seit dem 18.&hellip;&nbsp;<a href=\"https:\/\/csiag.de\/sk\/blog\/2025\/01\/21\/unterschied-landeskirche-vs-freikirche\/\" rel=\"bookmark\">\u010c\u00edta\u0165 viac \"<span class=\"screen-reader-text\">Rozdiel - n\u00e1rodn\u00e1 cirkev vs. slobodn\u00e1 cirkev<\/span><\/a><\/p>","protected":false},"author":1,"featured_media":0,"comment_status":"open","ping_status":"open","sticky":false,"template":"","format":"standard","meta":{"_lmt_disableupdate":"","_lmt_disable":"","neve_meta_sidebar":"","neve_meta_container":"","neve_meta_enable_content_width":"","neve_meta_content_width":0,"neve_meta_title_alignment":"","neve_meta_author_avatar":"","neve_post_elements_order":"","neve_meta_disable_header":"","neve_meta_disable_footer":"","neve_meta_disable_title":"","footnotes":""},"categories":[4085],"tags":[],"class_list":["post-8969","post","type-post","status-publish","format-standard","hentry","category-themen-von-lesern-angeregt"],"modified_by":"Achim Goerner","_links":{"self":[{"href":"https:\/\/csiag.de\/sk\/wp-json\/wp\/v2\/posts\/8969","targetHints":{"allow":["GET"]}}],"collection":[{"href":"https:\/\/csiag.de\/sk\/wp-json\/wp\/v2\/posts"}],"about":[{"href":"https:\/\/csiag.de\/sk\/wp-json\/wp\/v2\/types\/post"}],"author":[{"embeddable":true,"href":"https:\/\/csiag.de\/sk\/wp-json\/wp\/v2\/users\/1"}],"replies":[{"embeddable":true,"href":"https:\/\/csiag.de\/sk\/wp-json\/wp\/v2\/comments?post=8969"}],"version-history":[{"count":0,"href":"https:\/\/csiag.de\/sk\/wp-json\/wp\/v2\/posts\/8969\/revisions"}],"wp:attachment":[{"href":"https:\/\/csiag.de\/sk\/wp-json\/wp\/v2\/media?parent=8969"}],"wp:term":[{"taxonomy":"category","embeddable":true,"href":"https:\/\/csiag.de\/sk\/wp-json\/wp\/v2\/categories?post=8969"},{"taxonomy":"post_tag","embeddable":true,"href":"https:\/\/csiag.de\/sk\/wp-json\/wp\/v2\/tags?post=8969"}],"curies":[{"name":"wp","href":"https:\/\/api.w.org\/{rel}","templated":true}]}}