{"id":9568,"date":"2025-03-12T15:37:39","date_gmt":"2025-03-12T15:37:39","guid":{"rendered":"https:\/\/csiag.de\/?p=9568"},"modified":"2025-10-26T16:58:08","modified_gmt":"2025-10-26T16:58:08","slug":"oleos-essenciais-porque-e-que-funcionam-2","status":"publish","type":"post","link":"https:\/\/csiag.de\/pt\/blog\/2025\/03\/12\/aetherische-oele-warum-wirken-sie\/","title":{"rendered":"\u00d3leos essenciais - porque \u00e9 que funcionam?"},"content":{"rendered":"<div id=\"ez-toc-container\" class=\"ez-toc-v2_0_82_2 counter-hierarchy ez-toc-counter ez-toc-grey ez-toc-container-direction\">\n<div class=\"ez-toc-title-container\">\n<p class=\"ez-toc-title\" style=\"cursor:inherit\">\u00cdndice<\/p>\n<span class=\"ez-toc-title-toggle\"><\/span><\/div>\n<nav><ul class='ez-toc-list ez-toc-list-level-1' ><li class='ez-toc-page-1 ez-toc-heading-level-2'><a class=\"ez-toc-link ez-toc-heading-1\" href=\"https:\/\/csiag.de\/pt\/blog\/2025\/03\/12\/aetherische-oele-warum-wirken-sie\/#Riechen_und_Schmecken\" >Cheiro e sabor<\/a><\/li><li class='ez-toc-page-1 ez-toc-heading-level-2'><a class=\"ez-toc-link ez-toc-heading-2\" href=\"https:\/\/csiag.de\/pt\/blog\/2025\/03\/12\/aetherische-oele-warum-wirken-sie\/#Wie_funktionieren_Schmerzrezeptoren\" >Como \u00e9 que os receptores da dor funcionam?<\/a><\/li><li class='ez-toc-page-1 ez-toc-heading-level-2'><a class=\"ez-toc-link ez-toc-heading-3\" href=\"https:\/\/csiag.de\/pt\/blog\/2025\/03\/12\/aetherische-oele-warum-wirken-sie\/#Welche_Rezeptoren_sind_relevant\" >Que receptores s\u00e3o relevantes?<\/a><\/li><li class='ez-toc-page-1 ez-toc-heading-level-2'><a class=\"ez-toc-link ez-toc-heading-4\" href=\"https:\/\/csiag.de\/pt\/blog\/2025\/03\/12\/aetherische-oele-warum-wirken-sie\/#Schmerz_bekampft_Schmerz\" >A dor combate a dor?<\/a><ul class='ez-toc-list-level-3' ><li class='ez-toc-heading-level-3'><a class=\"ez-toc-link ez-toc-heading-5\" href=\"https:\/\/csiag.de\/pt\/blog\/2025\/03\/12\/aetherische-oele-warum-wirken-sie\/#Chemische_Wirkung_auf_Duft-Rezeptoren\" >Efeito qu\u00edmico nos receptores (de odores)<\/a><\/li><\/ul><\/li><li class='ez-toc-page-1 ez-toc-heading-level-2'><a class=\"ez-toc-link ez-toc-heading-6\" href=\"https:\/\/csiag.de\/pt\/blog\/2025\/03\/12\/aetherische-oele-warum-wirken-sie\/#Riechrezeptoren_vs_Duftrezeptoren\" >Receptores olfactivos vs. receptores olfactivos<\/a><\/li><li class='ez-toc-page-1 ez-toc-heading-level-2'><a class=\"ez-toc-link ez-toc-heading-7\" href=\"https:\/\/csiag.de\/pt\/blog\/2025\/03\/12\/aetherische-oele-warum-wirken-sie\/#Die_Zelle\" >A c\u00e9lula<\/a><ul class='ez-toc-list-level-3' ><li class='ez-toc-heading-level-3'><a class=\"ez-toc-link ez-toc-heading-8\" href=\"https:\/\/csiag.de\/pt\/blog\/2025\/03\/12\/aetherische-oele-warum-wirken-sie\/#DNA_DNS\" >ADN (ADN)<\/a><\/li><li class='ez-toc-page-1 ez-toc-heading-level-3'><a class=\"ez-toc-link ez-toc-heading-9\" href=\"https:\/\/csiag.de\/pt\/blog\/2025\/03\/12\/aetherische-oele-warum-wirken-sie\/#mRNA\" >ARNm<\/a><ul class='ez-toc-list-level-4' ><li class='ez-toc-heading-level-4'><a class=\"ez-toc-link ez-toc-heading-10\" href=\"https:\/\/csiag.de\/pt\/blog\/2025\/03\/12\/aetherische-oele-warum-wirken-sie\/#Transkription\" >Transcri\u00e7\u00e3o<\/a><\/li><li class='ez-toc-page-1 ez-toc-heading-level-4'><a class=\"ez-toc-link ez-toc-heading-11\" href=\"https:\/\/csiag.de\/pt\/blog\/2025\/03\/12\/aetherische-oele-warum-wirken-sie\/#Translation\" >Tradu\u00e7\u00e3o<\/a><\/li><li class='ez-toc-page-1 ez-toc-heading-level-4'><a class=\"ez-toc-link ez-toc-heading-12\" href=\"https:\/\/csiag.de\/pt\/blog\/2025\/03\/12\/aetherische-oele-warum-wirken-sie\/#Exozytose_nur_fur_sekretierte_Proteine\" >Exocitose (apenas para prote\u00ednas segregadas)<\/a><\/li><\/ul><\/li><\/ul><\/li><li class='ez-toc-page-1 ez-toc-heading-level-2'><a class=\"ez-toc-link ez-toc-heading-13\" href=\"https:\/\/csiag.de\/pt\/blog\/2025\/03\/12\/aetherische-oele-warum-wirken-sie\/#Der_GABA-Rezeptor\" >O recetor GABA<\/a><\/li><li class='ez-toc-page-1 ez-toc-heading-level-2'><a class=\"ez-toc-link ez-toc-heading-14\" href=\"https:\/\/csiag.de\/pt\/blog\/2025\/03\/12\/aetherische-oele-warum-wirken-sie\/#Das_Protein_%E2%80%93_der_Duftrezeptor\" >A prote\u00edna - o recetor de odores<\/a><\/li><li class='ez-toc-page-1 ez-toc-heading-level-2'><a class=\"ez-toc-link ez-toc-heading-15\" href=\"https:\/\/csiag.de\/pt\/blog\/2025\/03\/12\/aetherische-oele-warum-wirken-sie\/#EIN_Tropfen\" >UMA gota<\/a><\/li><li class='ez-toc-page-1 ez-toc-heading-level-2'><a class=\"ez-toc-link ez-toc-heading-16\" href=\"https:\/\/csiag.de\/pt\/blog\/2025\/03\/12\/aetherische-oele-warum-wirken-sie\/#Gen_%E2%80%93_ein-_oder_ausgeschaltet\" >Gene - ligado ou desligado<\/a><\/li><li class='ez-toc-page-1 ez-toc-heading-level-2'><a class=\"ez-toc-link ez-toc-heading-17\" href=\"https:\/\/csiag.de\/pt\/blog\/2025\/03\/12\/aetherische-oele-warum-wirken-sie\/#Diagnostik_%E2%80%A6\" >Diagn\u00f3stico ...<\/a><\/li><li class='ez-toc-page-1 ez-toc-heading-level-2'><a class=\"ez-toc-link ez-toc-heading-18\" href=\"https:\/\/csiag.de\/pt\/blog\/2025\/03\/12\/aetherische-oele-warum-wirken-sie\/#%E2%80%A6_Therapie\" >... Terapia<\/a><\/li><li class='ez-toc-page-1 ez-toc-heading-level-2'><a class=\"ez-toc-link ez-toc-heading-19\" href=\"https:\/\/csiag.de\/pt\/blog\/2025\/03\/12\/aetherische-oele-warum-wirken-sie\/#Unterschied_%E2%80%93_Atherische_Ole_und_Hydrolate\" >Diferen\u00e7a - \u00f3leos essenciais e hidrolatos<\/a><\/li><li class='ez-toc-page-1 ez-toc-heading-level-2'><a class=\"ez-toc-link ez-toc-heading-20\" href=\"https:\/\/csiag.de\/pt\/blog\/2025\/03\/12\/aetherische-oele-warum-wirken-sie\/#Praxis-Beispiele\" >Exemplos pr\u00e1ticos<\/a><ul class='ez-toc-list-level-3' ><li class='ez-toc-heading-level-3'><a class=\"ez-toc-link ez-toc-heading-21\" href=\"https:\/\/csiag.de\/pt\/blog\/2025\/03\/12\/aetherische-oele-warum-wirken-sie\/#Wie_finden_Spermien_den_kurzesten_Weg_zur_Samenzelle\" >Como \u00e9 que os espermatoz\u00f3ides encontram o caminho mais curto para o espermatozoide?<\/a><\/li><li class='ez-toc-page-1 ez-toc-heading-level-3'><a class=\"ez-toc-link ez-toc-heading-22\" href=\"https:\/\/csiag.de\/pt\/blog\/2025\/03\/12\/aetherische-oele-warum-wirken-sie\/#Magen-Darm-Trakt\" >Trato gastrointestinal<\/a><\/li><li class='ez-toc-page-1 ez-toc-heading-level-3'><a class=\"ez-toc-link ez-toc-heading-23\" href=\"https:\/\/csiag.de\/pt\/blog\/2025\/03\/12\/aetherische-oele-warum-wirken-sie\/#Haut_und_Haare\" >Pele e cabelo<\/a><\/li><li class='ez-toc-page-1 ez-toc-heading-level-3'><a class=\"ez-toc-link ez-toc-heading-24\" href=\"https:\/\/csiag.de\/pt\/blog\/2025\/03\/12\/aetherische-oele-warum-wirken-sie\/#Herz\" >Cora\u00e7\u00e3o<\/a><\/li><li class='ez-toc-page-1 ez-toc-heading-level-3'><a class=\"ez-toc-link ez-toc-heading-25\" href=\"https:\/\/csiag.de\/pt\/blog\/2025\/03\/12\/aetherische-oele-warum-wirken-sie\/#Lunge\" >pulm\u00e3o<\/a><\/li><li class='ez-toc-page-1 ez-toc-heading-level-3'><a class=\"ez-toc-link ez-toc-heading-26\" href=\"https:\/\/csiag.de\/pt\/blog\/2025\/03\/12\/aetherische-oele-warum-wirken-sie\/#Prostata\" >pr\u00f3stata<\/a><\/li><li class='ez-toc-page-1 ez-toc-heading-level-3'><a class=\"ez-toc-link ez-toc-heading-27\" href=\"https:\/\/csiag.de\/pt\/blog\/2025\/03\/12\/aetherische-oele-warum-wirken-sie\/#Blase\" >Bolha<\/a><\/li><li class='ez-toc-page-1 ez-toc-heading-level-3'><a class=\"ez-toc-link ez-toc-heading-28\" href=\"https:\/\/csiag.de\/pt\/blog\/2025\/03\/12\/aetherische-oele-warum-wirken-sie\/#Kolon\" >C\u00f3lon<\/a><\/li><\/ul><\/li><li class='ez-toc-page-1 ez-toc-heading-level-2'><a class=\"ez-toc-link ez-toc-heading-29\" href=\"https:\/\/csiag.de\/pt\/blog\/2025\/03\/12\/aetherische-oele-warum-wirken-sie\/#Liste_aller_Olfaktorischen_Rezeptoren\" >Lista de todos os receptores olfactivos<\/a><\/li><li class='ez-toc-page-1 ez-toc-heading-level-2'><a class=\"ez-toc-link ez-toc-heading-30\" href=\"https:\/\/csiag.de\/pt\/blog\/2025\/03\/12\/aetherische-oele-warum-wirken-sie\/#Worauf_basiert_die_antibakterielle_antivirale_Wirkung\" >Em que se baseia o efeito antibacteriano \/ antiviral?<\/a><ul class='ez-toc-list-level-3' ><li class='ez-toc-heading-level-3'><a class=\"ez-toc-link ez-toc-heading-31\" href=\"https:\/\/csiag.de\/pt\/blog\/2025\/03\/12\/aetherische-oele-warum-wirken-sie\/#Bakterien\" >bact\u00e9rias<\/a><\/li><li class='ez-toc-page-1 ez-toc-heading-level-3'><a class=\"ez-toc-link ez-toc-heading-32\" href=\"https:\/\/csiag.de\/pt\/blog\/2025\/03\/12\/aetherische-oele-warum-wirken-sie\/#Viren\" >V\u00edrus<\/a><\/li><li class='ez-toc-page-1 ez-toc-heading-level-3'><a class=\"ez-toc-link ez-toc-heading-33\" href=\"https:\/\/csiag.de\/pt\/blog\/2025\/03\/12\/aetherische-oele-warum-wirken-sie\/#Wie_verstecken_sich_Viren\" >Como \u00e9 que os v\u00edrus se escondem?<\/a><\/li><li class='ez-toc-page-1 ez-toc-heading-level-3'><a class=\"ez-toc-link ez-toc-heading-34\" href=\"https:\/\/csiag.de\/pt\/blog\/2025\/03\/12\/aetherische-oele-warum-wirken-sie\/#Signalwege\" >Vias de sinaliza\u00e7\u00e3o<\/a><\/li><\/ul><\/li><li class='ez-toc-page-1 ez-toc-heading-level-2'><a class=\"ez-toc-link ez-toc-heading-35\" href=\"https:\/\/csiag.de\/pt\/blog\/2025\/03\/12\/aetherische-oele-warum-wirken-sie\/#Quellenangaben\" >Refer\u00eancias<\/a><\/li><\/ul><\/nav><\/div>\n<span class=\"span-reading-time rt-reading-time\" style=\"display: block;\"><span class=\"rt-label rt-prefix\">Tempo de leitura<\/span> <span class=\"rt-time\"> 12<\/span> <span class=\"rt-label rt-postfix\">minutos<\/span><\/span><div class=\"pdfprnt-buttons pdfprnt-buttons-post pdfprnt-top-right\"><a href=\"https:\/\/csiag.de\/pt\/wp-json\/wp\/v2\/posts\/9568?print=pdf\" class=\"pdfprnt-button pdfprnt-button-pdf\" target=\"_blank\" ><\/a><a href=\"https:\/\/csiag.de\/pt\/wp-json\/wp\/v2\/posts\/9568?print=print\" class=\"pdfprnt-button pdfprnt-button-print\" target=\"_blank\" ><img decoding=\"async\" src=\"https:\/\/csiag.de\/wp-content\/plugins\/pdf-print\/images\/print.png\" alt=\"imagem para impress\u00e3o\" title=\"Print Content\" \/><span class=\"pdfprnt-button-title pdfprnt-button-print-title\">Imprimir<\/span><\/a><\/div>\n<p>\u00d3leos essenciais, porque \u00e9 que funcionam? Esta pergunta justifica-se, e a resposta \u00e9 extremamente profunda e inesperadamente excitante.<\/p>\n\n\n\n<p>Cheiro - toda a gente est\u00e1 provavelmente familiarizada com as l\u00e2mpadas perfumadas, tais como as velas perfumadas, cuja fragr\u00e2ncia nem sempre \u00e9 sentida como agrad\u00e1vel, mas causa frequentemente dores de cabe\u00e7a, desconforto e at\u00e9 n\u00e1useas, especialmente com \u00f3leos de fragr\u00e2ncia sint\u00e9ticos.<\/p>\n\n\n\n<p>As fragr\u00e2ncias seduzem, n\u00e3o s\u00f3 sob a forma de um perfume de mulher, mas tamb\u00e9m no comboio, nos hot\u00e9is, nos grandes armaz\u00e9ns, etc., para colocar os clientes num estado de esp\u00edrito agrad\u00e1vel, incitando-os assim a fazer melhores avalia\u00e7\u00f5es ou a comprar produtos, difundindo-os atrav\u00e9s dos sistemas de ar condicionado dos locais.<\/p>\n\n\n\n<p>As fragr\u00e2ncias s\u00e3o utilizadas nos hospitais para reduzir a utiliza\u00e7\u00e3o de analg\u00e9sicos ou hipn\u00f3ticos, bem como nos cuidados paliativos para aliviar os doentes.<\/p>\n\n\n\n<p>A origem dos \u00f3leos essenciais est\u00e1 no sistema imunit\u00e1rio das plantas, que os utilizam para se protegerem de predadores, fungos, bact\u00e9rias e v\u00edrus, ou seja, t\u00eam um efeito antif\u00fangico, antibacteriano e antiviral. O \u00f3leo essencial de hortel\u00e3-pimenta, por exemplo, \u00e9 t\u00e3o forte que danificaria a pr\u00f3pria planta se n\u00e3o estivesse acondicionado em pequenas c\u00e1psulas nas folhas, que s\u00f3 libertam o seu ingrediente ativo quando tocadas.<\/p>\n\n\n\n<p>Embora essas aplica\u00e7\u00f5es sejam agora conhecidas e n\u00e3o fossem praticadas por empresas comerciais, em particular se n\u00e3o houvesse uma efici\u00eancia comprovada dessas medidas economicamente orientadas, permanece a quest\u00e3o: como \u00e9 que isso pode acontecer - qual \u00e9 a base para este efeito nos seres humanos?<\/p>\n\n\n\n<h2 class=\"wp-block-heading\"><span class=\"ez-toc-section\" id=\"Riechen_und_Schmecken\"><\/span>Cheiro e sabor<span class=\"ez-toc-section-end\"><\/span><\/h2>\n\n\n\n<p>Podemos \"cheirar\" algu\u00e9m ou n\u00e3o..., lembramo-nos de experi\u00eancias com a av\u00f3, se ela era simp\u00e1tica para n\u00f3s, de forma positiva, assim que nos apercebemos, por exemplo, do cheiro a alfazema, que ela usava nos sacos do roupeiro para se proteger das tra\u00e7as. No entanto, se a av\u00f3 era uma pessoa bastante desagrad\u00e1vel, vamos embora rapidamente assim que reparamos nesse cheiro, que agora percepcionamos como desagrad\u00e1vel.<\/p>\n\n\n\n<p>O nosso nariz nem sempre funciona como um \u00f3rg\u00e3o olfativo objetivo e \u00e9 influenciado na sua perce\u00e7\u00e3o dos aromas pelas nossas experi\u00eancias individuais.<br><br>Os receptores olfactivos apoiam as papilas gustativas na perce\u00e7\u00e3o do doce, do azedo, do salgado, do amargo e do salgado. O picante, por outro lado, n\u00e3o \u00e9 um gosto no verdadeiro sentido da palavra, mas um est\u00edmulo de dor que \u00e9 despoletado, por exemplo, pela malagueta e pela pimenta preta atrav\u00e9s dos seus componentes qu\u00edmicos. <em>Capsaicina<\/em> ou <em>Piperina<\/em> e causada pelo <em>Nervo trig\u00e9meo<\/em>-A dor \u00e9 transmitida do nervo facial para o c\u00e9rebro, onde \u00e9 definida como dor.<\/p>\n\n\n\n<p>O nervo trig\u00e9meo, que \u00e9 ativado por est\u00edmulos de dor, de temperatura ou quimiorreceptores, transmite os sinais de dor ao t\u00e1lamo, que os transmite a v\u00e1rias zonas do c\u00e9rebro, incluindo o c\u00f3rtex somatossensorial no lobo parietal (parte superior do cr\u00e2nio, situada acima do lobo occipital e atr\u00e1s do lobo frontal; respons\u00e1vel pela localiza\u00e7\u00e3o da dor e pela sua avalia\u00e7\u00e3o qualitativa, bem como pela perce\u00e7\u00e3o somatossensorial e pela coordena\u00e7\u00e3o m\u00e3o-olho).<\/p>\n\n\n\n<p>Assim, para combater a dor, poder-se-ia pensar em desligar o nervo trig\u00e9meo. No entanto, como o nervo processa n\u00e3o s\u00f3 a sensa\u00e7\u00e3o de dor, mas tamb\u00e9m o calor, o frio e os est\u00edmulos qu\u00edmicos, estas fun\u00e7\u00f5es deixariam de existir. N\u00e3o nos aperceber\u00edamos de uma queimadura ou de um congelamento, tal como n\u00e3o nos aperceber\u00edamos de uma queimadura qu\u00edmica. Talvez pr\u00e1tico, mas n\u00e3o sensato.<\/p>\n\n\n\n<h2 class=\"wp-block-heading\"><span class=\"ez-toc-section\" id=\"Wie_funktionieren_Schmerzrezeptoren\"><\/span>Como \u00e9 que os receptores da dor funcionam?<span class=\"ez-toc-section-end\"><\/span><\/h2>\n\n\n\n<p>Os receptores da dor est\u00e3o localizados nas c\u00e9lulas nervosas e cont\u00eam canais i\u00f3nicos (<em>TRP<\/em> - <em>Potencial de Recetor Transiente<\/em>), que s\u00e3o abertas e activadas pelos est\u00edmulos acima referidos.<\/p>\n\n\n\n<p>A c\u00e9lula, que normalmente est\u00e1 carregada negativamente em compara\u00e7\u00e3o com o seu meio envolvente e, portanto, em potencial de repouso, \u00e9 despolarizada por um influxo de i\u00f5es carregados positivamente e elevada ao seu potencial de a\u00e7\u00e3o.<\/p>\n\n\n\n<p>A ultrapassagem de um valor limite definido inicia um sinal que \u00e9 transmitido ao longo das fibras nervosas para o c\u00e9rebro como um est\u00edmulo de dor.<\/p>\n\n\n\n<h2 class=\"wp-block-heading\"><span class=\"ez-toc-section\" id=\"Welche_Rezeptoren_sind_relevant\"><\/span>Que receptores s\u00e3o relevantes?<span class=\"ez-toc-section-end\"><\/span><\/h2>\n\n\n\n<p><em>Trpa1<\/em>-Os receptores reagem ao frio e a subst\u00e2ncias qu\u00edmicas (<em>Eucaliptol, \u00f3leo de canela, \u00f3leo de gengibre, \u00f3leo de cravinho<\/em> (<em>Eugenol<\/em>)), mas tamb\u00e9m s\u00e3o activados por est\u00edmulos inflamat\u00f3rios ou danos nos tecidos e fazem com que o c\u00e9rebro sinalize a dor.<\/p>\n\n\n\n<p><em>Trpv1<\/em>-Os receptores reagem a temperaturas elevadas (combust\u00e3o) ou a est\u00edmulos qu\u00edmicos (<em>Timol<\/em>, <em>Capsaicina<\/em> - ABC), com o mesmo resultado.<\/p>\n\n\n\n<p>O <em>Trpm8<\/em>-por outro lado, \u00e9 ativado por est\u00edmulos de frio (&lt; 28 \u00b0C), mas tamb\u00e9m por subst\u00e2ncias qu\u00edmicas como <em>Mentol<\/em>que tamb\u00e9m aparece como um est\u00edmulo de dor.<\/p>\n\n\n\n<p>UM <em>Trpv4-<\/em>O recetor responde a temperaturas de 25 ... 35 \u00b0C, enquanto que <em>Trpv3<\/em> para a gama de 30 ... 40 \u00b0C, <em>Trpv1<\/em> abrange temperaturas &gt; 43 \u00b0C e <em>Trpv2<\/em> &gt; 52 \u00b0C.<\/p>\n\n\n\n<h2 class=\"wp-block-heading\"><span class=\"ez-toc-section\" id=\"Schmerz_bekampft_Schmerz\"><\/span>A dor combate a dor?<span class=\"ez-toc-section-end\"><\/span><\/h2>\n\n\n\n<p>O que parece absurdo \u00e0 primeira vista acaba por ser um facto na pr\u00e1tica. Mas como \u00e9 que isso \u00e9 poss\u00edvel?<\/p>\n\n\n\n<p>Por um lado, os receptores da dor acima mencionados desempenham uma fun\u00e7\u00e3o de aviso, alertando o corpo para temperaturas perigosas e transmitindo sensa\u00e7\u00f5es correspondentes que permitem \u00e0s pessoas tomar medidas preventivas.<br>Assim, retira-se rapidamente a m\u00e3o do fog\u00e3o quente ou de um l\u00edquido corrosivo, veste-se algo se estiver demasiado frio, sust\u00e9m-se espontaneamente a respira\u00e7\u00e3o na presen\u00e7a de gases com odor pungente. O corpo reage a um pepperoni ou a um chilli \"quente\" com uma sensa\u00e7\u00e3o de ardor, extremamente dolorosa, e com um aumento da produ\u00e7\u00e3o de saliva para se livrar do irritante o mais rapidamente poss\u00edvel, e assim por diante.<\/p>\n\n\n\n<p>Por outro lado, os est\u00edmulos de dor intensa provocam a liberta\u00e7\u00e3o de subst\u00e2ncias end\u00f3genas como <em>Endorfinas, encefalinas, serotonina <\/em>e<em> Prostaglandinas<\/em>at\u00e9 aos opi\u00e1ceos. Se esta liberta\u00e7\u00e3o n\u00e3o for interrompida porque o est\u00edmulo da dor ainda est\u00e1 presente, ocorrer\u00e3o reac\u00e7\u00f5es excessivas e prejudiciais.<\/p>\n\n\n\n<p>\u00c9 por isso que os receptores da dor se desligam ao fim de alguns minutos e deixam de poder ser estimulados durante algum tempo. Isto tamb\u00e9m interrompe a liberta\u00e7\u00e3o das respectivas subst\u00e2ncias.<\/p>\n\n\n\n<h3 class=\"wp-block-heading\"><span class=\"ez-toc-section\" id=\"Chemische_Wirkung_auf_Duft-Rezeptoren\"><\/span>Efeito qu\u00edmico nos receptores (de odores)<span class=\"ez-toc-section-end\"><\/span><\/h3>\n\n\n\n<p>O conhecido <em>Pensos ABC<\/em> \u00e9 conhecida pela sua sensa\u00e7\u00e3o de ardor. <em>Capsaicina<\/em> ativa o <em>Recetor Trpv1<\/em>. Isto transmite o sinal de dor induzida pelo calor ao c\u00e9rebro. Este, por sua vez, localiza a zona das \"costas doridas\" e provoca a dilata\u00e7\u00e3o dos vasos sangu\u00edneos para aumentar a irriga\u00e7\u00e3o sangu\u00ednea e, assim, dissipar o calor, uma vez que - supostamente - est\u00e1 \"quente\" nessa zona.<\/p>\n\n\n\n<p>O efeito terap\u00eautico pretendido do aumento da circula\u00e7\u00e3o sangu\u00ednea permite que os res\u00edduos presentes no m\u00fasculo endurecido e, por conseguinte, doloroso, sejam eliminados de forma mais eficaz e que o m\u00fasculo volte a relaxar. O efeito provocado pela <em>Capsaicina<\/em> A dor induzida desaparece ao fim de algum tempo, mas a sensa\u00e7\u00e3o de calor mant\u00e9m-se durante v\u00e1rias horas.<\/p>\n\n\n\n<p>O \"calor\" percepcionado pelo c\u00e9rebro resulta exclusivamente do <em>Capsaicina<\/em>-qu\u00edmica induzida <em>Est\u00edmulo do recetor<\/em>mas n\u00e3o do aquecimento f\u00edsico efetivo.<br>A perce\u00e7\u00e3o do \"aumento\" do calor por baixo do <em>Pensos ABC<\/em> \u00e9 apenas ligeiramente superior \u00e0 temperatura do pr\u00f3prio corpo. Isto deve-se ao facto de a vasodilata\u00e7\u00e3o aumentar o fluxo sangu\u00edneo e, por conseguinte, a zona da pele estar ligeiramente mais quente do que o tecido circundante, que \u00e9 menos intensamente irrigado com sangue.<\/p>\n\n\n\n<p>Outro ingrediente ativo, nomeadamente <em>Eugenol<\/em> O \u00f3leo de cravinho \u00e9 conhecido por alguns contempor\u00e2neos das visitas ao dentista por ocasi\u00e3o de dores de dentes insuport\u00e1veis - o nervo trig\u00e9meo envia as suas sauda\u00e7\u00f5es amig\u00e1veis ...<br><em>Eugenol<\/em> liga-se a <em>Trpm8<\/em>-bloqueando assim a transmiss\u00e3o dos est\u00edmulos dolorosos.<\/p>\n\n\n\n<p>Da mesma forma <em>Mentol<\/em> e <em>\u00d3leo de hortel\u00e3-pimenta<\/em> sobre <em>Recetor Trpm8<\/em>especialmente para a dor cr\u00f3nica, como <em>Trpm8<\/em> desliga-se ap\u00f3s cerca de 5 minutos e deixa de estar recetivo a novos est\u00edmulos de dor.<\/p>\n\n\n\n<p><em>Linalol<\/em> e <em>Acetato de linalilo<\/em>ambos os principais ingredientes activos do \u00f3leo de lavanda, s\u00e3o detect\u00e1veis no sangue ap\u00f3s uma massagem suave com \u00f3leo de lavanda ao fim de apenas 5 minutos (<a href=\"https:\/\/pmc.ncbi.nlm.nih.gov\/articles\/PMC7043716\/\" target=\"_blank\" rel=\"noopener\">fonte<\/a>), apenas 20 minutos mais tarde foram registados picos de concentra\u00e7\u00e3o de 121 ng\/ml <em>Linalol<\/em> e 100 ng\/ml <em>Acetato de linalilo<\/em> mensur\u00e1vel.<\/p>\n\n\n\n<p>Da mesma forma, a inala\u00e7\u00e3o de \u00f3leo essencial de alfazema atomizado por meio de um difusor produz concentra\u00e7\u00f5es id\u00eanticas \u00e0s da aplica\u00e7\u00e3o t\u00f3pica ap\u00f3s ingest\u00e3o percut\u00e2nea, como no caso acima.<\/p>\n\n\n\n<p>Ambas as subst\u00e2ncias activas t\u00eam efeitos sedativos, ansiol\u00edticos, relaxantes e analg\u00e9sicos, <em>Acetato de linalilo<\/em> efeito antimicrobiano adicional.<\/p>\n\n\n\n<h2 class=\"wp-block-heading\"><span class=\"ez-toc-section\" id=\"Riechrezeptoren_vs_Duftrezeptoren\"><\/span>Receptores olfactivos vs. receptores olfactivos<span class=\"ez-toc-section-end\"><\/span><\/h2>\n\n\n\n<p>Para al\u00e9m dos receptores olfactivos nasais, existem tamb\u00e9m receptores olfactivos (prote\u00ednas produzidas especificamente por uma c\u00e9lula). Estes est\u00e3o presentes em todos os \u00f3rg\u00e3os, mais frequentemente nos test\u00edculos (com cerca de 55 genes activos de um total de 138 dispon\u00edveis) e menos frequentemente no f\u00edgado (com apenas um gene de um total atual de 19).<\/p>\n\n\n\n<p>Uma vez que as mol\u00e9culas dos \u00f3leos essenciais s\u00e3o absorvidas por via percut\u00e2nea, inalat\u00f3ria ou interna (\u00f3leos em c\u00e1psulas) atrav\u00e9s do trato gastrointestinal e podem ser detectadas no sangue, ultrapassando mesmo a barreira hemato-encef\u00e1lica devido ao seu tamanho molecular, n\u00e3o \u00e9 surpreendente que o seu efeito se verifique tamb\u00e9m em todos os \u00f3rg\u00e3os do corpo.<\/p>\n\n\n\n<p>Mas como \u00e9 que isso funciona exatamente?<\/p>\n\n\n\n<h2 class=\"wp-block-heading\"><span class=\"ez-toc-section\" id=\"Die_Zelle\"><\/span>A c\u00e9lula<span class=\"ez-toc-section-end\"><\/span><\/h2>\n\n\n\n<p>Cada c\u00e9lula do corpo humano \u00e9 constitu\u00edda pelo n\u00facleo (<em>N\u00facleo<\/em>), que cont\u00e9m um conjunto completo de genes, para o conjunto <em>Citoplasma<\/em>no qual t\u00eam lugar todos os processos celulares, e o sistema abrangente e seletivamente semiperme\u00e1vel <em>Membrana celular<\/em>A membrana celular \u00e9 uma membrana recetora, atrav\u00e9s da qual as prote\u00ednas formadoras de canais permitem a troca de subst\u00e2ncias, e os receptores na membrana celular s\u00e3o utilizados para a comunica\u00e7\u00e3o intercelular.<\/p>\n\n\n\n<h3 class=\"wp-block-heading\"><span class=\"ez-toc-section\" id=\"DNA_DNS\"><\/span>ADN (ADN)<span class=\"ez-toc-section-end\"><\/span><\/h3>\n\n\n\n<p>O ADN (\u00e1cido desoxirribonucleico) <em>\u00c1cido desoxirribonucleico<\/em>) cont\u00e9m a informa\u00e7\u00e3o necess\u00e1ria para a estrutura, fun\u00e7\u00e3o e reprodu\u00e7\u00e3o de todas as c\u00e9lulas e organismos.<\/p>\n\n\n<div class=\"wp-block-image\">\n<figure class=\"aligncenter size-full is-resized\"><img decoding=\"async\" width=\"855\" height=\"215\" src=\"https:\/\/csiag.de\/wp-content\/uploads\/2025\/03\/image-2.png\" alt=\"\" class=\"wp-image-9608\" style=\"width:327px;height:auto\" srcset=\"https:\/\/csiag.de\/wp-content\/uploads\/2025\/03\/image-2.png 855w, https:\/\/csiag.de\/wp-content\/uploads\/2025\/03\/image-2-300x75.png 300w, https:\/\/csiag.de\/wp-content\/uploads\/2025\/03\/image-2-768x193.png 768w, https:\/\/csiag.de\/wp-content\/uploads\/2025\/03\/image-2-18x5.png 18w\" sizes=\"(max-width: 855px) 100vw, 855px\" \/><\/figure>\n<\/div>\n\n\n<p>Cerca de 98% dos genes est\u00e3o desactivados, apenas 20.000 ... 25.000 genes est\u00e3o activos e s\u00e3o utilizados para a s\u00edntese de prote\u00ednas.<\/p>\n\n\n\n<h3 class=\"wp-block-heading\"><span class=\"ez-toc-section\" id=\"mRNA\"><\/span>ARNm<span class=\"ez-toc-section-end\"><\/span><\/h3>\n\n\n\n<p>mRNA (<em>ARN mensageiro<\/em>) \u00e9 uma c\u00f3pia da cadeia de informa\u00e7\u00e3o contida no ADN para a produ\u00e7\u00e3o de prote\u00ednas, que por sua vez controlam as fun\u00e7\u00f5es do organismo.<\/p>\n\n\n\n<h4 class=\"wp-block-heading\"><span class=\"ez-toc-section\" id=\"Transkription\"><\/span>Transcri\u00e7\u00e3o<span class=\"ez-toc-section-end\"><\/span><\/h4>\n\n\n\n<p>Tal como o bambu, que apresenta espessamentos recorrentes no seu tronco, existe um in\u00edcio (<em>Promotor<\/em>) e um fim (<em>Sequ\u00eancia do terminador<\/em> - Este tamb\u00e9m actua como um interrutor que liga ou desliga o gene) da sequ\u00eancia gen\u00e9tica a ser lida e copiada.<\/p>\n\n\n\n<p>Para ter acesso \u00e0 sec\u00e7\u00e3o a copiar, a \"escada\" deve ser ligada \u00e0 sec\u00e7\u00e3o a copiar atrav\u00e9s do <em>Promotor<\/em> posi\u00e7\u00e3o marcada. Isto \u00e9 feito com a enzima <em>RNA polimerase<\/em>que tamb\u00e9m cria a c\u00f3pia. Se a enzima atingir o <em>Sequ\u00eancia do terminador<\/em>p\u00e1ra a c\u00f3pia.<\/p>\n\n\n<div class=\"wp-block-image\">\n<figure class=\"aligncenter size-full is-resized\"><img decoding=\"async\" width=\"855\" height=\"216\" src=\"https:\/\/csiag.de\/wp-content\/uploads\/2025\/03\/image-3.png\" alt=\"\" class=\"wp-image-9609\" style=\"width:329px;height:auto\" srcset=\"https:\/\/csiag.de\/wp-content\/uploads\/2025\/03\/image-3.png 855w, https:\/\/csiag.de\/wp-content\/uploads\/2025\/03\/image-3-300x76.png 300w, https:\/\/csiag.de\/wp-content\/uploads\/2025\/03\/image-3-768x194.png 768w, https:\/\/csiag.de\/wp-content\/uploads\/2025\/03\/image-3-18x5.png 18w\" sizes=\"(max-width: 855px) 100vw, 855px\" \/><\/figure>\n<\/div>\n\n\n<p>A mol\u00e9cula de ARNm resultante separa-se do ADN, a cadeia separada fecha-se novamente e o ARNm \u00e9 libertado do n\u00facleo da c\u00e9lula para o ambiente celular. <em>Citoplasma<\/em> canalizada para fora.<\/p>\n\n\n\n<h4 class=\"wp-block-heading\"><span class=\"ez-toc-section\" id=\"Translation\"><\/span>Tradu\u00e7\u00e3o<span class=\"ez-toc-section-end\"><\/span><\/h4>\n\n\n\n<p>O agora em <em>Citoplasma<\/em> O ARNm pode agora ser utilizado como modelo para a bioss\u00edntese de prote\u00ednas durante a <em>Tradu\u00e7\u00e3o<\/em> servir. A tradu\u00e7\u00e3o \"traduz\" para o <em>Ribossomas<\/em> a c\u00f3pia previamente produzida da informa\u00e7\u00e3o gen\u00e9tica do ARNm numa sequ\u00eancia funcional de amino\u00e1cidos que desenvolve o efeito pretendido no corpo como uma prote\u00edna.<\/p>\n\n\n<div class=\"wp-block-image\">\n<figure class=\"aligncenter size-large is-resized\"><img decoding=\"async\" width=\"803\" height=\"1024\" src=\"https:\/\/csiag.de\/wp-content\/uploads\/2025\/03\/image-5-803x1024.png\" alt=\"\" class=\"wp-image-9611\" style=\"width:333px;height:auto\" srcset=\"https:\/\/csiag.de\/wp-content\/uploads\/2025\/03\/image-5-803x1024.png 803w, https:\/\/csiag.de\/wp-content\/uploads\/2025\/03\/image-5-235x300.png 235w, https:\/\/csiag.de\/wp-content\/uploads\/2025\/03\/image-5-768x979.png 768w, https:\/\/csiag.de\/wp-content\/uploads\/2025\/03\/image-5-9x12.png 9w, https:\/\/csiag.de\/wp-content\/uploads\/2025\/03\/image-5.png 865w\" sizes=\"(max-width: 803px) 100vw, 803px\" \/><\/figure>\n<\/div>\n\n\n<h4 class=\"wp-block-heading\"><span class=\"ez-toc-section\" id=\"Exozytose_nur_fur_sekretierte_Proteine\"><\/span>Exocitose (apenas para prote\u00ednas segregadas)<span class=\"ez-toc-section-end\"><\/span><\/h4>\n\n\n\n<p>Assim, uma prote\u00edna que \u00e9 suposto atuar fora da c\u00e9lula, tal como <em>Horm\u00f4nios<\/em>, <em>Enzimas<\/em> ou <em>anticorpo<\/em>tem de ser transportado para fora da c\u00e9lula. Este processo \u00e9 conhecido como <em>Exocitose<\/em>.<br>A tarefa de transporte \u00e9 efectuada pelos chamados transportadores (especializados) <em>Ves\u00edculas<\/em>. O <em>Ves\u00edculas<\/em> funde-se com a membrana celular e liberta o seu conte\u00fado para o <em>Espa\u00e7o extracelular<\/em>.<\/p>\n\n\n\n<h2 class=\"wp-block-heading\"><span class=\"ez-toc-section\" id=\"Der_GABA-Rezeptor\"><\/span>O recetor GABA<span class=\"ez-toc-section-end\"><\/span><\/h2>\n\n\n\n<p>O recetor GABA (\u00e1cido gama-amino-but\u00edrico) \u00e9 o neurotransmissor inibit\u00f3rio funcional mais importante. Existe em duas variantes: GABA_A como um recetor de canal i\u00f3nico puro, de a\u00e7\u00e3o r\u00e1pida, e GABA_B como um recetor de <em>metabotr\u00f3pico<\/em> Recetor, mais lento mas de a\u00e7\u00e3o mais prolongada.<br>Os receptores metabotr\u00f3picos pertencem geralmente \u00e0 fam\u00edlia dos receptores acoplados \u00e0 prote\u00edna G (GPCR) e iniciam processos atrav\u00e9s de mensageiros secund\u00e1rios ou de vias de sinaliza\u00e7\u00e3o intracelular.<br>Quando um neurotransmissor ou outro sinal se liga a esse recetor, uma prote\u00edna G \u00e9 activada. Isto desencadeia uma cascata de outras reac\u00e7\u00f5es bioqu\u00edmicas que podem influenciar v\u00e1rios processos celulares, como a ativa\u00e7\u00e3o de enzimas ou a liberta\u00e7\u00e3o de mensageiros secund\u00e1rios, como o AMPc ou o IP3.<\/p>\n\n\n\n<p>\u00c9 o alvo de muitos medicamentos, mas tamb\u00e9m dos \u00f3leos essenciais, quando se trata de obter efeitos espasmol\u00edticos, ansiol\u00edticos ou, basicamente, de regular a excitabilidade das c\u00e9lulas nervosas.<\/p>\n\n\n\n<p>O efeito \u00e9 devido ao influxo de i\u00f5es cloreto com carga negativa. Como j\u00e1 foi referido, um potencial celular cada vez mais negativo leva a uma diminui\u00e7\u00e3o do potencial de a\u00e7\u00e3o. Este efeito \u00e9 refor\u00e7ado por subst\u00e2ncias que se ligam ao recetor GABA, o que resulta em efeitos calmantes, relaxantes e de al\u00edvio da ansiedade.<\/p>\n\n\n\n<h2 class=\"wp-block-heading\"><span class=\"ez-toc-section\" id=\"Das_Protein_%E2%80%93_der_Duftrezeptor\"><\/span>A prote\u00edna - o recetor de odores<span class=\"ez-toc-section-end\"><\/span><\/h2>\n\n\n\n<p>A prote\u00edna produzida pela tradu\u00e7\u00e3o funciona como um recetor de odores. Assim que uma mol\u00e9cula de odor se liga ao recetor, desencadeia o efeito espec\u00edfico atrav\u00e9s do sinal correspondente.<\/p>\n\n\n\n<p>Eis o processo descrito acima como um gr\u00e1fico na \u00edntegra:<\/p>\n\n\n\n<figure class=\"wp-block-image size-large\"><img decoding=\"async\" width=\"1024\" height=\"979\" src=\"https:\/\/csiag.de\/wp-content\/uploads\/2025\/03\/image-1-1024x979.png\" alt=\"\" class=\"wp-image-9606\" srcset=\"https:\/\/csiag.de\/wp-content\/uploads\/2025\/03\/image-1-1024x979.png 1024w, https:\/\/csiag.de\/wp-content\/uploads\/2025\/03\/image-1-300x287.png 300w, https:\/\/csiag.de\/wp-content\/uploads\/2025\/03\/image-1-768x734.png 768w, https:\/\/csiag.de\/wp-content\/uploads\/2025\/03\/image-1-1536x1468.png 1536w, https:\/\/csiag.de\/wp-content\/uploads\/2025\/03\/image-1-2048x1958.png 2048w, https:\/\/csiag.de\/wp-content\/uploads\/2025\/03\/image-1-13x12.png 13w\" sizes=\"(max-width: 1024px) 100vw, 1024px\" \/><\/figure>\n\n\n\n<p>E como \u00e9 que a mol\u00e9cula da fragr\u00e2ncia encontra o recetor da fragr\u00e2ncia quando o corpo humano \u00e9 constitu\u00eddo por cerca de 37,2 trili\u00f5es(!) de c\u00e9lulas - 37.200.000.000.000.000.000 de c\u00e9lulas quando escrito como um n\u00famero decimal? Que quantidade de \u00f3leo essencial \u00e9 efetivamente necess\u00e1ria para que cada c\u00e9lula tenha apenas uma \u00fanica mol\u00e9cula de \u00f3leo essencial dispon\u00edvel?<\/p>\n\n\n\n<h2 class=\"wp-block-heading\"><span class=\"ez-toc-section\" id=\"EIN_Tropfen\"><\/span>UMA gota<span class=\"ez-toc-section-end\"><\/span><\/h2>\n\n\n\n<p>Uma \u00fanica gota de \u00f3leo de toranja cont\u00e9m 226,92 trili\u00f5es de mol\u00e9culas de \u00f3leo. Divididas entre as cerca de 37,2 trili\u00f5es de c\u00e9lulas do corpo (dependendo do peso e do tamanho), existem 6,1 milh\u00f5es de mol\u00e9culas de \u00f3leo por c\u00e9lula!<br>Isto significa que nenhuma c\u00e9lula do corpo precisa de recear ser ignorada pelas mol\u00e9culas de uma \u00fanica gota de \u00f3leo essencial.<\/p>\n\n\n\n<p>Deve ser agora claro que os \u00f3leos essenciais podem chegar a todos os \u00f3rg\u00e3os do corpo e, por conseguinte, influenciar o seu funcionamento.<\/p>\n\n\n\n<h2 class=\"wp-block-heading\"><span class=\"ez-toc-section\" id=\"Gen_%E2%80%93_ein-_oder_ausgeschaltet\"><\/span>Gene - ligado ou desligado<span class=\"ez-toc-section-end\"><\/span><\/h2>\n\n\n\n<p>Se forem analisadas amostras de tecido de \u00f3rg\u00e3os humanos, verifica-se que os genes dos receptores de odores est\u00e3o ligados e desligados nos receptores de odores. Dependendo dos genes que s\u00e3o activados ou desactivados, \u00e9 poss\u00edvel determinar qual o \u00f3rg\u00e3o envolvido. Isto significa que cada c\u00e9lula do mesmo \u00f3rg\u00e3o tem os mesmos genes activados ou desactivados.<\/p>\n\n\n\n<p>O n\u00famero de genes activados no tecido permite tirar conclus\u00f5es sobre o estado de sa\u00fade do tecido. Em compara\u00e7\u00e3o com o tecido doente, o tecido saud\u00e1vel tem relativamente poucos genes activados e apenas durante intervalos de tempo muito curtos (marca\u00e7\u00e3o de cor mais p\u00e1lida, ver figura abaixo).<\/p>\n\n\n\n<p>Um gene recetor de odores ligado representa uma produ\u00e7\u00e3o cont\u00ednua de prote\u00ednas. Quanto mais tempo estiver ligado, mais prote\u00ednas s\u00e3o expressas.<\/p>\n\n\n\n<h2 class=\"wp-block-heading\"><span class=\"ez-toc-section\" id=\"Diagnostik_%E2%80%A6\"><\/span>Diagn\u00f3stico ...<span class=\"ez-toc-section-end\"><\/span><\/h2>\n\n\n\n<p>Se um n\u00famero significativamente maior de receptores de cheiro estiver ligado, e possivelmente durante um per\u00edodo de tempo mais longo (marca\u00e7\u00e3o de cor mais escura) do que o habitual, isso indica doen\u00e7as dos tecidos ou atividade tumoral, como se mostra aqui como exemplo em 21 amostras de tecido de um <a href=\"https:\/\/pmc.ncbi.nlm.nih.gov\/articles\/PMC5818398\/\" target=\"_blank\" rel=\"noreferrer noopener\">carcinoma da mama<\/a> em compara\u00e7\u00e3o com 7 amostras saud\u00e1veis.<\/p>\n\n\n<div class=\"wp-block-image\">\n<figure class=\"aligncenter size-large\"><img decoding=\"async\" width=\"1024\" height=\"654\" src=\"https:\/\/csiag.de\/wp-content\/uploads\/2025\/03\/image-6-1024x654.png\" alt=\"\" class=\"wp-image-9621\" srcset=\"https:\/\/csiag.de\/wp-content\/uploads\/2025\/03\/image-6-1024x654.png 1024w, https:\/\/csiag.de\/wp-content\/uploads\/2025\/03\/image-6-300x192.png 300w, https:\/\/csiag.de\/wp-content\/uploads\/2025\/03\/image-6-768x491.png 768w, https:\/\/csiag.de\/wp-content\/uploads\/2025\/03\/image-6-1536x981.png 1536w, https:\/\/csiag.de\/wp-content\/uploads\/2025\/03\/image-6-2048x1308.png 2048w, https:\/\/csiag.de\/wp-content\/uploads\/2025\/03\/image-6-18x12.png 18w\" sizes=\"(max-width: 1024px) 100vw, 1024px\" \/><figcaption class=\"wp-element-caption\">Distribui\u00e7\u00e3o da frequ\u00eancia de 26 receptores de odores em 21 tecidos de cancro da mama em compara\u00e7\u00e3o com tecidos saud\u00e1veis<\/figcaption><\/figure>\n<\/div>\n\n<div class=\"wp-block-image\">\n<figure class=\"aligncenter size-large\"><img decoding=\"async\" width=\"1024\" height=\"77\" src=\"https:\/\/csiag.de\/wp-content\/uploads\/2025\/03\/image-7-1024x77.png\" alt=\"\" class=\"wp-image-9622\" srcset=\"https:\/\/csiag.de\/wp-content\/uploads\/2025\/03\/image-7-1024x77.png 1024w, https:\/\/csiag.de\/wp-content\/uploads\/2025\/03\/image-7-300x23.png 300w, https:\/\/csiag.de\/wp-content\/uploads\/2025\/03\/image-7-768x58.png 768w, https:\/\/csiag.de\/wp-content\/uploads\/2025\/03\/image-7-1536x116.png 1536w, https:\/\/csiag.de\/wp-content\/uploads\/2025\/03\/image-7-18x1.png 18w, https:\/\/csiag.de\/wp-content\/uploads\/2025\/03\/image-7.png 1622w\" sizes=\"(max-width: 1024px) 100vw, 1024px\" \/><figcaption class=\"wp-element-caption\">FPKM (Fragmentos por quilobase de transcri\u00e7\u00e3o por milh\u00e3o de leituras mapeadas) <\/figcaption><\/figure>\n<\/div>\n\n\n<p><em><a href=\"https:\/\/docs.gdc.cancer.gov\/Encyclopedia\/pages\/FPKM\/\" target=\"_blank\" rel=\"noreferrer noopener\">FPKM<\/a><\/em> \u00e9 uma m\u00e9trica para quantificar a express\u00e3o de genes. Trata-se de uma medida normalizada que permite comparar a express\u00e3o de genes entre diferentes amostras ou condi\u00e7\u00f5es.<\/p>\n\n\n\n<p>Um marcador \u00e9 uma subst\u00e2ncia que s\u00f3 ocorre em concentra\u00e7\u00f5es elevadas ou que s\u00f3 est\u00e1 presente quando o tecido est\u00e1 doente ou afetado por um tumor.<\/p>\n\n\n\n<h2 class=\"wp-block-heading\"><span class=\"ez-toc-section\" id=\"%E2%80%A6_Therapie\"><\/span>... Terapia<span class=\"ez-toc-section-end\"><\/span><\/h2>\n\n\n\n<p>O Prof. Dr. Dr. med. habil. Hanns Hatt (Ruhr University Bochum (RUB)) trabalha h\u00e1 d\u00e9cadas no dom\u00ednio da fisiologia sensorial molecular e celular, da investiga\u00e7\u00e3o do odor e do sabor, \u00e9 autor, d\u00e1 palestras e publica os resultados da sua investiga\u00e7\u00e3o, tais como \"<a href=\"https:\/\/journals.physiology.org\/doi\/full\/10.1152\/physrev.00013.2017?rfr_dat=cr_pub++0pubmed&amp;url_ver=Z39.88-2003&amp;rfr_id=ori%3Arid%3Acrossref.org\" target=\"_blank\" rel=\"noreferrer noopener\">Receptores de odores humanos: Novas fun\u00e7\u00f5es celulares fora do nariz<\/a>\u201e.<\/p>\n\n\n<div class=\"wp-block-image\">\n<figure class=\"aligncenter size-large is-resized\"><img decoding=\"async\" width=\"595\" height=\"1024\" src=\"https:\/\/csiag.de\/wp-content\/uploads\/2025\/03\/Mensch_Hatt-595x1024.png\" alt=\"\" class=\"wp-image-9638\" style=\"width:415px;height:auto\" srcset=\"https:\/\/csiag.de\/wp-content\/uploads\/2025\/03\/Mensch_Hatt-595x1024.png 595w, https:\/\/csiag.de\/wp-content\/uploads\/2025\/03\/Mensch_Hatt-174x300.png 174w, https:\/\/csiag.de\/wp-content\/uploads\/2025\/03\/Mensch_Hatt-768x1321.png 768w, https:\/\/csiag.de\/wp-content\/uploads\/2025\/03\/Mensch_Hatt-7x12.png 7w, https:\/\/csiag.de\/wp-content\/uploads\/2025\/03\/Mensch_Hatt.png 800w\" sizes=\"(max-width: 595px) 100vw, 595px\" \/><figcaption class=\"wp-element-caption\">Tecidos humanos e linhas celulares correspondentes em que foi demonstrada a funcionalidade dos receptores de odores.<\/figcaption><\/figure>\n<\/div>\n\n\n<p>A ilustra\u00e7\u00e3o acima foi retirada do documento acima referido e mostra, para al\u00e9m de muitos outros resultados de investiga\u00e7\u00e3o e publica\u00e7\u00f5es (ver refer\u00eancias), que os \u00f3leos essenciais podem ser utilizados eficazmente no diagn\u00f3stico e na terapia gra\u00e7as \u00e0 exist\u00eancia e atividade comprovadas dos receptores olfactivos (OR) localizados nestes tecidos.<\/p>\n\n\n\n<h2 class=\"wp-block-heading\"><span class=\"ez-toc-section\" id=\"Unterschied_%E2%80%93_Atherische_Ole_und_Hydrolate\"><\/span>Diferen\u00e7a - \u00f3leos essenciais e hidrolatos<span class=\"ez-toc-section-end\"><\/span><\/h2>\n\n\n\n<p>Os hidrolatos s\u00e3o um subproduto da destila\u00e7\u00e3o de vapor de \u00e1gua para obter \u00f3leos essenciais. Embora os \u00f3leos essenciais N\u00c3O sejam sol\u00faveis em \u00e1gua, mas sim em gordura (<em>lipof\u00edlico<\/em>), os hidrolatos s\u00e3o subst\u00e2ncias sol\u00faveis em \u00e1gua (<em>hidrof\u00edlico<\/em>) Ingredientes.<\/p>\n\n\n\n<p>Os hidrolatos podem ser aplicados sem dilui\u00e7\u00e3o na pele e t\u00eam uma fragr\u00e2ncia suave mas igualmente vol\u00e1til.<\/p>\n\n\n\n<p>O seu efeito \u00e9 basicamente semelhante ao dos \u00f3leos essenciais (em menor grau), por exemplo, anti-inflamat\u00f3rio, antiss\u00e9tico, refrescante, antitranspirante, expetorante, calmante.<\/p>\n\n\n\n<h2 class=\"wp-block-heading\"><span class=\"ez-toc-section\" id=\"Praxis-Beispiele\"><\/span>Exemplos pr\u00e1ticos<span class=\"ez-toc-section-end\"><\/span><\/h2>\n\n\n\n<p>Toda a teoria \u00e9 cinzenta, aqui bastante colorida, mas alguns exemplos da pr\u00e1tica humana, da pr\u00f3pria vida, transmitem de forma mais impressionante o que a teoria apenas apresenta de forma mais ou menos seca.<\/p>\n\n\n\n<p>Todos os exemplos podem ser consultados na apresenta\u00e7\u00e3o \"<a href=\"https:\/\/www.youtube.com\/watch?v=DmHgZKiU1LE\" target=\"_blank\" rel=\"noreferrer noopener\">Cura com fragr\u00e2ncias<\/a>\" a partir de 04.06.2019, a Funda\u00e7\u00e3o Johannes Gutenberg, o professor dotado Dr. Dr. med. habil. Hanns Hatt na Universidade Ruhr de Bochum.<\/p>\n\n\n\n<h3 class=\"wp-block-heading\"><span class=\"ez-toc-section\" id=\"Wie_finden_Spermien_den_kurzesten_Weg_zur_Samenzelle\"><\/span>Como \u00e9 que os espermatoz\u00f3ides encontram o caminho mais curto para o espermatozoide?<span class=\"ez-toc-section-end\"><\/span><\/h3>\n\n\n\n<p>No esperma encontram-se at\u00e9 20 dos 53 receptores de odores. Nas secre\u00e7\u00f5es vaginais, existem 15 odores conhecidos que guiam o esperma (incluindo <em>Bourgeonal<\/em>Antagonista: <em>Undecanal<\/em>)) e conduzem a uma duplica\u00e7\u00e3o da sua velocidade de locomo\u00e7\u00e3o. Se os espermatoz\u00f3ides forem expostos ao antagonista <em>Undecanal<\/em> expostos, perdem a sua orienta\u00e7\u00e3o e reduzem novamente a sua velocidade.<br>Existem dez vezes mais receptores olfactivos no colo do \u00fatero do que no pr\u00f3prio epit\u00e9lio olfativo (10 ... 20 milh\u00f5es), o que faz dele o local mais bem guardado do corpo humano.<\/p>\n\n\n\n<h3 class=\"wp-block-heading\"><span class=\"ez-toc-section\" id=\"Magen-Darm-Trakt\"><\/span>Trato gastrointestinal<span class=\"ez-toc-section-end\"><\/span><\/h3>\n\n\n\n<p>No trato gastrointestinal existem cerca de 15 ... 20 receptores de odores diferentes. Atrav\u00e9s da ingest\u00e3o de, por exemplo <em>Eugenol<\/em> (cravinho como especiaria ou \u00f3leo essencial), o recetor olfativo <em>hOR1D2<\/em> estimulado, pelo que <em>Serotonina<\/em> e o peristaltismo aumenta.<\/p>\n\n\n\n<h3 class=\"wp-block-heading\"><span class=\"ez-toc-section\" id=\"Haut_und_Haare\"><\/span>Pele e cabelo<span class=\"ez-toc-section-end\"><\/span><\/h3>\n\n\n\n<p>A pele \u00e9 caracterizada por c\u00e9lulas que cont\u00eam queratina (<em>Queratin\u00f3citos<\/em>) \u00e9 mantida flex\u00edvel e el\u00e1stica, mantendo a epiderme (<em>epiderme<\/em>) queratiniza-se, forma escamas de pele e \u00e9 substitu\u00edda por c\u00e9lulas novas que crescem a partir de baixo. Existem mais de 30 receptores de odores nos queratin\u00f3citos. <em>Sandalore<\/em> \u00e9 uma fragr\u00e2ncia sint\u00e9tica de s\u00e2ndalo (sint\u00e9tica porque o s\u00e2ndalo verdadeiro \u00e9 muito caro), que aumenta significativamente o crescimento e a elasticidade das c\u00e9lulas da pele, aumentando a concentra\u00e7\u00e3o de c\u00e1lcio, e permite que as feridas cicatrizem cerca de 40 '% mais depressa.<\/p>\n\n\n\n<p>Assegura igualmente <em>Sandalore<\/em> atrav\u00e9s de receptores nas c\u00e9lulas da raiz do cabelo para uma vida mais longa do cabelo 20 %.<\/p>\n\n\n\n<h3 class=\"wp-block-heading\"><span class=\"ez-toc-section\" id=\"Herz\"><\/span>Cora\u00e7\u00e3o<span class=\"ez-toc-section-end\"><\/span><\/h3>\n\n\n\n<p>O recetor do odor <em>OR51E1<\/em> \u00e9 respons\u00e1vel, no cora\u00e7\u00e3o, pela redu\u00e7\u00e3o da frequ\u00eancia card\u00edaca e do d\u00e9bito card\u00edaco, por exemplo.<\/p>\n\n\n\n<h3 class=\"wp-block-heading\"><span class=\"ez-toc-section\" id=\"Lunge\"><\/span>pulm\u00e3o<span class=\"ez-toc-section-end\"><\/span><\/h3>\n\n\n\n<p>Nos pulm\u00f5es, o recetor de odores <em>OR2AG1<\/em> com est\u00edmulo de <em>Butirato de amilo<\/em> (camomila romana) relaxa as c\u00e9lulas musculares lisas patologicamente contra\u00eddas, o que \u00e9 importante para asm\u00e1ticos, al\u00e9rgicos e doentes com DPOC.<\/p>\n\n\n\n<h3 class=\"wp-block-heading\"><span class=\"ez-toc-section\" id=\"Prostata\"><\/span>pr\u00f3stata<span class=\"ez-toc-section-end\"><\/span><\/h3>\n\n\n\n<p>O recetor do odor <em>hOR51E2<\/em> \u00e9 expresso em grandes quantidades nas c\u00e9lulas do cancro da pr\u00f3stata e serve como marcador tumoral. <em>\u03b2-ionona<\/em> (odor violeta) reduz a taxa de prolifera\u00e7\u00e3o (taxa de crescimento). No entanto, n\u00e3o se conhece atualmente nenhum meio de fazer chegar as mol\u00e9culas de perfume ao local de a\u00e7\u00e3o, nem mesmo atrav\u00e9s do sangue. (<a href=\"https:\/\/www.jbc.org\/article\/S0021-9258(18)93050-4\/fulltext\" target=\"_blank\" rel=\"noreferrer noopener\">fonte<\/a>)<\/p>\n\n\n\n<h3 class=\"wp-block-heading\"><span class=\"ez-toc-section\" id=\"Blase\"><\/span>Bolha<span class=\"ez-toc-section-end\"><\/span><\/h3>\n\n\n\n<p>No cancro da bexiga, o recetor olfativo <em>OR10H1<\/em> expresso. A estimula\u00e7\u00e3o com <em>Sandranol<\/em> (<em>Santalol<\/em>), o \u00f3leo natural de s\u00e2ndalo, inibe e reduz o crescimento dos tumores. Uma an\u00e1lise \u00e0 urina permite tirar conclus\u00f5es sobre a presen\u00e7a ou n\u00e3o de cancro da bexiga, uma vez que as c\u00e9lulas mortas da parede interna da bexiga s\u00e3o eliminadas na urina. (<a href=\"https:\/\/www.frontiersin.org\/journals\/physiology\/articles\/10.3389\/fphys.2018.00456\/full\" target=\"_blank\" rel=\"noreferrer noopener\">fonte<\/a>)<\/p>\n\n\n\n<h3 class=\"wp-block-heading\"><span class=\"ez-toc-section\" id=\"Kolon\"><\/span>C\u00f3lon<span class=\"ez-toc-section-end\"><\/span><\/h3>\n\n\n\n<p>O recetor do odor <em>OR51B4<\/em> \u00e9 libertado na presen\u00e7a de carcinoma do c\u00f3lon. As c\u00e9lulas do carcinoma do c\u00f3lon (<em>HCT116<\/em>) reagem \u00e0 fragr\u00e2ncia <em>Troenan<\/em> (alfeneiro), que inibe significativamente o crescimento tumoral alterando a morfologia celular das c\u00e9lulas cancerosas do c\u00f3lon.<br>(<a href=\"https:\/\/pubmed.ncbi.nlm.nih.gov\/28273117\/\" target=\"_blank\" rel=\"noreferrer noopener\">fonte<\/a>)<\/p>\n\n\n\n<h2 class=\"wp-block-heading\"><span class=\"ez-toc-section\" id=\"Liste_aller_Olfaktorischen_Rezeptoren\"><\/span>Lista de todos os receptores olfactivos<span class=\"ez-toc-section-end\"><\/span><\/h2>\n\n\n\n<p>A seguinte lista (excerto) de todos os receptores olfactivos humanos, incluindo todos os dados cient\u00edficos, est\u00e1 dispon\u00edvel <a href=\"https:\/\/csiag.de\/wp-content\/uploads\/2025\/03\/Olfactory.xlsx\">aqui<\/a> est\u00e1 dispon\u00edvel para descarregar como ficheiro Excel.<br>Os dados s\u00e3o provenientes de <a href=\"https:\/\/www.proteinatlas.org\/\" target=\"_blank\" rel=\"noreferrer noopener\">O Atlas de Prote\u00ednas Humanas<\/a>.<\/p>\n\n\n\n<figure class=\"wp-block-image size-large\"><a href=\"https:\/\/csiag.de\/wp-content\/uploads\/2025\/03\/Olfactory.xlsx\"><img decoding=\"async\" width=\"1024\" height=\"337\" src=\"https:\/\/csiag.de\/wp-content\/uploads\/2025\/03\/image-11-1024x337.png\" alt=\"\" class=\"wp-image-9713\" srcset=\"https:\/\/csiag.de\/wp-content\/uploads\/2025\/03\/image-11-1024x337.png 1024w, https:\/\/csiag.de\/wp-content\/uploads\/2025\/03\/image-11-300x99.png 300w, https:\/\/csiag.de\/wp-content\/uploads\/2025\/03\/image-11-768x253.png 768w, https:\/\/csiag.de\/wp-content\/uploads\/2025\/03\/image-11-1536x506.png 1536w, https:\/\/csiag.de\/wp-content\/uploads\/2025\/03\/image-11-2048x674.png 2048w, https:\/\/csiag.de\/wp-content\/uploads\/2025\/03\/image-11-18x6.png 18w\" sizes=\"(max-width: 1024px) 100vw, 1024px\" \/><\/a><\/figure>\n\n\n\n<h2 class=\"wp-block-heading\"><span class=\"ez-toc-section\" id=\"Worauf_basiert_die_antibakterielle_antivirale_Wirkung\"><\/span>Em que se baseia o efeito antibacteriano \/ antiviral?<span class=\"ez-toc-section-end\"><\/span><\/h2>\n\n\n\n<p>O efeito antibacteriano ou antiviral dos \u00f3leos essenciais baseia-se no efeito direto das mol\u00e9culas de \u00f3leo sobre a respectiva bact\u00e9ria ou v\u00edrus, bem como na abordagem dos circuitos de controlo imunomodulador ou hormonal.<\/p>\n\n\n\n<h3 class=\"wp-block-heading\"><span class=\"ez-toc-section\" id=\"Bakterien\"><\/span>bact\u00e9rias<span class=\"ez-toc-section-end\"><\/span><\/h3>\n\n\n\n<p>As bact\u00e9rias dividem-se em dois tipos: gram-positivas e gram-negativas. A sua diferencia\u00e7\u00e3o microsc\u00f3pica \u00e9 efectuada atrav\u00e9s da chamada colora\u00e7\u00e3o de Gram, que recebeu o nome do bacteriologista e m\u00e9dico dinamarqu\u00eas <em>Hans Christian Gram<\/em> (1853-1938).<\/p>\n\n\n\n<p>O corante alcalino <em>Cristal violeta<\/em> cora as bact\u00e9rias gram-positivas a violeta, enquanto que na contracolora\u00e7\u00e3o com <em>Fuchsin<\/em> ou <em>A\u00e7afr\u00e3o<\/em> apenas as bact\u00e9rias Gram-negativas mudam para uma cor vermelha ou cor-de-rosa.<\/p>\n\n\n\n<p>Este facto reflecte-se na estrutura da espessura <em>Camada de peptidoglicano<\/em> das bact\u00e9rias Gram-positivas e a parede celular fina e a membrana externa das bact\u00e9rias Gram-negativas.<\/p>\n\n\n\n<p>As mol\u00e9culas dos \u00f3leos essenciais atacam diretamente estes componentes das bact\u00e9rias, destroem o seu inv\u00f3lucro e inibem as suas enzimas, resultando no efeito antibacteriano.<\/p>\n\n\n\n<h3 class=\"wp-block-heading\"><span class=\"ez-toc-section\" id=\"Viren\"><\/span>V\u00edrus<span class=\"ez-toc-section-end\"><\/span><\/h3>\n\n\n\n<p>Os v\u00edrus tamb\u00e9m se dividem em dois tipos, os que t\u00eam um envelope (por exemplo. <em>Gripe<\/em>, <em>VIH<\/em>) e os que n\u00e3o t\u00eam cobertura (por exemplo. <em>Adeno<\/em>- e <em>Norov\u00edrus<\/em>).<\/p>\n\n\n\n<p>O material gen\u00e9tico (<em>ADN<\/em> ou <em>ARN<\/em>) de v\u00edrus est\u00e1 no <em>Caps\u00eddeo<\/em> que consiste em unidades proteicas, o <em>Caps\u00f3meros<\/em> existe.<br>Alguns v\u00edrus possuem tamb\u00e9m uma membrana lip\u00eddica, que retiram da c\u00e9lula hospedeira assim que a deixam, para se fixarem noutras c\u00e9lulas hospedeiras atrav\u00e9s das suas prote\u00ednas virais (glicoprote\u00ednas) embebidas nesta membrana.<\/p>\n\n\n\n<p>Tamb\u00e9m aqui, as mol\u00e9culas dos \u00f3leos essenciais atacam diretamente para tornar o v\u00edrus inofensivo.<\/p>\n\n\n\n<h3 class=\"wp-block-heading\"><span class=\"ez-toc-section\" id=\"Wie_verstecken_sich_Viren\"><\/span>Como \u00e9 que os v\u00edrus se escondem?<span class=\"ez-toc-section-end\"><\/span><\/h3>\n\n\n\n<p>De certa forma, os v\u00edrus escondem-se nas c\u00e9lulas do corpo quando produzem pouca ou nenhuma produ\u00e7\u00e3o de v\u00edrus (carga) durante um certo per\u00edodo de tempo ou escapam ao reconhecimento do sistema imunit\u00e1rio atrav\u00e9s de muta\u00e7\u00f5es r\u00e1pidas e sucessivas.<\/p>\n\n\n\n<p>Outro m\u00e9todo consiste em escond\u00ea-los nos rins, nos olhos ou no c\u00e9rebro, por exemplo, ou simplesmente suprimi-los. <em>Apresenta\u00e7\u00e3o do MHC-I<\/em> ou bloquear o <em>Vias de sinaliza\u00e7\u00e3o do interfer\u00e3o<\/em>.<br>Ambos servem para reconhecer os p\u00e9ptidos ex\u00f3genos (amino\u00e1cidos de cadeia curta, em oposi\u00e7\u00e3o \u00e0s prote\u00ednas de cadeia longa) e, subsequentemente, iniciar a <em>Apoptose<\/em> (morte celular),<\/p>\n\n\n\n<h3 class=\"wp-block-heading\"><span class=\"ez-toc-section\" id=\"Signalwege\"><\/span>Vias de sinaliza\u00e7\u00e3o<span class=\"ez-toc-section-end\"><\/span><\/h3>\n\n\n\n<p>Para al\u00e9m do ataque direto, as mol\u00e9culas dos \u00f3leos essenciais actuam tamb\u00e9m como agentes de sinaliza\u00e7\u00e3o, desencadeando processos atrav\u00e9s dos receptores celulares que s\u00e3o imunomoduladores e\/ou desencadeiam mecanismos de regula\u00e7\u00e3o hormonal.<\/p>\n\n\n\n<hr class=\"wp-block-separator has-alpha-channel-opacity\"\/>\n\n\n\n<blockquote class=\"wp-block-quote is-layout-flow wp-block-quote-is-layout-flow\">\n<p><strong>Observa\u00e7\u00e3o<\/strong><br>A investiga\u00e7\u00e3o est\u00e1 em constante evolu\u00e7\u00e3o. O artigo acima n\u00e3o pretende ser exaustivo. Se o leitor tiver conhecimento de factos a este respeito que n\u00e3o tenham sido aqui mencionados, agradecemos que me informe. <a href=\"mailto:\/\/info@csiag.de\">Perceber<\/a>.<\/p>\n<\/blockquote>\n\n\n\n<hr class=\"wp-block-separator has-alpha-channel-opacity\"\/>\n\n\n\n<h2 class=\"wp-block-heading\"><span class=\"ez-toc-section\" id=\"Quellenangaben\"><\/span>Refer\u00eancias<span class=\"ez-toc-section-end\"><\/span><\/h2>\n\n\n\n<p>Para mais estudos sobre este tema, consultar, entre outros, os seguintes links:<\/p>\n\n\n\n<p><strong>2024-10-04<\/strong> - <a href=\"https:\/\/pubmed.ncbi.nlm.nih.gov\/39365517\/\" target=\"_blank\" rel=\"noreferrer noopener\">Receptores olfactivos e tumorig\u00e9nese: implica\u00e7\u00f5es para o diagn\u00f3stico e a terapia dirigida<\/a><br>(Resumo - texto integral com custos - 54 refer\u00eancias)<br><a href=\"https:\/\/pubmed.ncbi.nlm.nih.gov\/?term=Tang+Y&amp;cauthor_id=39365517\" target=\"_blank\" rel=\"noopener\">Yi Tang<\/a><sup>&nbsp;<a href=\"https:\/\/pubmed.ncbi.nlm.nih.gov\/39365517\/#full-view-equal-contrib-explanation\" target=\"_blank\" rel=\"noopener\">#<\/a>&nbsp;<a href=\"https:\/\/pubmed.ncbi.nlm.nih.gov\/39365517\/#full-view-affiliation-1\" target=\"_blank\" rel=\"noopener\">1<\/a><\/sup>,&nbsp;<a href=\"https:\/\/pubmed.ncbi.nlm.nih.gov\/?term=Tian+Y&amp;cauthor_id=39365517\" target=\"_blank\" rel=\"noopener\">Ye Tian<\/a><sup>&nbsp;<a href=\"https:\/\/pubmed.ncbi.nlm.nih.gov\/39365517\/#full-view-equal-contrib-explanation\" target=\"_blank\" rel=\"noopener\">#<\/a>&nbsp;<a href=\"https:\/\/pubmed.ncbi.nlm.nih.gov\/39365517\/#full-view-affiliation-2\" target=\"_blank\" rel=\"noopener\">2<\/a><\/sup>,&nbsp;<a href=\"https:\/\/pubmed.ncbi.nlm.nih.gov\/?term=Zhang+CX&amp;cauthor_id=39365517\" target=\"_blank\" rel=\"noopener\">Chun-Xia Zhang<\/a><sup>&nbsp;<a href=\"https:\/\/pubmed.ncbi.nlm.nih.gov\/39365517\/#full-view-affiliation-1\" target=\"_blank\" rel=\"noopener\">1<\/a><\/sup>,&nbsp;<a href=\"https:\/\/pubmed.ncbi.nlm.nih.gov\/?term=Wang+GT&amp;cauthor_id=39365517\" target=\"_blank\" rel=\"noopener\">Guo-Tai Wang<\/a><sup>&nbsp;<a href=\"https:\/\/pubmed.ncbi.nlm.nih.gov\/39365517\/#full-view-affiliation-3\" target=\"_blank\" rel=\"noopener\">3<\/a><\/sup><\/p>\n\n\n\n<p><strong>2021-02-05<\/strong> - <a href=\"https:\/\/bmcbiol.biomedcentral.com\/articles\/10.1186\/s12915-021-00962-0\" target=\"_blank\" rel=\"noreferrer noopener\">O panorama mutacional dos receptores olfactivos humanos acoplados \u00e0 prote\u00edna G<\/a><br>(Texto integral - 66 refer\u00eancias)<br><a href=\"https:\/\/bmcbiol.biomedcentral.com\/articles\/10.1186\/s12915-021-00962-0#auth-Ram_n_Cierco-Jimenez-Aff1-Aff2\" target=\"_blank\" rel=\"noopener\">Ram\u00f3n Cierco Jim\u00e9nez<\/a>,&nbsp;<a href=\"https:\/\/bmcbiol.biomedcentral.com\/articles\/10.1186\/s12915-021-00962-0#auth-Nil-Casajuana_Martin-Aff1\" target=\"_blank\" rel=\"noopener\">Nilo Casajuana-Martin<\/a>,&nbsp;<a href=\"https:\/\/bmcbiol.biomedcentral.com\/articles\/10.1186\/s12915-021-00962-0#auth-Adri_n-Garc_a_Recio-Aff1\" target=\"_blank\" rel=\"noopener\">Adri\u00e1n Garc\u00eda-Recio<\/a>,&nbsp;<a href=\"https:\/\/bmcbiol.biomedcentral.com\/articles\/10.1186\/s12915-021-00962-0#auth-Lidia-Alc_ntara-Aff1\" target=\"_blank\" rel=\"noopener\">Lidia Alc\u00e1ntara<\/a>,&nbsp;<a href=\"https:\/\/bmcbiol.biomedcentral.com\/articles\/10.1186\/s12915-021-00962-0#auth-Leonardo-Pardo-Aff1\" target=\"_blank\" rel=\"noopener\">Leonardo Pardo<\/a>,&nbsp;<a href=\"https:\/\/bmcbiol.biomedcentral.com\/articles\/10.1186\/s12915-021-00962-0#auth-Mercedes-Campillo-Aff1\" target=\"_blank\" rel=\"noopener\">Mercedes Campillo<\/a>&nbsp;&amp;&nbsp;<a href=\"https:\/\/bmcbiol.biomedcentral.com\/articles\/10.1186\/s12915-021-00962-0#auth-Angel-Gonzalez-Aff1\" target=\"_blank\" rel=\"noopener\">Angel Gonzalez<\/a><\/p>\n\n\n\n<p><strong>2018-11-30<\/strong> - <a href=\"https:\/\/www.nature.com\/articles\/s41573-018-0002-3\" target=\"_blank\" rel=\"noreferrer noopener\">Potencial terap\u00eautico dos receptores olfactivos e gustativos ect\u00f3picos<\/a><br>(Resumo - texto integral com custos - 317 refer\u00eancias)<br><a href=\"https:\/\/www.nature.com\/articles\/s41573-018-0002-3#auth-Sung_Joon-Lee-Aff1\" target=\"_blank\" rel=\"noopener\">Sung-Joon Lee<\/a>,&nbsp;<a href=\"https:\/\/www.nature.com\/articles\/s41573-018-0002-3#auth-Inge-Depoortere-Aff2\" target=\"_blank\" rel=\"noopener\">Inge Depoortere<\/a>&nbsp;&amp;&nbsp;<a href=\"https:\/\/www.nature.com\/articles\/s41573-018-0002-3#auth-Hanns-Hatt-Aff3\" target=\"_blank\" rel=\"noopener\">Hanns Hatt<\/a>&nbsp;<\/p>\n\n\n\n<p><strong>2018-06.13<\/strong> - <a href=\"https:\/\/journals.physiology.org\/doi\/full\/10.1152\/physrev.00013.2017?rfr_dat=cr_pub++0pubmed&amp;url_ver=Z39.88-2003&amp;rfr_id=ori%3Arid%3Acrossref.org\" target=\"_blank\" rel=\"noreferrer noopener\">Receptores olfactivos humanos: novas fun\u00e7\u00f5es celulares fora do nariz<\/a><br>(Texto integral - 212 refer\u00eancias)<br><a href=\"https:\/\/pubmed.ncbi.nlm.nih.gov\/?term=Ma%C3%9Fberg+D&amp;cauthor_id=29897292\" target=\"_blank\" rel=\"noopener\">D\u00e9sir\u00e9e Ma\u00dfberg<\/a><sup>&nbsp;<a href=\"https:\/\/pubmed.ncbi.nlm.nih.gov\/29897292\/#full-view-affiliation-1\" target=\"_blank\" rel=\"noopener\">1<\/a><\/sup>,&nbsp;<a href=\"https:\/\/pubmed.ncbi.nlm.nih.gov\/?term=Hatt+H&amp;cauthor_id=29897292\" target=\"_blank\" rel=\"noopener\">Hanns Hatt<\/a><sup>&nbsp;<a href=\"https:\/\/pubmed.ncbi.nlm.nih.gov\/29897292\/#full-view-affiliation-1\" target=\"_blank\" rel=\"noopener\">1<\/a><\/sup><\/p>\n\n\n\n<p><strong>2009-10-30<\/strong> - <a href=\"https:\/\/www.jbc.org\/article\/S0021-9258(20)38109-6\/fulltext\" target=\"_blank\" rel=\"noreferrer noopener\">Actividades duplas de odorantes em receptores de hormonas olfactivas e nucleares<\/a><br>(Texto integral - 74 refer\u00eancias)<br><a href=\"https:\/\/www.jbc.org\/article\/S0021-9258(20)38109-6\/fulltext#\" target=\"_blank\" rel=\"noopener\">Horst Pick<\/a><sup><a>\u2021<\/a>,<a>1<\/a><\/sup>&nbsp;\u2219&nbsp;<a href=\"https:\/\/www.jbc.org\/article\/S0021-9258(20)38109-6\/fulltext#\" target=\"_blank\" rel=\"noopener\">Sylvain Etter<\/a><sup><a>\u2021<\/a>,<a>1<\/a><\/sup>&nbsp;\u2219&nbsp;<a href=\"https:\/\/www.jbc.org\/article\/S0021-9258(20)38109-6\/fulltext#\" target=\"_blank\" rel=\"noopener\">Ol\u00edvia Baud<\/a><sup><a>\u2021<\/a><\/sup>&nbsp;\u2219&nbsp;<a href=\"https:\/\/www.jbc.org\/article\/S0021-9258(20)38109-6\/fulltext#\" target=\"_blank\" rel=\"noopener\">Ralf Schmauder<\/a><sup><a>\u2021<\/a><\/sup>&nbsp;\u2219&nbsp;<a href=\"https:\/\/www.jbc.org\/article\/S0021-9258(20)38109-6\/fulltext#\" target=\"_blank\" rel=\"noopener\">Lorenza Bordoli<\/a><sup><a>\u00a7<\/a><\/sup>&nbsp;\u2219&nbsp;<a href=\"https:\/\/www.jbc.org\/article\/S0021-9258(20)38109-6\/fulltext#\" target=\"_blank\" rel=\"noopener\">Torsten Schwede<\/a><sup><a>\u00a7<\/a><\/sup>&nbsp;\u2219&nbsp;<a href=\"https:\/\/www.jbc.org\/article\/S0021-9258(20)38109-6\/fulltext#\" target=\"_blank\" rel=\"noopener\">Horst Vogel<\/a><sup><a>\u2021<\/a><\/sup>&nbsp;<a href=\"https:\/\/www.jbc.org\/article\/S0021-9258(20)38109-6\/fulltext\" target=\"_blank\" rel=\"noreferrer noopener\"><br><\/a><\/p>","protected":false},"excerpt":{"rendered":"<p><span class=\"span-reading-time rt-reading-time\" style=\"display: block;\"><span class=\"rt-label rt-prefix\">Tempo de leitura<\/span> <span class=\"rt-time\"> 12<\/span> <span class=\"rt-label rt-postfix\">minutos<\/span><\/span> \u00c4therische \u00d6le, warum wirken sie? Diese Frage ist berechtigt, die Antwort \u00fcberaus tiefgr\u00fcndig und unerwartet spannend. Riechen &#8211; jeder kennt vermutlich Duftlampen, wie Duftkerzen, deren Duft nicht immer angenehm empfunden wird, sondern, vor allem bei synthetischen Duft\u00f6len, oft Kopfschmerz, Unwohlsein und gar \u00dcbelkeit verursachen. D\u00fcfte verf\u00fchren, nicht nur in Form eines Parfums einer Frau,&hellip;&nbsp;<a href=\"https:\/\/csiag.de\/pt\/blog\/2025\/03\/12\/aetherische-oele-warum-wirken-sie\/\" rel=\"bookmark\">Ler mais \"<span class=\"screen-reader-text\">\u00d3leos essenciais - porque \u00e9 que funcionam?<\/span><\/a><\/p>","protected":false},"author":1,"featured_media":0,"comment_status":"open","ping_status":"open","sticky":false,"template":"","format":"standard","meta":{"_lmt_disableupdate":"no","_lmt_disable":"","neve_meta_sidebar":"","neve_meta_container":"","neve_meta_enable_content_width":"","neve_meta_content_width":0,"neve_meta_title_alignment":"","neve_meta_author_avatar":"","neve_post_elements_order":"","neve_meta_disable_header":"","neve_meta_disable_footer":"","neve_meta_disable_title":"","footnotes":""},"categories":[3401,1078,354],"tags":[4614,4599,4557,3905,3923,3906,4639,3094,4623,650,4640,4590,4642,4643,1495,4625,3117,4567,4593,4587,4566,4655,4654,4671,4548,4636,3945,691,4396,4550,4551,3903,4549,3920,4633,4619,4620,4641,4615,4595,4621,4627,4610,4679,4624,2825,4685,4676,4559,4681,4584,4578,4674,4616,4682,1446,140,4582,4591,4634,4555,4556,4658,4612,4644,1427,4596,4592,4652,1751,3457,4573,4564,4565,143,3747,4628,4588,139,3932,4675,4680,4609,4677,4645,24,3446,4602,4613,3069,141,4647,4646,3897,4631,3089,3090,4630,4314,4558,2814,4572,4618,4629,4560,3732,1131,4568,4561,4601,4622,2104,3404,4649,4589,4626,4552,4632,4600,4684,4580,4579,4583,4554,4563,4575,4553,4576,4585,4367,4650,4683,4574,4653,4656,4586,4571,4547,4672,3745,3898,4598,4569,4570,4597,4603,4605,4604,4608,4607,4606,3364,4673,1101,3935,4350,4594,2108,4546,3736,3737,4617,3289,42,4686,4651,4648,4611,43],"class_list":["post-9568","post","type-post","status-publish","format-standard","hentry","category-aetherische-oele","category-medizin","category-medizin-gesundheit","tag-abc-pflaster","tag-aktionspotenzial","tag-analgetika","tag-antibakteriell","tag-antimykotisch","tag-antiviral","tag-atemwegsmuskulatur","tag-aetherische-oele","tag-ausschuettung","tag-bakterien","tag-bauspeicheldruese","tag-beurteilung","tag-blase","tag-blut","tag-blut-hirn-schranke","tag-blutgefaess","tag-blutgefaesse","tag-capsaicin","tag-chemische-reize","tag-chemorezeptor","tag-chili","tag-deoxyribonucleic-acid","tag-deoxyribonukleinsaeure","tag-diagnostik","tag-diagnostisch","tag-dickdarm","tag-diffusor","tag-dna","tag-duft","tag-duftkerze","tag-duftkerzen","tag-duftlampe","tag-duftlampen","tag-duftoele","tag-duftrezeptor","tag-endorphine","tag-enkephaline","tag-enterochromaffine-zellen","tag-entzuendungsreiz","tag-erfrierung","tag-erotonin","tag-eugenol","tag-eukalytol","tag-expression","tag-exprimieren","tag-forschung","tag-forschungsergebnisse","tag-fpkm","tag-fressfeinde","tag-genexpression","tag-geschmack","tag-geschmacksknospen","tag-gewebeprobe","tag-gewebeschaedigung","tag-hanns-hatt","tag-haut","tag-herz","tag-herzhaft","tag-hitze","tag-hoden","tag-hpnotika","tag-hypnotikum","tag-informationsstrang","tag-ingwer-oel","tag-inhalatorisch","tag-ionen","tag-ionenkanal","tag-kaelte","tag-kommunikation","tag-konzentration","tag-kopfschmerz","tag-kortex","tag-lavendel","tag-lavendel-duft","tag-leber","tag-linalool","tag-linalylacetat","tag-lokalisierung","tag-lunge","tag-magen-darm-trakt","tag-mammakarzinom","tag-marker","tag-menthol","tag-metrik","tag-molekuele","tag-mrna","tag-nase","tag-negativ","tag-neleken-oel","tag-nervenzellen","tag-niere","tag-nucleus","tag-nukleus","tag-olfaktorisch","tag-olfatorischer-rezeptor","tag-opiat","tag-opiate","tag-or","tag-palliativ","tag-palliativmedizin","tag-pankreas","tag-parietallappen","tag-pepperoni","tag-perkutan","tag-pfefferminze","tag-pflanze","tag-pflanzen","tag-piperin","tag-plize","tag-positiv","tag-prostaglandine","tag-protein","tag-proteine","tag-prozess","tag-qualitativ","tag-rezeptorreiz","tag-riechen","tag-riechrezeptor","tag-ruhepotenzial","tag-ruhr-universitaet-bochum","tag-salzig","tag-sauer","tag-scharf","tag-schlafmittel","tag-schmecken","tag-schmerz","tag-schmerzmittel","tag-schmerzreiz","tag-schmerzrezeptor","tag-schwarzer-pfeffer","tag-semi-permeable-membran","tag-sinnesphysiologie","tag-somatosensorisch","tag-stoffaustausch","tag-synthes","tag-temperaturrezeptor","tag-thalamus","tag-therapeutisch","tag-therapie","tag-thymol","tag-topisch","tag-transient-receptor-potential","tag-trigeminus","tag-trigeminus-nerv","tag-trp","tag-trpa1","tag-trpm8","tag-trpv1","tag-trpv2","tag-trpv3","tag-trpv4","tag-tumor","tag-tumoraktivitaet","tag-uebelkeit","tag-unwohlsein","tag-veraetzung","tag-verbrennung","tag-viren","tag-wirken","tag-wirkstoff","tag-wirkstoffe","tag-wrnfunktion","tag-zelle","tag-zellkern","tag-zelllinie","tag-zellmembran","tag-zellulaer","tag-zimt-oel","tag-zytoplasma"],"modified_by":"Achim Goerner","_links":{"self":[{"href":"https:\/\/csiag.de\/pt\/wp-json\/wp\/v2\/posts\/9568","targetHints":{"allow":["GET"]}}],"collection":[{"href":"https:\/\/csiag.de\/pt\/wp-json\/wp\/v2\/posts"}],"about":[{"href":"https:\/\/csiag.de\/pt\/wp-json\/wp\/v2\/types\/post"}],"author":[{"embeddable":true,"href":"https:\/\/csiag.de\/pt\/wp-json\/wp\/v2\/users\/1"}],"replies":[{"embeddable":true,"href":"https:\/\/csiag.de\/pt\/wp-json\/wp\/v2\/comments?post=9568"}],"version-history":[{"count":0,"href":"https:\/\/csiag.de\/pt\/wp-json\/wp\/v2\/posts\/9568\/revisions"}],"wp:attachment":[{"href":"https:\/\/csiag.de\/pt\/wp-json\/wp\/v2\/media?parent=9568"}],"wp:term":[{"taxonomy":"category","embeddable":true,"href":"https:\/\/csiag.de\/pt\/wp-json\/wp\/v2\/categories?post=9568"},{"taxonomy":"post_tag","embeddable":true,"href":"https:\/\/csiag.de\/pt\/wp-json\/wp\/v2\/tags?post=9568"}],"curies":[{"name":"wp","href":"https:\/\/api.w.org\/{rel}","templated":true}]}}