{"id":9097,"date":"2025-01-27T17:41:21","date_gmt":"2025-01-27T17:41:21","guid":{"rendered":"https:\/\/csiag.de\/?p=9097"},"modified":"2025-07-30T09:59:09","modified_gmt":"2025-07-30T09:59:09","slug":"abem-e-v-beneficios-e-perigos-dos-oleos-essenciais-pdf","status":"publish","type":"post","link":"https:\/\/csiag.de\/pt\/blog\/2025\/01\/27\/abem-e-v-nutzen-und-gefahren-der-aetherischen-oele-pdf\/","title":{"rendered":"ABEM e.V. - Benef\u00edcios e perigos dos \u00f3leos essenciais (PDF)"},"content":{"rendered":"<div id=\"ez-toc-container\" class=\"ez-toc-v2_0_82_2 counter-hierarchy ez-toc-counter ez-toc-grey ez-toc-container-direction\">\n<div class=\"ez-toc-title-container\">\n<p class=\"ez-toc-title\" style=\"cursor:inherit\">\u00cdndice<\/p>\n<span class=\"ez-toc-title-toggle\"><\/span><\/div>\n<nav><ul class='ez-toc-list ez-toc-list-level-1' ><li class='ez-toc-page-1 ez-toc-heading-level-2'><a class=\"ez-toc-link ez-toc-heading-1\" href=\"https:\/\/csiag.de\/pt\/blog\/2025\/01\/27\/abem-e-v-nutzen-und-gefahren-der-aetherischen-oele-pdf\/#Vorwort\" >Pref\u00e1cio<\/a><ul class='ez-toc-list-level-3' ><li class='ez-toc-heading-level-3'><a class=\"ez-toc-link ez-toc-heading-2\" href=\"https:\/\/csiag.de\/pt\/blog\/2025\/01\/27\/abem-e-v-nutzen-und-gefahren-der-aetherischen-oele-pdf\/#Anmerkungen\" >Notas<\/a><ul class='ez-toc-list-level-4' ><li class='ez-toc-heading-level-4'><a class=\"ez-toc-link ez-toc-heading-3\" href=\"https:\/\/csiag.de\/pt\/blog\/2025\/01\/27\/abem-e-v-nutzen-und-gefahren-der-aetherischen-oele-pdf\/#Gesetzeslage\" >Situa\u00e7\u00e3o jur\u00eddica<\/a><\/li><li class='ez-toc-page-1 ez-toc-heading-level-4'><a class=\"ez-toc-link ez-toc-heading-4\" href=\"https:\/\/csiag.de\/pt\/blog\/2025\/01\/27\/abem-e-v-nutzen-und-gefahren-der-aetherischen-oele-pdf\/#Anwendung_Atherischer_Ole\" >Aplica\u00e7\u00e3o de \u00f3leos essenciais<\/a><\/li><li class='ez-toc-page-1 ez-toc-heading-level-4'><a class=\"ez-toc-link ez-toc-heading-5\" href=\"https:\/\/csiag.de\/pt\/blog\/2025\/01\/27\/abem-e-v-nutzen-und-gefahren-der-aetherischen-oele-pdf\/#Deklaration\" >declara\u00e7\u00e3o<\/a><\/li><\/ul><\/li><\/ul><\/li><li class='ez-toc-page-1 ez-toc-heading-level-2'><a class=\"ez-toc-link ez-toc-heading-6\" href=\"https:\/\/csiag.de\/pt\/blog\/2025\/01\/27\/abem-e-v-nutzen-und-gefahren-der-aetherischen-oele-pdf\/#Stellungnahme\" >Declara\u00e7\u00e3o<\/a><\/li><li class='ez-toc-page-1 ez-toc-heading-level-2'><a class=\"ez-toc-link ez-toc-heading-7\" href=\"https:\/\/csiag.de\/pt\/blog\/2025\/01\/27\/abem-e-v-nutzen-und-gefahren-der-aetherischen-oele-pdf\/#Kurzgefasst\" >Em resumo<\/a><\/li><\/ul><\/nav><\/div>\n<span class=\"span-reading-time rt-reading-time\" style=\"display: block;\"><span class=\"rt-label rt-prefix\">Tempo de leitura<\/span> <span class=\"rt-time\"> 13<\/span> <span class=\"rt-label rt-postfix\">minutos<\/span><\/span><div class=\"pdfprnt-buttons pdfprnt-buttons-post pdfprnt-top-right\"><a href=\"https:\/\/csiag.de\/pt\/wp-json\/wp\/v2\/posts\/9097?print=pdf\" class=\"pdfprnt-button pdfprnt-button-pdf\" target=\"_blank\" ><\/a><a href=\"https:\/\/csiag.de\/pt\/wp-json\/wp\/v2\/posts\/9097?print=print\" class=\"pdfprnt-button pdfprnt-button-print\" target=\"_blank\" ><img decoding=\"async\" src=\"https:\/\/csiag.de\/wp-content\/plugins\/pdf-print\/images\/print.png\" alt=\"imagem para impress\u00e3o\" title=\"Print Content\" \/><span class=\"pdfprnt-button-title pdfprnt-button-print-title\">Imprimir<\/span><\/a><\/div>\n<p><a href=\"https:\/\/www.abem.de\/\" target=\"_blank\" rel=\"noreferrer noopener\">ABEM e.V.<\/a>Im Erlengrund 24, 32791 Lage, abriu um <a href=\"https:\/\/www.abem.de\/assets\/downloads\/pdf\/aromatherapie-und-aetherische-oele.pdf\" target=\"_blank\" rel=\"noreferrer noopener\">Documento<\/a> publicado pelo \"Dr. Peter Enns\", no qual s\u00e3o explicados os \"benef\u00edcios e perigos dos \u00f3leos essenciais\".<\/p>\n\n\n\n<p>\u201e<em>A ABEM e.V. (Arbeitskreis biblische Ethik in der Medizin) \u00e9 uma organiza\u00e7\u00e3o sem fins lucrativos fundada em 1995 por um grupo de m\u00e9dicos e te\u00f3logos empenhados.<\/em>\u201e<\/p>\n\n\n\n<p>O seu objetivo \u00e9 definido da seguinte forma: \"<em>A organiza\u00e7\u00e3o sem fins lucrativos est\u00e1 empenhada em promover a \u00e9tica na medicina com base em princ\u00edpios b\u00edblicos. O seu objetivo \u00e9 prestar apoio a quest\u00f5es m\u00e9dico-\u00e9ticas e a casos problem\u00e1ticos m\u00e9dico-pastorais. Atrav\u00e9s deste trabalho, a organiza\u00e7\u00e3o esfor\u00e7a-se por promover a integra\u00e7\u00e3o dos princ\u00edpios b\u00edblicos no contexto m\u00e9dico e por prestar cuidados hol\u00edsticos em quest\u00f5es \u00e9ticas. O objetivo global \u00e9 promover uma orienta\u00e7\u00e3o \u00e9tica nos cuidados de sa\u00fade que se baseie em valores b\u00edblicos.<\/em>\u201e<\/p>\n\n\n\n<h2 class=\"wp-block-heading\"><span class=\"ez-toc-section\" id=\"Vorwort\"><\/span>Pref\u00e1cio<span class=\"ez-toc-section-end\"><\/span><\/h2>\n\n\n\n<p>Infelizmente, o Dr. Peter Enns n\u00e3o \u00e9 descrito em pormenor no s\u00edtio Web ou no documento no que diz respeito \u00e0s suas qualifica\u00e7\u00f5es. Devido ao facto de v\u00e1rias pessoas terem o mesmo nome, n\u00e3o \u00e9 poss\u00edvel fazer uma declara\u00e7\u00e3o concreta sobre qual dos conte\u00fados da sua publica\u00e7\u00e3o se baseia em investiga\u00e7\u00e3o ou nos seus pr\u00f3prios conhecimentos.<\/p>\n\n\n\n<p>A este respeito, vou manter a minha declara\u00e7\u00e3o seguinte t\u00e3o objetiva quanto poss\u00edvel.<\/p>\n\n\n\n<h3 class=\"wp-block-heading\"><span class=\"ez-toc-section\" id=\"Anmerkungen\"><\/span>Notas<span class=\"ez-toc-section-end\"><\/span><\/h3>\n\n\n\n<h4 class=\"wp-block-heading\"><span class=\"ez-toc-section\" id=\"Gesetzeslage\"><\/span>Situa\u00e7\u00e3o jur\u00eddica<span class=\"ez-toc-section-end\"><\/span><\/h4>\n\n\n\n<p>A situa\u00e7\u00e3o legal na Alemanha obriga os fabricantes de \u00f3leos essenciais puros e n\u00e3o modificados a apresentar o efeito dos \u00f3leos em termos de argumentos, por exemplo, na \u00e1rea do \"bem-estar\" puro. Todas as declara\u00e7\u00f5es a este respeito devem limitar-se a, por exemplo, calmante, promotor, etc., para serem \"conformes\".<\/p>\n\n\n\n<p>Mesmo que os \u00f3leos tenham efeitos \"antibacterianos\", \"antivirais\" e \"antif\u00fangicos\" indiscut\u00edveis, estes atributos n\u00e3o devem ser mencionados. S\u00f3 os m\u00e9dicos ou os praticantes de medicina alternativa podem fazer estas afirma\u00e7\u00f5es.<\/p>\n\n\n\n<p>Isto significa que a descri\u00e7\u00e3o muitas vezes \"vaga\" fornecida pelo fabricante relativamente \u00e0s propriedades dos \u00f3leos essenciais \u00e9 apenas uma ajuda. Se quiser saber exatamente quais s\u00e3o as propriedades do \u00f3leo em quest\u00e3o, deve consultar os sites m\u00e9dicos especializados na Internet. Os estudos que a\u00ed se encontram fornecem informa\u00e7\u00f5es pormenorizadas.<\/p>\n\n\n\n<h4 class=\"wp-block-heading\"><span class=\"ez-toc-section\" id=\"Anwendung_Atherischer_Ole\"><\/span>Aplica\u00e7\u00e3o de \u00f3leos essenciais<span class=\"ez-toc-section-end\"><\/span><\/h4>\n\n\n\n<p>Como os \u00f3leos essenciais s\u00e3o concentrados, s\u00f3 devem ser utilizados de acordo com aconselhamento profissional.<\/p>\n\n\n\n<p>Tal como os concentrados na \u00e1rea dos produtos de limpeza dom\u00e9sticos, \u00f3leos de fragr\u00e2ncias, etc., s\u00f3 devem ser utilizados de acordo com as informa\u00e7\u00f5es impressas sobre os perigos e a aplica\u00e7\u00e3o, a utiliza\u00e7\u00e3o incorrecta tamb\u00e9m n\u00e3o \u00e9 indicada para os \u00f3leos essenciais.<\/p>\n\n\n\n<h4 class=\"wp-block-heading\"><span class=\"ez-toc-section\" id=\"Deklaration\"><\/span>declara\u00e7\u00e3o<span class=\"ez-toc-section-end\"><\/span><\/h4>\n\n\n\n<p>Os produtos \u00e0 base de \u00f3leos essenciais s\u00e3o frequentemente encontrados como <em>Cosm\u00e9ticos<\/em> declarado. Estes produtos n\u00e3o devem ser ingeridos e s\u00f3 s\u00e3o autorizados para uso externo. Isto \u00e9 tanto mais verdade quanto, frequentemente, s\u00e3o aqui adicionadas subst\u00e2ncias sint\u00e9ticas ou ingredientes activos alerg\u00e9nicos em concentra\u00e7\u00f5es mais elevadas, que est\u00e3o sujeitos \u00e0 obriga\u00e7\u00e3o legal de declara\u00e7\u00e3o e s\u00e3o prejudiciais para o organismo quando utilizados internamente ou mesmo em excesso externamente.<\/p>\n\n\n\n<h2 class=\"wp-block-heading\"><span class=\"ez-toc-section\" id=\"Stellungnahme\"><\/span>Declara\u00e7\u00e3o<span class=\"ez-toc-section-end\"><\/span><\/h2>\n\n\n\n<p>Os pontos elaborados pelo Dr. Peter Enns em colabora\u00e7\u00e3o com a ABEM e.V., incluindo a conclus\u00e3o da p\u00e1gina 8 do documento acima referido, s\u00e3o enumerados a seguir, seguidos da declara\u00e7\u00e3o correspondente.<\/p>\n\n\n\n<ul class=\"wp-block-list\">\n<li>\u201e1. <em>Os \u00f3leos essenciais e as plantas medicinais n\u00e3o s\u00e3o maus em si mesmos e n\u00e3o s\u00e3o de modo algum pecaminosos. A utiliza\u00e7\u00e3o de \u00f3leos essenciais n\u00e3o faz de ningu\u00e9m um mau ou um bom crist\u00e3o. S\u00e3o-nos dados por Deus, mas hoje em dia n\u00e3o s\u00e3o muitas vezes trazidos at\u00e9 n\u00f3s por pessoas e for\u00e7as boas!<\/em>\u201e<\/li>\n<\/ul>\n\n\n\n<p>A obje\u00e7\u00e3o de que os \u00f3leos essenciais \"<em>hoje, muitas vezes, n\u00e3o s\u00e3o exatamente trazidas at\u00e9 n\u00f3s por boas pessoas e for\u00e7as<\/em>\"\u00c9 verdade, mas a causa da m\u00e1 influ\u00eancia n\u00e3o reside na natureza dos \u00f3leos essenciais, mas na da pessoa que os utiliza.<\/p>\n\n\n\n<ul class=\"wp-block-list\">\n<li>\u201e2. (1) <em>Os \u00f3leos essenciais s\u00e3o um rem\u00e9dio herbal bem conhecido para o tratamento de constipa\u00e7\u00f5es, doen\u00e7as br\u00f4nquicas, etc. (2) S\u00e3o particularmente \u00fateis para doen\u00e7as n\u00e3o graves.<\/em><br><em>(3) Mas n\u00e3o esque\u00e7amos nunca a pretens\u00e3o de Deus em rela\u00e7\u00e3o \u00e0s nossas doen\u00e7as: Ex 15,26: Eu sou o Senhor, o teu m\u00e9dico! O socorro vem do Senhor! Deus cura - sem m\u00e9dico, sem rem\u00e9dio, sem planta e sem \u00f3leo!<\/em>\u201e<\/li>\n<\/ul>\n\n\n\n<p><strong>Conjunto 1<\/strong> est\u00e1 correto.<\/p>\n\n\n\n<p><strong>Conjunto 2<\/strong> \u00e9 pass\u00edvel de interpreta\u00e7\u00e3o, uma vez que a gravidade de uma doen\u00e7a \u00e9 percepcionada em termos relativos. Al\u00e9m disso, os \u00f3leos essenciais actuam sobre e nas c\u00e9lulas e, por isso, t\u00eam um efeito potencial profundo, que tamb\u00e9m \u00e9 de grande relev\u00e2ncia em doen\u00e7as graves. Ver, por exemplo, a utiliza\u00e7\u00e3o em doentes internados em unidades de isolamento, em medicina paliativa ou estudos publicados sobre, por exemplo <a href=\"https:\/\/pubmed.ncbi.nlm.nih.gov\/\" target=\"_blank\" rel=\"noreferrer noopener\">PubMed<\/a> ou <a href=\"https:\/\/www.sciencedirect.com\/\" target=\"_blank\" rel=\"noreferrer noopener\">Elsevier<\/a> tamb\u00e9m conhecido como ScienceDirect.<\/p>\n\n\n\n<p><strong>Conjunto 3<\/strong> implica que o homem s\u00f3 precisa de acreditar em Deus e, por conseguinte, n\u00e3o precisa de um m\u00e9dico humano, nem de medicamentos (receitados por ele), nem de plantas (dadas por Deus), nem, portanto, de \u00f3leos essenciais.<\/p>\n\n\n\n<ul class=\"wp-block-list\">\n<li>3. \u201e(1) <em>A utiliza\u00e7\u00e3o de \u00f3leos est\u00e1 associada a riscos para a sa\u00fade. (2) Alguns \u00f3leos t\u00eam um elevado<br>potencial al\u00e9rgico (especialmente os obtidos na natureza!). (3) As pessoas que sofrem de alergias devem, por conseguinte, manter-se afastadas dos \u00f3leos<br>manter afastado. (4) Alguns \u00f3leos podem afetar as vias respirat\u00f3rias e provocar asma. (5) A toxicidade dos \u00f3leos<br>muitas pessoas n\u00e3o se apercebem disso. (6) Sobretudo no caso das crian\u00e7as, o \u00c4\u00d6 pode n\u00e3o ser utilizado devido \u00e0<br>Os riscos n\u00e3o devem ser utilizados sem uma prepara\u00e7\u00e3o, aconselhamento e dosagem s\u00e9rios. (7) Por \u00faltimo, mas n\u00e3o menos importante<br>tamb\u00e9m assumiu um risco de carcinog\u00e9nese em alguns \u00f3leos.<\/em>\u201e<\/li>\n<\/ul>\n\n\n\n<p><strong>Conjunto 1<\/strong> \u00e9 generalizante e, portanto, incorreto.<br>Todas as subst\u00e2ncias devem ser utilizadas corretamente, tal como uma faca de cozinha pode ser utilizada para descascar uma ma\u00e7\u00e3 de forma inofensiva, mas tamb\u00e9m pode ser utilizada para matar uma pessoa. A responsabilidade pela utiliza\u00e7\u00e3o correta \u00e9 sempre da pessoa que executa o trabalho.<\/p>\n\n\n\n<p><strong>Conjunto 2<\/strong> nomeadamente a passagem entre par\u00eanteses e assinalada com um ponto de exclama\u00e7\u00e3o \"<em>especialmente os derivados da natureza!<\/em>\" est\u00e1 incorreto.<br>Os \u00f3leos produzidos sinteticamente t\u00eam um potencial muito mais elevado de serem prejudiciais para a sa\u00fade. Devido ao seu elevado potencial alerg\u00e9nico, s\u00f3 26 \u00f3leos de fragr\u00e2ncia sint\u00e9ticos foram inclu\u00eddos na <a href=\"https:\/\/www.haut.de\/inhaltsstoffe-inci\/\" target=\"_blank\" rel=\"noreferrer noopener\">Lista INCI<\/a> (Nomenclatura Internacional dos Ingredientes Cosm\u00e9ticos). Oito deles s\u00e3o de origem puramente sint\u00e9tica (<em>Amilcinamal, hidroxicitronelal, \u00e1lcool amilcinam\u00edlico, 4-(4-hidroxi-4-metilpentil)-3-ciclo-hexenocarboxalde\u00eddo 1), 2-(4-terc-butilbenzil)propionalde\u00eddo, hexilcinamalde\u00eddo, carbonato de metil-heptina (\u00e9ster met\u00edlico do \u00e1cido 2-oct\u00ednico), 3-metil-4-(2,6,6-trimetil-2-ciclohexen-1-il)-3-buten-2-ona<\/em>).<br><br>Alguns \u00f3leos (parcial ou totalmente) sint\u00e9ticos est\u00e3o patenteados, raz\u00e3o pela qual n\u00e3o \u00e9 disponibilizada uma lista dos ingredientes espec\u00edficos para a prote\u00e7\u00e3o (econ\u00f3mica) do segredo comercial assim estabelecido. Sem conhecer a composi\u00e7\u00e3o exacta, n\u00e3o \u00e9 poss\u00edvel tirar conclus\u00f5es concretas sobre eventuais riscos para a sa\u00fade.<br><br>Em contrapartida, os \u00f3leos essenciais puros s\u00e3o disponibilizados ao cliente final de forma transparente em termos de composi\u00e7\u00e3o, atrav\u00e9s de uma an\u00e1lise por cromatografia gasosa orientada para os lotes, nos respectivos s\u00edtios Web, pelo menos no caso da D\u014dTERRA e da YoungLivinig.<br>Isto permite uma avalia\u00e7\u00e3o exacta de qualquer poss\u00edvel efeito nocivo, dependente da dose. Tal como acontece com todas as subst\u00e2ncias qu\u00edmicas, \u00e9 aconselh\u00e1vel efetuar um teste de alergia adequado antes da exposi\u00e7\u00e3o, caso exista um potencial, como parte do dever de cuidado habitual.<\/p>\n\n\n\n<p><strong>Conjunto 3<\/strong> est\u00e1, portanto, incorreto.<\/p>\n\n\n\n<p><strong>Conjunto 4<\/strong> afecta uma utiliza\u00e7\u00e3o correta e respons\u00e1vel. Quem utiliza incorretamente uma aplica\u00e7\u00e3o n\u00e3o deve ficar surpreendido com as consequ\u00eancias nefastas para a sa\u00fade.<br>Embora o \u00e1cido clor\u00eddrico no est\u00f4mago ajude a decompor os alimentos e seja inofensivo para o organismo, um sopro de uma garrafa de \u00e1cido clor\u00eddrico (na concentra\u00e7\u00e3o correta) provocar\u00e1 certamente uma queimadura qu\u00edmica das vias respirat\u00f3rias.<\/p>\n\n\n\n<p><strong>Conjuntos 5 e 6<\/strong> assinalar a toxicidade e a causa do cancro, bem como a necessidade de produ\u00e7\u00e3o e aconselhamento s\u00e9rios, como a dosagem.<br>Por um lado, como Paracelso j\u00e1 escreveu, a dose faz o veneno; por outro lado, o conhecimento dos ingredientes completos e, por conseguinte, a pureza, mas tamb\u00e9m o aconselhamento s\u00e3o elementares para uma aplica\u00e7\u00e3o segura e \u00fatil.<\/p>\n\n\n\n<p>As furocumarinas, por exemplo, tamb\u00e9m s\u00e3o suspeitas de terem um efeito cancer\u00edgeno. No entanto, apenas em rela\u00e7\u00e3o \u00e0 exposi\u00e7\u00e3o aos raios UV. Caso contr\u00e1rio, t\u00eam um efeito antioxidante e - muito pelo contr\u00e1rio - actuam como <a href=\"https:\/\/www.tandfonline.com\/doi\/full\/10.3109\/13880200903486636\" target=\"_blank\" rel=\"noreferrer noopener\">Inibidor do cancro<\/a>.<\/p>\n\n\n\n<p>As subst\u00e2ncias fotossensibilizantes (como o Bergaptene) requerem prote\u00e7\u00e3o solar para evitar o efeito cancer\u00edgeno da radia\u00e7\u00e3o UV (! - n\u00e3o o \u00f3leo essencial).<\/p>\n\n\n\n<p>Como sempre, a sobredosagem deve ser evitada para prevenir efeitos indesej\u00e1veis (carcinogenicidade e genotoxicidade), como no caso do estragol (por exemplo, contido no estrag\u00e3o, eucalipto e funcho), ou. Safrol - que est\u00e1 contido no \u00f3leo de sassafr\u00e1s (com at\u00e9 80%), c\u00e2nfora, pimenta preta, canela, manjeric\u00e3o, noz-moscada - por ordem decrescente de concentra\u00e7\u00e3o.<br>A carcinogenicidade e a genotoxicidade acima referidas foram observadas em doses elevadas a muito elevadas.<\/p>\n\n\n\n<ul class=\"wp-block-list\">\n<li>4. ser\u00e3o divididos em conjuntos para uma melhor visualiza\u00e7\u00e3o:<\/li>\n\n\n\n<li>\u201e<em>Infelizmente, a atual onda de euforia e entusiasmo pela EEE nas comunidades eclesiais livres \u00e9, em grande parte, causada por pessoas que mostram uma afei\u00e7\u00e3o particular por m\u00e9todos alternativos ou medicina complementar.<\/em>\u201e<\/li>\n<\/ul>\n\n\n\n<p>Tal como todos os produtos est\u00e3o ligados \u00e0s tend\u00eancias actuais da publicidade, os \u00f3leos essenciais n\u00e3o s\u00e3o exce\u00e7\u00e3o a esta pr\u00e1tica.<br>Se associa o produto, de acordo com a publicidade, a esses aspectos esot\u00e9ricos, rituais ou mesmo ocultos, \u00e9 consigo.<br>O entusiasmo e a afei\u00e7\u00e3o citados tamb\u00e9m n\u00e3o dependem do grupo de utilizadores, mas est\u00e3o distribu\u00eddos por toda a sociedade em percentagens vari\u00e1veis.<\/p>\n\n\n\n<p>N\u00e3o s\u00e3o os \u00f3leos essenciais que s\u00e3o esot\u00e9ricos, ritualistas ou ocultistas, mas apenas o utilizador determina a orienta\u00e7\u00e3o.<\/p>\n\n\n\n<ul class=\"wp-block-list\">\n<li>\u201e<em>Entre os fornecedores de produtos - que \"dominam\" o mercado - verifica-se que a for\u00e7a motriz atual \u00e9 sobretudo a dos representantes dos chamados procedimentos hol\u00edsticos, que afirmam que o \u00c4\u00d6 \u00e9 uma panaceia.<\/em>\u201e<\/li>\n<\/ul>\n\n\n\n<p>Para al\u00e9m do facto de todos os prestadores de servi\u00e7os estarem proibidos por lei de fazer promessas de cura, faltam aqui fontes que fundamentem factualmente a afirma\u00e7\u00e3o acima.<\/p>\n\n\n\n<ul class=\"wp-block-list\">\n<li>\u201e<em>Aqui, os fornecedores e distribuidores s\u00e3o frequentemente representantes da MTC, da Ayurveda, do ioga, do hindu\u00edsmo, do budismo ou, pelo menos, da aromaterapia. Falam abertamente de tratamentos ao n\u00edvel dos poderes, da mente e do subconsciente.<\/em>\u201e<\/li>\n<\/ul>\n\n\n\n<p>Enquanto a MTC representa a Medicina Tradicional Chinesa e a Ayurveda o seu equivalente indiano, e o Hindu\u00edsmo e o Budismo s\u00e3o religi\u00f5es mundiais, a aromaterapia n\u00e3o \u00e9 uma vis\u00e3o m\u00e9dica nem religiosa do mundo.<br>Aqueles que colocam os \u00f3leos essenciais no contexto acima referido podem decidir por si pr\u00f3prios, mas isso n\u00e3o estabelece uma validade geral per se.<\/p>\n\n\n\n<ul class=\"wp-block-list\">\n<li>\u201e<em>Isto torna-se muito claro mesmo com uma an\u00e1lise superficial dos produtos das empresas D\u014dTERRA e Melaleuka, que s\u00e3o muito populares e publicitados entre os russos-alem\u00e3es atualmente. Por conseguinte, n\u00e3o se recomenda a utiliza\u00e7\u00e3o destes produtos neste contexto, nem a obten\u00e7\u00e3o dos \u00f3leos nas fontes correspondentes.<\/em>\u201e<\/li>\n<\/ul>\n\n\n\n<p>Independentemente da nacionalidade, a afirma\u00e7\u00e3o acima \u00e9 geralmente incorrecta (possivelmente verdadeira em rela\u00e7\u00e3o ao munic\u00edpio conhecido pelo autor).<br>N\u00e3o s\u00e3o disponibilizadas fontes espec\u00edficas, nem s\u00e3o mencionados ou propagados conte\u00fados esot\u00e9ricos tendentes \u00e0 MTC, Ayurveda, Budismo ou Hindu\u00edsmo nos s\u00edtios Web das empresas mencionadas.<\/p>\n\n\n\n<p>A utiliza\u00e7\u00e3o de uma ta\u00e7a de lat\u00e3o para apresentar bolos ou doces, por exemplo, n\u00e3o \u00e9 geralmente criticada, mas a sua utiliza\u00e7\u00e3o como ta\u00e7a de incenso \u00e9 mais suscet\u00edvel de ser interpretada de uma forma esot\u00e9rica e ritualista.<br>No entanto, deduzir da\u00ed que os fabricantes de ta\u00e7as de lat\u00e3o devem ser evitados e que as suas ta\u00e7as n\u00e3o devem ser utilizadas pelos crist\u00e3os \u00e9 como deitar fora o proverbial beb\u00e9 com a \u00e1gua do banho.<\/p>\n\n\n\n<ul class=\"wp-block-list\">\n<li>5. \u201e<em>Se necess\u00e1rio, os \u00f3leos essenciais podem ser obtidos na farm\u00e1cia a um pre\u00e7o significativamente mais baixo. Podem tamb\u00e9m fornecer conselhos adequados para que sejam utilizados com a indica\u00e7\u00e3o, o m\u00e9todo de aplica\u00e7\u00e3o e a dose corretos.<\/em>\u201e<\/li>\n<\/ul>\n\n\n\n<p>O Pharmazeutische Zeitung publicou um artigo sobre este tema em <em><a href=\"https:\/\/www.pharmazeutische-zeitung.de\/titel-15-2002\/\" target=\"_blank\" rel=\"noreferrer noopener\">Entre o esoterismo e o direito farmac\u00eautico<\/a><\/em> de 8 de abril de 2002, apresentou uma boa panor\u00e2mica da pr\u00e1tica dos farmac\u00eauticos em rela\u00e7\u00e3o aos regulamentos legais, incluindo os da Farmacopeia Alem\u00e3 (DAB), e teve em conta os problemas associados aos \u00f3leos essenciais.<\/p>\n\n\n\n<p>Entre outros aspectos, \u00e9 real\u00e7ada a dete\u00e7\u00e3o (cromatogr\u00e1fica em fase gasosa) dos componentes e da qualidade dos \u00f3leos essenciais. <a href=\"https:\/\/csiag.de\/pt\/oleos-essenciais-odisseia-de-uma-busca\/\" data-type=\"post\" data-id=\"8372\">Fabricantes<\/a> n\u00e3o \u00e9 fornecido ou n\u00e3o \u00e9 fornecido na \u00edntegra. O artigo associado trata da procura de fabricantes que disponibilizem essas provas ao cliente final na \u00edntegra, quer nos seus s\u00edtios Web, quer explicitamente a pedido, mas tamb\u00e9m daqueles que n\u00e3o podem fornecer qualquer informa\u00e7\u00e3o a este respeito.<\/p>\n\n\n\n<p>A import\u00e2ncia deste facto \u00e9 real\u00e7ada pelo aumento do rendimento do \u00f3leo essencial, que \u00e9 muitas vezes for\u00e7ado por temperaturas de destila\u00e7\u00e3o e\/ou press\u00f5es mais elevadas devido \u00e0 gan\u00e2ncia pelo lucro, e pelas propriedades quimicamente alteradas (reestrutura\u00e7\u00e3o das liga\u00e7\u00f5es) dos ingredientes activos da\u00ed resultantes. Em determinadas circunst\u00e2ncias, os efeitos curativos originais podem perder-se completamente ou podem desenvolver-se outros efeitos.<br>Deve ser f\u00e1cil compreender por que raz\u00e3o esses \u00f3leos s\u00e3o (ou podem ser) oferecidos \"significativamente mais baratos\".<\/p>\n\n\n\n<p>A pr\u00e1tica mostra que os farmac\u00eauticos podem estar familiarizados com o seu ambiente farmac\u00eautico, mas n\u00e3o necessariamente com o dom\u00ednio dos \u00f3leos essenciais. A recomenda\u00e7\u00e3o contida na frase citada no in\u00edcio deve, por conseguinte, ser tratada com prud\u00eancia.<\/p>\n\n\n\n<ul class=\"wp-block-list\">\n<li>6. tamb\u00e9m dividido aqui por uma quest\u00e3o de clareza:<\/li>\n\n\n\n<li>\u201e<em>H\u00e1 tamb\u00e9m uma tend\u00eancia preocupante que n\u00e3o come\u00e7ou apenas com a atual vaga de ofertas.<br>do Aeolus \u00e9 reconhec\u00edvel. A igreja de Jesus Cristo, com a estreita comunh\u00e3o que a caracteriza<br>de crentes, est\u00e1 hoje a tornar-se um mercado de vendas para algumas empresas. Aqui encontram um<br>abertura acima da m\u00e9dia a m\u00e9todos alternativos e um interesse particular em<br>ofertas de sa\u00fade \"naturais\".<br>H\u00e1 cada vez mais membros da comunidade que se entusiasmam com estes produtos ou mesmo<br>possivelmente a partir de um esfor\u00e7o para ganhar a vida, numa estrutura de vendas deste tipo.<br>empresas podem ser integradas. Actuam como intermedi\u00e1rios e vendem os produtos (atualmente \u00c4\u00d6)<br>de forma proactiva na comunidade. Aqui, os irm\u00e3os, amigos e parentes s\u00e3o cortejados e os produtos s\u00e3o<br>oferecido. <\/em><\/li>\n<\/ul>\n\n\n\n<p>Independentemente do local, do sistema de cren\u00e7as, do produto ou do que quer que seja: se a piza do \"Da Mario\" for particularmente saborosa, as pessoas espalhar\u00e3o imediatamente a palavra, seja onde for e em que ocasi\u00e3o for. Partindo do princ\u00edpio de que se recebe uma piza gr\u00e1tis por cada terceira recomenda\u00e7\u00e3o, e que esta, por sua vez, \u00e9 passada adiante, nada mais \u00e9 do que um conceito de quase-venda ou \"MLM\" criado ao longo do tempo.<\/p>\n\n\n\n<p>No entanto, tal n\u00e3o significa que a qualidade da piza seja subitamente inferior, nem que o propriet\u00e1rio deva ser condenado por estar satisfeito e reconhecer o empenho dos seus clientes satisfeitos.<\/p>\n\n\n\n<p>Se um destes clientes pertencer \u00e0 f\u00e9 budista ou a um grupo esot\u00e9rico, as pizzas e os pizzaiolos continuam a ser bons e recomend\u00e1veis, mas n\u00e3o fazem parte de uma religi\u00e3o mundial nem do esoterismo.<\/p>\n\n\n\n<ul class=\"wp-block-list\">\n<li><em>Infelizmente, n\u00e3o \u00e9 raro que as estrat\u00e9gias praticadas sejam utilizadas para aumentar a press\u00e3o (\"Queres<br>que o seu filho vai ser saud\u00e1vel?\" ou \"Porque n\u00e3o experimenta pelo menos uma vez?<br>natural\/vegetal e completamente inofensivo!\"). <\/em><\/li>\n<\/ul>\n\n\n\n<p>Espalhar o medo (e assim criar press\u00e3o) sempre foi um meio experimentado e testado de manipular as pessoas. Quem age desta forma dificilmente se conformar\u00e1 com a B\u00edblia.<\/p>\n\n\n\n<p>Em alternativa, a abordagem \"Dou-lhe aqui uma amostra (que comprei), diga-me se ajudou\" est\u00e1 mais de acordo com a ideia de caridade e cuidado. E se a \"pizza souber bem\", o resto acontecer\u00e1 por si s\u00f3, sem press\u00f5es nem medos!<\/p>\n\n\n\n<p>Sempre houve e continua a haver ovelhas negras que passam por cima de cad\u00e1veres para obter lucro e vendem ao esquim\u00f3 um frigor\u00edfico. No entanto, estes n\u00e3o devem ser encontrados, ou s\u00f3 muito raramente, sobretudo entre os crist\u00e3os...!<\/p>\n\n\n\n<ul class=\"wp-block-list\">\n<li><em>N\u00e3o \u00e9 raro que estes produtos sejam utilizados por<br>(antigos) irm\u00e3os que abandonaram o caminho estreito, mas ainda t\u00eam contactos<br>para as (velhas) igrejas. Aqui o inimigo quer a igreja de Jesus Cristo, que \u00e9 uma casa<br>de Deus, coluna e fundamento da verdade, torna-se um armaz\u00e9m e um covil de ladr\u00f5es.<br>Que os filhos de Deus se sintam aqui como o nosso Senhor e Mestre se sentiu ent\u00e3o: (Jo\u00e3o 2,16-17):<br>O zelo pela tua casa consumiu-me - N\u00e3o transformes a casa de meu pai numa loja de departamentos!<\/em>\u201e<\/li>\n<\/ul>\n\n\n\n<p>Se os \"antigos\" membros da igreja \"abandonaram o caminho estreito\" \u00e9 uma quest\u00e3o discut\u00edvel, a menos que se junte \u00e0s fileiras dos sect\u00e1rios que s\u00f3 reconhecem a sua interpreta\u00e7\u00e3o espec\u00edfica da B\u00edblia como universalmente v\u00e1lida.<\/p>\n\n\n\n<p>Por uma quest\u00e3o de exaustividade, Jo\u00e3o deve ser citado no contexto: <\/p>\n\n\n\n<p><em>14 E encontrou os vendedores de bois, ovelhas e pombas e os cambistas sentados no templo.<br>15 E, fazendo um flagelo de cordas, expulsou todos do templo, at\u00e9 as ovelhas e os bois; e derramou as moedas dos cambistas, e virou as mesas;<br>16 E aos vendedores de pombas disse: Tirai daqui isto; n\u00e3o fa\u00e7ais da casa de meu pai uma loja.<\/em><\/p>\n\n\n\n<p>O templo foi transformado num mercado. Aplicado aos \u00f3leos essenciais aqui em discuss\u00e3o: se irm\u00e3os e irm\u00e3s montam bancas na igreja e oferecem os seus produtos para venda, isso corresponderia \u00e0 descri\u00e7\u00e3o de Jo\u00e3o, an\u00e1loga \u00e0s ac\u00e7\u00f5es de Jesus, e justificaria uma a\u00e7\u00e3o apropriada.<\/p>\n\n\n\n<p>No entanto, se os irm\u00e3os e as irm\u00e3s falarem sobre a sua vida quotidiana, as suas experi\u00eancias, as suas preocupa\u00e7\u00f5es, a melhor pizza da cidade, as \u00faltimas ofertas da loja de descontos ou mesmo os \u00f3leos essenciais durante um encontro acolhedor ap\u00f3s a cerim\u00f3nia, isso constituiria uma restri\u00e7\u00e3o inaceit\u00e1vel dos direitos pessoais de cada um.<\/p>\n\n\n\n<ul class=\"wp-block-list\">\n<li>7. \u201e<em>Tamb\u00e9m \u00e9 lament\u00e1vel e n\u00e3o conduz \u00e0 comunh\u00e3o quando irm\u00e3os e irm\u00e3s se tornam um fardo para os outros atrav\u00e9s do seu pr\u00f3prio uso do \u00c4\u00d6 com a sua fragr\u00e2ncia e perturbam a comunh\u00e3o.<\/em>\u201e<\/li>\n<\/ul>\n\n\n\n<p>Nem toda a gente quer cheirar a \"fragr\u00e2ncia\" de um perfume geralmente muito caro, especialmente porque a maioria dos perfumes consiste exclusivamente em composi\u00e7\u00f5es de fragr\u00e2ncias sint\u00e9ticas e, por conseguinte, n\u00e3o s\u00e3o conducentes a uma boa sa\u00fade.<\/p>\n\n\n\n<p>No entanto, uma pessoa com compet\u00eancias sociais n\u00e3o ter\u00e1 a ideia de excluir algu\u00e9m de uma comunidade. Evitar\u00e1 estar \u00e0 dist\u00e2ncia de um cheiro.<\/p>\n\n\n\n<p>Mas dizer-lhe que \u00e9 um fardo para os outros e um desordeiro com o seu perfume provavelmente n\u00e3o estaria de acordo com a recomenda\u00e7\u00e3o b\u00edblica para o comportamento de um crist\u00e3o.<\/p>\n\n\n\n<ul class=\"wp-block-list\">\n<li>8. \u201e<em>As massagens de bem-estar, com ou sem aromaterapia, s\u00e3o ofertas modernas que tamb\u00e9m \"caem bem\" aos filhos de Deus. Temos de os avisar. Seguir Jesus n\u00e3o \u00e9 uma oferta para se sentir bem - \u00e9 um apelo \u00e0 abnega\u00e7\u00e3o, ao carregar da cruz e ao servi\u00e7o do Senhor.<\/em>\u201e<\/li>\n<\/ul>\n\n\n\n<p>As \"massagens de bem-estar com ou sem aromaterapia\" servem apenas para promover o bem-estar humano e equilibrar a vida quotidiana stressante, por exemplo, para combater c\u00e3ibras musculares ou, com a aplica\u00e7\u00e3o olfactiva (atrav\u00e9s do sentido do olfato), tamb\u00e9m para ter um efeito neurol\u00f3gico e psicologicamente regulador. A massagem de bem-estar n\u00e3o compete nem substitui o seguimento de Jesus,<\/p>\n\n\n\n<ul class=\"wp-block-list\">\n<li>\"Foi o que Maria fez em Jo\u00e3o 12: levou tamb\u00e9m para casa um \u00f3leo de unguento. Mas n\u00e3o para se aplicar a si pr\u00f3pria. Toda a aten\u00e7\u00e3o e devo\u00e7\u00e3o devem ser dadas a Jesus.\"<\/li>\n<\/ul>\n\n\n\n<p>Jo\u00e3o 12:3 diz: \"Ent\u00e3o Maria tomou uma libra de \u00f3leo da un\u00e7\u00e3o, puro e delicioso, ungiu os p\u00e9s de Jesus e enxugou-lhe os p\u00e9s com os seus cabelos, e a casa encheu-se com o cheiro do \u00f3leo da un\u00e7\u00e3o.\"<\/p>\n\n\n\n<p>O \u00f3leo de nardo \u00e9 extra\u00eddo da nardo, uma planta da valeriana, e \u00e9 utilizado na MTC e na medicina ayurv\u00e9dica, mesmo que isso possa n\u00e3o ser do agrado de \"n\u00f3s, crist\u00e3os\".<\/p>\n\n\n\n<p>Tem propriedades antioxidantes, anti-inflamat\u00f3rias, calmantes, ansiol\u00edticas e relaxantes musculares, promove a paz interior e o sono, equilibra o humor, reduz o nervosismo e tem propriedades que cuidam da pele.<br>A aplica\u00e7\u00e3o t\u00f3pica do \u00f3leo nos p\u00e9s de Jesus foi, portanto, capaz de desenvolver todo o seu espetro de efeitos no corpo de Jesus. Tanto mais que os princ\u00edpios activos atingem o local de a\u00e7\u00e3o atrav\u00e9s das plantas dos p\u00e9s pela segunda via mais r\u00e1pida (s\u00e3o absorvidos olfativamente mais rapidamente, em cerca de 22 segundos) -&gt; \"... a casa encheu-se com o cheiro do \u00f3leo da un\u00e7\u00e3o\".<\/p>\n\n\n\n<p>Ent\u00e3o a Maria \"fez tudo bem\"! E n\u00f3s tamb\u00e9m!<\/p>\n\n\n\n<ul class=\"wp-block-list\">\n<li>\u201e(1) <em>Qualquer pessoa que organize a sua vida desta forma pode tamb\u00e9m utilizar os \u00f3leos essenciais para problemas de sa\u00fade ou doen\u00e7as com simplicidade e em conformidade com a indica\u00e7\u00e3o m\u00e9dica e o tipo de aplica\u00e7\u00e3o. (2) Mas n\u00e3o sob a bandeira da aromaterapia e do bem-estar. (3) Nem sob a press\u00e3o de uma estrat\u00e9gia de vendas habilmente constru\u00edda por algumas empresas. (4) Os filhos de Deus devem abster-se disso.<\/em>\u201e<\/li>\n<\/ul>\n\n\n\n<p><strong>Conjunto 1<\/strong> pleno acordo.<\/p>\n\n\n\n<p><strong>Conjunto 2<\/strong> N\u00e3o h\u00e1 nada a dizer contra a aromaterapia e o bem-estar, porque ambos s\u00e3o ben\u00e9ficos para o corpo humano e para a sua sa\u00fade e, portanto, est\u00e3o em harmonia com a vontade de Deus.<br>As religi\u00f5es n\u00e3o baseadas na B\u00edblia ou as tradi\u00e7\u00f5es do Extremo Oriente, por outro lado, devem continuar a ser vistas de forma cr\u00edtica.<\/p>\n\n\n\n<p><strong>Conjunto 3<\/strong> Tanto a press\u00e3o como o medo n\u00e3o s\u00e3o medidas legitimadas pela B\u00edblia. N\u00e3o se enquadram nem em argumentos de venda economicamente orientados, nem em declara\u00e7\u00f5es politicamente motivadas ou noutras estrat\u00e9gias que visam a manipula\u00e7\u00e3o.<\/p>\n\n\n\n<p><strong>Conjunto 4<\/strong> No sentido do coment\u00e1rio \u00e0 frase 3: Acordo.<\/p>\n\n\n\n<h2 class=\"wp-block-heading\"><span class=\"ez-toc-section\" id=\"Kurzgefasst\"><\/span>Em resumo<span class=\"ez-toc-section-end\"><\/span><\/h2>\n\n\n\n<p>Observa\u00e7\u00f5es da Auzugsweise:<\/p>\n\n\n\n<ul class=\"wp-block-list\">\n<li>\u201e<em>Os \u00f3leos assumem rapidamente o estatuto de agente de mudan\u00e7a de car\u00e1cter e t\u00eam um efeito quase<br>como uma cura para a alma, tornando-se assim uma religi\u00e3o e um meio de salva\u00e7\u00e3o.<\/em>\u201e<\/li>\n<\/ul>\n\n\n\n<p>Os \u00f3leos essenciais n\u00e3o s\u00e3o uma religi\u00e3o, nem uma \"cura para a alma\" ou um \"meio de salva\u00e7\u00e3o\". A m\u00e1 utiliza\u00e7\u00e3o \u00e9 sempre da responsabilidade do utilizador.<br>Alguns \u00f3leos essenciais podem ter efeitos psicoactivos, uma vez que as mol\u00e9culas s\u00e3o perme\u00e1veis \u00e0s c\u00e9lulas e t\u00eam um efeito olfativo muito r\u00e1pido.<\/p>\n\n\n\n<p>Se o utilizador os transforma numa religi\u00e3o, etc., ent\u00e3o \u00e9 ele que lhes atribui esse significado. Os \u00f3leos essenciais continuam a ser o que s\u00e3o: Subst\u00e2ncias naturais, qu\u00edmicas, com uma concentra\u00e7\u00e3o e distribui\u00e7\u00e3o individual de ingredientes activos que variam de acordo com o cultivo geogr\u00e1fico, as condi\u00e7\u00f5es climat\u00e9ricas, a \u00e9poca da colheita e o tipo de destila\u00e7\u00e3o e, por conseguinte, tamb\u00e9m com efeitos e pre\u00e7os diferentes.<\/p>\n\n\n\n<ul class=\"wp-block-list\">\n<li><em>... O pre\u00e7o aqui tamb\u00e9m \u00e9 muito elevado. Os \u00f3leos destes fornecedores podem ser obtidos a pre\u00e7os muito mais baixos noutras fontes. Por conseguinte, \u00e9 prefer\u00edvel n\u00e3o utilizar os \u00f3leos deste fornecedor.<\/em>\u201e<\/li>\n<\/ul>\n\n\n\n<p>Infelizmente, o autor volta a n\u00e3o fornecer uma fonte e uma justifica\u00e7\u00e3o para a sua opini\u00e3o, tanto de que o pre\u00e7o \u00e9 \"muito elevado\" como de que os \u00f3leos \"podem ser obtidos de forma muito mais barata noutras fontes\".<\/p>\n\n\n\n<p>Este argumento prova que n\u00e3o foram analisadas nem as condi\u00e7\u00f5es nem todo o processo de produ\u00e7\u00e3o de um \u00f3leo essencial eficaz do ponto de vista terap\u00eautico. Do mesmo modo, parecem desconhecer-se as possibilidades de adultera\u00e7\u00e3o e de estiramento dos \u00f3leos essenciais, que t\u00eam uma enorme influ\u00eancia na estrutura dos pre\u00e7os. J\u00e1 para n\u00e3o falar dos departamentos de investiga\u00e7\u00e3o de fabrico e de garantia de qualidade.<\/p>\n\n\n\n<p>O conselho generalizado \u00e9, portanto, \"<em>abster-se de utilizar \u00f3leos deste fornecedor ...<\/em>\" e a compra de \u00f3leos de fontes inevitavelmente n\u00e3o seguras.<br>Ao faz\u00ea-lo, estamos a aceitar que aquilo que constru\u00edmos anteriormente como uma amea\u00e7a se concretize: que os \u00f3leos essenciais s\u00e3o t\u00f3xicos, alerg\u00e9nicos, cancer\u00edgenos, entre outras coisas, se as pessoas utilizarem ou mesmo consumirem esses \u00f3leos que n\u00e3o s\u00e3o qualitativamente seguros!<\/p>\n\n\n\n<p>O que \u00e9 que foi aquilo dos \"medos\" e das \"amea\u00e7as\"?<\/p>\n\n\n\n<ul class=\"wp-block-list\">\n<li>\u201e(1) <em>Na pr\u00e1tica, umas rosas do marido com algumas palavras de apre\u00e7o podem<br>um efeito arom\u00e1tico n\u00e3o menos importante e uma melhoria do humor nas mulheres.<br>do que um frasco de 5 ml de \u00f3leo por 434 euros! (2) Um ch\u00e1 (ou uma salada) preparado com carinho tamb\u00e9m pode<br>com lim\u00e3o pode at\u00e9 ter um efeito melhor num familiar constipado do que um<br>Gotas de \u00f3leo de uma pequena garrafa por 168 euros!<\/em>\u201e<\/li>\n<\/ul>\n\n\n\n<p><strong>Conjunto 1<\/strong> Apoio plenamente a recomenda\u00e7\u00e3o ao marido!<\/p>\n\n\n\n<p>A men\u00e7\u00e3o do \u00f3leo de rosas de 5 ml a 434 euros, tal como o \u00f3leo de b\u00e1lsamo de lim\u00e3o a 168 euros, tem provavelmente como objetivo sublinhar os pre\u00e7os \"exagerados\" do \"fabricante\".<\/p>\n\n\n\n<p>A ignor\u00e2ncia do autor \u00e9 evidente neste caso: Se se tivesse informado corretamente antes de publicar este documento, saberia que \u00e9 necess\u00e1rio colher 10 000(!) flores frescas de \"Rosa damascena\", retirar cuidadosamente as folhas da flor, uma a uma, para extrair exatamente estes 5 ml de \u00f3leo de rosas por destila\u00e7\u00e3o a vapor. As flores s\u00e3o colhidas num dia e destiladas no mesmo dia.<br>Deixo de bom grado o c\u00e1lculo da rentabilidade ao autor, o Dr. Enns.<\/p>\n\n\n\n<p><strong>Conjunto 2<\/strong> A recomenda\u00e7\u00e3o do ch\u00e1 fica \"um pouco atr\u00e1s\" - por exemplo, teria de beber 28 ch\u00e1venas de ch\u00e1 de hortel\u00e3-pimenta para obter o equivalente a uma(!) gota de \u00f3leo de hortel\u00e3-pimenta. O efeito de uma ch\u00e1vena de ch\u00e1 n\u00e3o deve sequer aproximar-se de um efeito placebo.<\/p>\n\n\n\n<ul class=\"wp-block-list\">\n<li>Mas como \u00e9 bom quando os filhos de Deus praticam o \"bem-estar crist\u00e3o\". Quando aprendem a serenidade, experimentam a seguran\u00e7a no Senhor e experimentam o efeito libertador da culpa perdoada. Este \"bem-estar\" da f\u00e9 (\"estou bem no Senhor\") pode ter efeitos f\u00edsicos muito positivos, como at\u00e9 estudos cient\u00edficos demonstraram. Cada um deve verificar regularmente se a sua pr\u00f3pria \"vida\" espiritual e mental est\u00e1 em equil\u00edbrio!<\/li>\n<\/ul>\n\n\n\n<p>Mesmo que os estudos generalizados acima referidos permane\u00e7am inominados, concordo certamente com os coment\u00e1rios. No entanto, a nossa pr\u00f3pria sa\u00fade \u00e9 uma condi\u00e7\u00e3o pr\u00e9via para podermos ajudar e apoiar outras pessoas. Por conseguinte, cuidar da pr\u00f3pria sa\u00fade n\u00e3o \u00e9 menos um dever crist\u00e3o do que o cuidado espiritual. Subestimar estes cuidados de sa\u00fade sob o termo \"bem-estar\" como ideol\u00f3gicos ou seculares \u00e9 demasiado m\u00edope.<\/p>\n\n\n\n<p>Cabe a cada um agir sob a sua pr\u00f3pria responsabilidade e em conformidade com a Palavra de Deus. Quem usa uma faca usa-a para o seu pr\u00f3prio bem, quem usa \u00f3leos essenciais faz o mesmo.<\/p>\n\n\n\n<p>Nem as facas nem o \u00f3leo s\u00e3o conden\u00e1veis se a pessoa que os manuseia faz mau uso deles e N\u00c3O age de acordo com a vontade de Deus!<\/p>","protected":false},"excerpt":{"rendered":"<p><span class=\"span-reading-time rt-reading-time\" style=\"display: block;\"><span class=\"rt-label rt-prefix\">Tempo de leitura<\/span> <span class=\"rt-time\"> 13<\/span> <span class=\"rt-label rt-postfix\">minutos<\/span><\/span> ABEM e.V., Im Erlengrund 24, 32791 Lage, hat ein Dokument von &#8222;Dr. Peter Enns&#8220; herausgegeben, in dem &#8222;Nutzen und Gefahren der \u00c4therischen \u00d6le&#8220; dargelegt werden. &#8222;Der ABEM e.V. (Arbeitskreis biblische Ethik in der Medizin) ist ein gemeinn\u00fctziger Verein, der im Jahr 1995 von einer Gruppe engagierter Mediziner und Theologen ins Leben gerufen wurde.&#8222; Ihr&hellip;&nbsp;<a href=\"https:\/\/csiag.de\/pt\/blog\/2025\/01\/27\/abem-e-v-nutzen-und-gefahren-der-aetherischen-oele-pdf\/\" rel=\"bookmark\">Ler mais \"<span class=\"screen-reader-text\">ABEM e.V. - Benef\u00edcios e perigos dos \u00f3leos essenciais (PDF)<\/span><\/a><\/p>","protected":false},"author":1,"featured_media":0,"comment_status":"open","ping_status":"open","sticky":false,"template":"","format":"standard","meta":{"_lmt_disableupdate":"","_lmt_disable":"","neve_meta_sidebar":"","neve_meta_container":"","neve_meta_enable_content_width":"","neve_meta_content_width":0,"neve_meta_title_alignment":"","neve_meta_author_avatar":"","neve_post_elements_order":"","neve_meta_disable_header":"","neve_meta_disable_footer":"","neve_meta_disable_title":"","footnotes":""},"categories":[3401,1768,1078],"tags":[4298,4299,4319,4466,4320,4343,2335,4346,3148,4461,4355,4460,4459,4462,4387,4388,4301,3976,4452,2364,4323,4436,1639,3094,4305,4381,4409,4444,4373,4326,4439,3754,4302,3062,1791,3453,4335,4337,4338,4306,4389,4433,3442,4391,4390,4445,4327,684,4342,3759,4300,4396,4398,3920,3999,4443,4307,4308,3972,3317,4379,4447,4378,4358,4359,4005,4372,4341,4360,4438,4454,3738,4336,3739,3963,4434,4318,4297,4442,1647,4458,4324,4465,4325,1800,4304,3953,3452,1879,3433,4334,1817,4365,4329,4330,1751,4328,4441,4353,4322,4348,4414,4464,4456,4316,4317,2024,4386,4370,3088,4463,4321,214,3878,4375,4376,4377,3897,4349,4314,3981,1443,4366,3732,4357,4356,4419,3998,4416,3447,70,4432,4429,4430,4467,4435,4361,4347,4362,4371,4364,4367,4309,4310,4315,4415,4440,4331,4303,1470,1747,4339,4340,4332,4333,3316,4394,3898,4453,881,4351,4437,4350,3955,4400,4382,4261,4446,4374,4424,4312,4313,607,4468,1789,4345,4344,4311,4368],"class_list":["post-9097","post","type-post","status-publish","format-standard","hentry","category-aetherische-oele","category-esoterik","category-medizin","tag-abem","tag-abem-e-v","tag-allergie","tag-allergieausloesend","tag-allergiepotenzial","tag-allergietest","tag-analyse","tag-analysen","tag-angst","tag-antiinflammatorisch","tag-antioxidant","tag-antioxidanz","tag-antioxidatiiv","tag-anxiolytisch","tag-apotheke","tag-apotheker","tag-arbeitskreis","tag-aromatherapie","tag-arzneimittelrecht","tag-arzt","tag-asthma","tag-atemweg","tag-atemwege","tag-aetherische-oele","tag-aetherisches-oel","tag-ayurveda","tag-baldriangewaechs","tag-basilikum","tag-begeisterung","tag-beratung","tag-bergaptene","tag-betriebsgeheimnis","tag-biblische-ethik","tag-bronchien","tag-buddhismus","tag-charge","tag-chargenorientiert","tag-chemisch","tag-chemische","tag-christen","tag-dab","tag-dampfdestillation","tag-destillation","tag-destillations-druck","tag-destillations-temperatur","tag-dosen","tag-dosierung","tag-dosis","tag-dosisabhaengig","tag-doterra","tag-dr-peter-enns","tag-duft","tag-duftoel","tag-duftoele","tag-elsevier","tag-erbgutschaedigend","tag-erkaeltungen","tag-erkrankungen","tag-erntezeitpunkt","tag-esoterik","tag-esoterisch","tag-esoterische","tag-esoterischen","tag-estragol","tag-estragon","tag-eukalyptus","tag-euphorie","tag-exposition","tag-fenchel","tag-furocumarine","tag-fuersorge","tag-gaschromatografie","tag-gaschromatografiisch","tag-gaschromatographie","tag-gaschromatographisch","tag-gaschrpmatografisch","tag-gefahr","tag-gefahren","tag-genotoxische","tag-genotoxizitaet","tag-geruchssinn","tag-gift","tag-giftig","tag-giftigkeit","tag-gott","tag-heilpflanzen","tag-heilversprechen","tag-hersteller","tag-hinduismus","tag-inci","tag-inci-liste","tag-johannes","tag-kampfer","tag-kanzerogen","tag-kanzerogenitaet","tag-konzentration","tag-krebs","tag-krebserzeugend","tag-krebsinhibitor","tag-llergiker","tag-magen","tag-manipulation","tag-manipulativ","tag-marktplatz","tag-medikament","tag-medikamente","tag-medizin","tag-melaleuka","tag-muskatnuss","tag-muskelrelaxantien","tag-muskelrelaxierend","tag-natur","tag-nebenwirkungen","tag-nutzen","tag-okkult","tag-okkulte","tag-okkulten","tag-olfaktorisch","tag-organismus","tag-palliativ","tag-palliativ-medizin","tag-paracelsus","tag-pfeffer","tag-pflanze","tag-photonsensitiv","tag-photosensibilisierung","tag-psychoaktiv","tag-pubmed","tag-rettungsmittel","tag-riechsinn","tag-risiken","tag-rosa-damascena","tag-rose","tag-rosen-oel","tag-rosenoel","tag-sachgerecht","tag-safrol","tag-salzsaeure","tag-sassafras","tag-sassafras-oel","tag-sassafrasoel","tag-schwarzer-pfeffer","tag-schwerwiegende-erkrankung","tag-schwerwiegende-erkrankungen","tag-sciencedirect","tag-seelenheilmittel","tag-sonnenschutz","tag-ssynthetisch","tag-stellungnahme","tag-studie","tag-studien","tag-substanz","tag-substanzen","tag-synthetische","tag-synthetischeoele","tag-tcm","tag-tempel","tag-topisch","tag-ueberdosierung","tag-uv","tag-uv-einwirkung","tag-uv-strahlung","tag-veraetzung","tag-wellness","tag-wellness-massage","tag-weltreligion","tag-weltreligionen","tag-werbetechnisch","tag-werbung","tag-wirkstoffverteilung","tag-wirkung","tag-wirkungspotenzial","tag-wirtschaftlichkeit","tag-wirtschaftlichkeitsberechnung","tag-yoga","tag-young-living","tag-younglinving","tag-zellen","tag-zimt"],"modified_by":"Achim Goerner","_links":{"self":[{"href":"https:\/\/csiag.de\/pt\/wp-json\/wp\/v2\/posts\/9097","targetHints":{"allow":["GET"]}}],"collection":[{"href":"https:\/\/csiag.de\/pt\/wp-json\/wp\/v2\/posts"}],"about":[{"href":"https:\/\/csiag.de\/pt\/wp-json\/wp\/v2\/types\/post"}],"author":[{"embeddable":true,"href":"https:\/\/csiag.de\/pt\/wp-json\/wp\/v2\/users\/1"}],"replies":[{"embeddable":true,"href":"https:\/\/csiag.de\/pt\/wp-json\/wp\/v2\/comments?post=9097"}],"version-history":[{"count":0,"href":"https:\/\/csiag.de\/pt\/wp-json\/wp\/v2\/posts\/9097\/revisions"}],"wp:attachment":[{"href":"https:\/\/csiag.de\/pt\/wp-json\/wp\/v2\/media?parent=9097"}],"wp:term":[{"taxonomy":"category","embeddable":true,"href":"https:\/\/csiag.de\/pt\/wp-json\/wp\/v2\/categories?post=9097"},{"taxonomy":"post_tag","embeddable":true,"href":"https:\/\/csiag.de\/pt\/wp-json\/wp\/v2\/tags?post=9097"}],"curies":[{"name":"wp","href":"https:\/\/api.w.org\/{rel}","templated":true}]}}