{"id":9023,"date":"2025-01-21T19:30:34","date_gmt":"2025-01-21T19:30:34","guid":{"rendered":"https:\/\/csiag.de\/?p=9023"},"modified":"2025-02-09T13:24:35","modified_gmt":"2025-02-09T13:24:35","slug":"piedzivot-dieva-vadibu","status":"publish","type":"post","link":"https:\/\/csiag.de\/lv\/blog\/2025\/01\/21\/gottes-fuehrung-erleben\/","title":{"rendered":"Pieredz\u0113t Dieva vad\u012bbu"},"content":{"rendered":"<div id=\"ez-toc-container\" class=\"ez-toc-v2_0_82_2 counter-hierarchy ez-toc-counter ez-toc-grey ez-toc-container-direction\">\n<div class=\"ez-toc-title-container\">\n<p class=\"ez-toc-title\" style=\"cursor:inherit\">Satura r\u0101d\u012bt\u0101js<\/p>\n<span class=\"ez-toc-title-toggle\"><\/span><\/div>\n<nav><ul class='ez-toc-list ez-toc-list-level-1' ><li class='ez-toc-page-1 ez-toc-heading-level-2'><a class=\"ez-toc-link ez-toc-heading-1\" href=\"https:\/\/csiag.de\/lv\/blog\/2025\/01\/21\/gottes-fuehrung-erleben\/#Und_jetzt\" >Un tagad?<\/a><\/li><li class='ez-toc-page-1 ez-toc-heading-level-2'><a class=\"ez-toc-link ez-toc-heading-2\" href=\"https:\/\/csiag.de\/lv\/blog\/2025\/01\/21\/gottes-fuehrung-erleben\/#Und_was_ist_nun_mit_Gottes_Fuhrung\" >Un k\u0101 ir ar Dieva vad\u012bbu?<\/a><\/li><li class='ez-toc-page-1 ez-toc-heading-level-2'><a class=\"ez-toc-link ez-toc-heading-3\" href=\"https:\/\/csiag.de\/lv\/blog\/2025\/01\/21\/gottes-fuehrung-erleben\/#Warum\" >K\u0101p\u0113c?<\/a><\/li><li class='ez-toc-page-1 ez-toc-heading-level-2'><a class=\"ez-toc-link ez-toc-heading-4\" href=\"https:\/\/csiag.de\/lv\/blog\/2025\/01\/21\/gottes-fuehrung-erleben\/#Wagnis\" >Uz\u0146\u0113mums Venture<\/a><\/li><li class='ez-toc-page-1 ez-toc-heading-level-2'><a class=\"ez-toc-link ez-toc-heading-5\" href=\"https:\/\/csiag.de\/lv\/blog\/2025\/01\/21\/gottes-fuehrung-erleben\/#Exkurs_%E2%80%93_Die_richtige_Entscheidung\" >Ekskurss - Pareizais l\u0113mums<\/a><ul class='ez-toc-list-level-3' ><li class='ez-toc-heading-level-3'><a class=\"ez-toc-link ez-toc-heading-6\" href=\"https:\/\/csiag.de\/lv\/blog\/2025\/01\/21\/gottes-fuehrung-erleben\/#Die_Suche_nach_Klarheit\" >Skaidr\u012bbas mekl\u0113jumi<\/a><\/li><li class='ez-toc-page-1 ez-toc-heading-level-3'><a class=\"ez-toc-link ez-toc-heading-7\" href=\"https:\/\/csiag.de\/lv\/blog\/2025\/01\/21\/gottes-fuehrung-erleben\/#Unerwartete_Begegnung\" >Negaid\u012bta tik\u0161an\u0101s<\/a><\/li><li class='ez-toc-page-1 ez-toc-heading-level-3'><a class=\"ez-toc-link ez-toc-heading-8\" href=\"https:\/\/csiag.de\/lv\/blog\/2025\/01\/21\/gottes-fuehrung-erleben\/#Die_Entscheidung\" >L\u0113mums<\/a><\/li><li class='ez-toc-page-1 ez-toc-heading-level-3'><a class=\"ez-toc-link ez-toc-heading-9\" href=\"https:\/\/csiag.de\/lv\/blog\/2025\/01\/21\/gottes-fuehrung-erleben\/#Die_Fuhrung_Gottes\" >Dieva vad\u012bba<\/a><\/li><\/ul><\/li><li class='ez-toc-page-1 ez-toc-heading-level-2'><a class=\"ez-toc-link ez-toc-heading-10\" href=\"https:\/\/csiag.de\/lv\/blog\/2025\/01\/21\/gottes-fuehrung-erleben\/#Fazit\" >Secin\u0101jums<\/a><\/li><\/ul><\/nav><\/div>\n<span class=\"span-reading-time rt-reading-time\" style=\"display: block;\"><span class=\"rt-label rt-prefix\">Las\u012b\u0161anas laiks<\/span> <span class=\"rt-time\"> 8<\/span> <span class=\"rt-label rt-postfix\">protokols<\/span><\/span><div class=\"pdfprnt-buttons pdfprnt-buttons-post pdfprnt-top-right\"><a href=\"https:\/\/csiag.de\/lv\/wp-json\/wp\/v2\/posts\/9023?print=pdf\" class=\"pdfprnt-button pdfprnt-button-pdf\" target=\"_blank\" ><\/a><a href=\"https:\/\/csiag.de\/lv\/wp-json\/wp\/v2\/posts\/9023?print=print\" class=\"pdfprnt-button pdfprnt-button-print\" target=\"_blank\" ><img decoding=\"async\" src=\"https:\/\/csiag.de\/wp-content\/plugins\/pdf-print\/images\/print.png\" alt=\"att\u0113la druka\" title=\"Print Content\" \/><span class=\"pdfprnt-button-title pdfprnt-button-print-title\">Druk\u0101t<\/span><\/a><\/div>\n<p>Piedz\u012bvo Dieva vad\u012bbu! Tie, kas ir \"patiesi\" tic\u012bgi, sp\u0113j zi\u0146ot par iev\u0113rojam\u0101m pieredz\u0113m, kas var j\u016bs burtiski p\u0101rsteigt netic\u012bb\u0101.<\/p>\n\n\n\n<p>Tie, kas sav\u0101 tic\u012bb\u0101 ir maz\u0101k \"akt\u012bvi\", ir diezgan skeptiski noska\u0146oti, jo, ja es \u013cauju Dievam mani vad\u012bt, man ir j\u0101atdod st\u016bre, vai ne? Un galu gal\u0101, galu gal\u0101, es ta\u010du gribu b\u016bt pats sev kungs!<br>Turkl\u0101t: varb\u016bt man nemaz nepat\u012bk Vi\u0146a ce\u013ci?<\/p>\n\n\n\n<p>Nu, dilemma, vai ne? - Nu, nekas nav risk\u0113ts, nekas nav ieg\u016bts. Vecs teiciens, bet joproj\u0101m tikpat aktu\u0101ls k\u0101 jebkad agr\u0101k.<\/p>\n\n\n\n<h2 class=\"wp-block-heading\"><span class=\"ez-toc-section\" id=\"Und_jetzt\"><\/span>Un tagad?<span class=\"ez-toc-section-end\"><\/span><\/h2>\n\n\n\n<p>Apl\u016bkosim, k\u0101 Dievs m\u016bs rad\u012bja: K\u0101 cilv\u0113kus ar pr\u0101tu, t.i., ar atbild\u012bbu, sp\u0113ju dom\u0101t, pie\u0146emt l\u0113mumus, at\u0161\u0137irt labo no \u013caun\u0101...<\/p>\n\n\n\n<p>M\u0113s zin\u0101m, kas ir labs un slikts, m\u0113s varam ar\u012b dom\u0101t, bet K\u0100 m\u0113s dom\u0101jam? Nu, ko es grib\u0113tu, M\u0112S! Bet tas, vai tas ir j\u0113gpilni un lietder\u012bgi man, parasti k\u013c\u016bst skaidrs tikai retrospekt\u012bvi. J\u0101, tie\u0161i t\u0101: P\u0113c tam tu vienm\u0113r esi gudr\u0101ks!<\/p>\n\n\n\n<p>Labi. Ja Dievs ir viszino\u0161s, tad vi\u0146\u0161 ar\u012b zina, k\u0101 kaut kas beidzas, kad es daru to, ko es Gribu, vai ne? Nu, labi. Bet, ja es gribu kaut ko t\u0101du, par ko - paties\u012bb\u0101 - prec\u012bzi zinu, ka t\u0101 nav Vi\u0146a griba, bet tik un t\u0101 to daru, vai nevar b\u016bt t\u0101, ka Vi\u0146\u0161 saprot mani un manu v\u0113lmi? Tiesa, Vi\u0146\u0161 to saprat\u012bs, bet vai Vi\u0146\u0161 to apstiprin\u0101s?<\/p>\n\n\n\n<p>Tom\u0113r Vi\u0146\u0161 to pie\u013caus, ja j\u016bs pret\u0113ji Vi\u0146a gribai (Vi\u0146a v\u0101rdam...) izlemsiet cit\u0101di. K\u0101p\u0113c? Tie\u0161i t\u0101p\u0113c, ka j\u016bs neesat marionete. Fj\u016b, tev paveic\u0101s! Vai ar\u012b ne?<\/p>\n\n\n\n<p>K\u0101dam vienm\u0113r ir j\u0101kr\u0101so melna bilde! - N\u0113, nav veiksmes, lab\u0101kaj\u0101 gad\u012bjum\u0101 j\u016bsu v\u0113lme pagaid\u0101m ir apmierin\u0101ta. Jo j\u016bsu r\u012bc\u012bbas sekas v\u0113l tikai n\u0101ks...<\/p>\n\n\n\n<h2 class=\"wp-block-heading\"><span class=\"ez-toc-section\" id=\"Und_was_ist_nun_mit_Gottes_Fuhrung\"><\/span>Un k\u0101 ir ar Dieva vad\u012bbu?<span class=\"ez-toc-section-end\"><\/span><\/h2>\n\n\n\n<p>Smaidi, tu to piedz\u012bvoji br\u012bd\u012b, kad tu - paties\u012bb\u0101 - zin\u0101ji, ka tavs pl\u0101ns neatbilst Vi\u0146a gribai. Un tas viss bez l\u016bg\u0161anas.<\/p>\n\n\n\n<p>Diem\u017e\u0113l ne vienm\u0113r k\u0101ds ska\u013ci un dzirdami pasaka \"Nedariet t\u0101!\", un ne vienm\u0113r pie j\u016bsu kafijas tases p\u0113k\u0161\u0146i par\u0101d\u0101s slaven\u0101 z\u012bm\u012bte ar skaidri salas\u0101mu uzrakstu \"N\u0113\".<\/p>\n\n\n\n<p>Tom\u0113r jums bija iesp\u0113ja ieklaus\u012bties \"aktu\u0101laj\u0101\", iek\u0161\u0113j\u0101 bals\u012b. J\u016bs nol\u0113m\u0101m cit\u0101di, un jums ir j\u0101dz\u012bvo ar sava l\u0113muma sek\u0101m.<\/p>\n\n\n\n<p>Bet, ja Vi\u0146\u0161 zin\u0101ja, ka tas nav labi man, tad Vi\u0146\u0161 noteikti var\u0113ja mani aptur\u0113t?<\/p>\n\n\n\n<p>Taisn\u012bba, Vi\u0146\u0161 to var\u0113ja dar\u012bt, un da\u017ek\u0101rt Vi\u0146\u0161 to dara, bet ne vienm\u0113r. Iesp\u0113jams, ka j\u016bsu l\u0113muma sekas pal\u012bdz\u0113s jums n\u0101kotn\u0113, t\u0101p\u0113c Vi\u0146\u0161 \u013cauj jums r\u012bkoties t\u0101, k\u0101 j\u016bs v\u0113laties.<\/p>\n\n\n\n<h2 class=\"wp-block-heading\"><span class=\"ez-toc-section\" id=\"Warum\"><\/span>K\u0101p\u0113c?<span class=\"ez-toc-section-end\"><\/span><\/h2>\n\n\n\n<p>J\u0101, m\u0113s bie\u017ei uzdodam sev jaut\u0101jumu, k\u0101p\u0113c. Ar\u012b es.<\/p>\n\n\n\n<p>Manas izbrauk\u0161anas laiks pie klienta jau bija iekav\u0113jies vair\u0101k, nek\u0101 pl\u0101nots. Un tad pien\u0101k v\u0113l viens zvans, kas liek man gaid\u012bt v\u0113l piecas min\u016btes.<\/p>\n\n\n\n<p>Tagad las\u012bt\u0101js var teikt, kas t\u0101s ir piecas min\u016btes, v\u0113l mazliet vair\u0101k nospiediet akseleratora ped\u0101li, un tad j\u016bs to kompens\u0113siet! T\u0101 es toreiz sev teicu, iesprindzin\u0101ju ma\u0161\u012bn\u0101 un dev\u0101mies ce\u013c\u0101, mazliet \u0101tr\u0101k, nek\u0101 at\u013cauts, bet automa\u0123istr\u0101le bija tuvu un 70 km\/h tik un t\u0101 bija at\u013cauts, k\u0101da veiksme!<\/p>\n\n\n\n<p>Iebrauciet uz \u0161osejas nobrauktuves un - spiediet g\u0101zi! Bet, k\u0101 jau tas m\u0113dz b\u016bt, kad steidzies, n\u0101kamais sastr\u0113gums nekad nav t\u0101lu. T\u0101 tas bija ar\u012b \u0161oreiz. Jau no att\u0101luma es var\u0113ju redz\u0113t priek\u0161\u0101 brauco\u0161o transportl\u012bdzek\u013cu brem\u017eu gaismas un av\u0101rijas sign\u0101lugunis. Ne glu\u017ei godbij\u012bg\u0101kajiem v\u0101rdiem uz l\u016bp\u0101m, vismaz dom\u0101s, es ar\u012b nobremz\u0113ju un apst\u0101jos, joproj\u0101m cerot, ka st\u0101vo\u0161ie transportl\u012bdzek\u013ci atkal s\u0101ks kust\u012bbu. T\u0101 es st\u0101v\u0113ju un v\u0113roju, k\u0101 laiks rit. Ta\u010du pat mana nervoz\u0101 k\u0101ja uz akseleratora ped\u0101\u013ca nesp\u0113ja main\u012bt situ\u0101ciju.<\/p>\n\n\n\n<p>Kad sastr\u0113gums s\u0101ka izk\u013c\u016bt, es redz\u0113ju, ka negad\u012bjuma transportl\u012bdzek\u013ci manevr\u0113 no apdz\u012b\u0161anas joslas uz nomales. Tie neizskat\u012bj\u0101s labi. Policija, ugunsdz\u0113s\u0113ji, \u0101tr\u0101 pal\u012bdz\u012bba, pilna programma.<\/p>\n\n\n\n<p>Iesp\u0113jams, las\u012bt\u0101js jau nojauta: j\u0101, ja es b\u016btu izbraucis no m\u0101j\u0101m paredz\u0113taj\u0101 laik\u0101, es gandr\u012bz noteikti b\u016btu bijis to transportl\u012bdzek\u013cu viet\u0101, kas novietoti uz ciet\u0101 nomales, iesp\u0113jams, ar\u012b tas, kuram b\u016btu dota bezmaksas brauk\u0161ana \u0101tr\u0101s pal\u012bdz\u012bbas ma\u0161\u012bn\u0101. Piecas min\u016btes, kas var\u0113ja b\u016bt at\u0161\u0137ir\u012bba starp dz\u012bv\u012bbu un n\u0101vi...<\/p>\n\n\n\n<p>Dieva vad\u012bba? Toreiz es v\u0113l nebiju par to p\u0101rliecin\u0101ts, lai gan slepus - paties\u012bb\u0101... - sev teicu: \"Ja es b\u016btu aizg\u0101jis agr\u0101k, es, iesp\u0113jams, b\u016btu vi\u0146u viet\u0101...\".<\/p>\n\n\n\n<p>Citiem v\u0101rdiem sakot: pat ja tu neesi \"tic\u012bgais\", Dievs joproj\u0101m tur savu roku p\u0101r tevi. Kop\u0161 t\u0101 laika es vairs neapvainojos, kad kaut kas neizdodas t\u0101, k\u0101 es grib\u0113tu, jo tad es sev saku: Kas zina, kam tas der! - No \u0161odienas perspekt\u012bvas es zinu(!), ka Vi\u0146am ir roka. Un, god\u012bgi sakot? T\u0101 ir \u0101rk\u0101rt\u012bgi nomierino\u0161a saj\u016bta!<\/p>\n\n\n\n<h2 class=\"wp-block-heading\"><span class=\"ez-toc-section\" id=\"Wagnis\"><\/span>Uz\u0146\u0113mums Venture<span class=\"ez-toc-section-end\"><\/span><\/h2>\n\n\n\n<p>Ja v\u0113laties uzdr\u012bkst\u0113ties Dieva vad\u012bbai, tad \u013caujiet Vi\u0146am uz\u0146emties vad\u012bbu! Vi\u0146\u0161 to dar\u012bs labi, teikts B\u012bbel\u0113 Psalma 37:5. <em>\"Uzticiet savu ce\u013cu Tam Kungam un ceriet uz Vi\u0146u, un Vi\u0146\u0161 to dar\u012bs labi.\"<\/em><br>V\u0101rds \"labi\" noz\u012bm\u0113 \"dar\u012bt labi\", nevis \"vi\u0146\u0161 to izdar\u012bs, es s\u0113d\u0113\u0161u un atp\u016bt\u012b\u0161os...\".<\/p>\n\n\n\n<p>Tas ne visiem ir pa pr\u0101tam. Es zinu. Es to varu apstiprin\u0101t. Es nedom\u0101ju, ka ir k\u0101ds, kas to nav piedz\u012bvojis. Un tas ir gar\u0161 ce\u013c\u0161, lai to atz\u012btu, diem\u017e\u0113l.<br>Es bie\u017ei dom\u0101ju par Mozus 40 gadus ilgu\u0161o klai\u0146o\u0161anu tuksnes\u012b. T\u0101p\u0113c es ap\u0146\u0113mos tik ilgi nesekot M\u016aSU gribai un vair\u0101k ieklaus\u012bties sav\u0101s iek\u0161\u0113j\u0101s saj\u016bt\u0101s.<\/p>\n\n\n\n<p>Tas bija pirmais solis. Otrais solis bija savald\u012bt savu nepaciet\u012bbu: Ja vi\u0146am tas tik ilgi aiz\u0146em tik daudz laika, tad es to izdar\u012b\u0161u pats! Nebija laba ideja. V\u0113l viens aplis tuksnes\u012b. Tre\u0161ais solis bija mana nodo\u0161an\u0101s Dievam, uztic\u012bba manam v\u0101rdam <em>1.P\u0113t.5:7<\/em> \"Uz Vi\u0146u lieciet visas savas r\u016bpes, jo Vi\u0146\u0161 r\u016bp\u0113jas par jums.\" \"Es vairs neko nevaru dar\u012bt, dariet to J\u016aS - vienalga k\u0101, kad un ko, bet dariet to!\"<br>Es to nevienam nev\u0113los - bet cilv\u0113ks ir tik lepns un sp\u012bt\u012bgs, ka reiz\u0113m vi\u0146am patie\u0161\u0101m ir j\u0101nolai\u017eas l\u012bdz galam, lai - beidzot - \u013cautu Dievam uz\u0146emties vad\u012bbu.<\/p>\n\n\n\n<p>Situ\u0101cija man atg\u0101din\u0101ja <em>Mateja 14, 22-33<\/em>: J\u0113zus palika krast\u0101, lai l\u016bgtos. P\u0113teris un m\u0101cek\u013ci dev\u0101s p\u0101ri ezeram uz pret\u0113jo krastu. S\u0101k\u0101s v\u0113tra, un vi\u0146i non\u0101ca nelaim\u0113.<br>Kad vi\u0146i ieraudz\u012bja J\u0113zu, ejot p\u0101ri \u016bdenim pret\u012b vi\u0146iem, vi\u0146i, saprotams, netic\u0113ja sav\u0101m ac\u012bm un dom\u0101ja, ka redz spoku. Bet J\u0113zus aicin\u0101ja vi\u0146us nebaid\u012bties, jo tas bija Vi\u0146\u0161.<br>Lieliski, vi\u0146am ir daudz ko teikt! Vi\u0146\u0161 nav l\u012bdz kaklam \u016bden\u012b! Es varu spilgti izt\u0113loties, ka t\u0101 var\u0113ju b\u016bt es.<\/p>\n\n\n\n<p>P\u0113teris, kuram tas viss nebija \u0113rti, v\u0113las b\u016bt p\u0101rliecin\u0101ts un sauc: \"Kungs, ja tas tie\u0161\u0101m esi Tu, tad pav\u0113l\u0113 man n\u0101kt pie Tevis pa \u016bdeni!\" J\u0113zus atbild: \"N\u0101c \u0161urp!\"<br>Un ko dara P\u0113teris? Vi\u0146\u0161 pak\u013cauj sevi p\u0101rbaud\u012bjumam, izk\u0101pj no laivas un dodas p\u0101ri ploso\u0161ajiem vi\u013c\u0146iem pie J\u0113zus. Kad vi\u0146\u0161 non\u0101ca l\u012bdz Vi\u0146am, vi\u0146\u0161 p\u0101rbij\u0101s, jo saprata, ka paties\u012bb\u0101 ir staig\u0101jis pa \u016bdeni, un nekav\u0113joties nogrima un bail\u0113s sauca p\u0113c pal\u012bdz\u012bbas.<\/p>\n\n\n\n<p>Man \u0161is piem\u0113rs bija k\u0101 rad\u012bts! Un no \u0161\u012b br\u012b\u017ea man tika dots miers, uztic\u012bba, p\u0101rliec\u012bba - no Dieva. Un, bez p\u0101rsp\u012bl\u0113juma, es var\u0113ju mest savas probl\u0113mas pie Vi\u0146a k\u0101j\u0101m un dar\u012bt to, ko \"jutu\", ka ir labi. Tas bija k\u0101 staig\u0101\u0161ana pa \u016bdeni, nenosl\u012bkstot.<\/p>\n\n\n\n<p>Ta\u010du ar\u012b j\u016bs laiku pa laikam var piemekl\u0113t nogrim\u0161anas br\u012bdis. Ikreiz, kad j\u016bs dom\u0101jat: \"Nu, tas labi iet!\", j\u016bs p\u0101r\u0146em pa\u0161p\u0101rliecin\u0101t\u012bba, un j\u016bs atkal s\u0101kat uz\u0146emties st\u016bri, pavisam neman\u0101mi j\u016bs \u0101tri tiekat nog\u0101zts atpaka\u013c uz zemes. Paldies Dievam!<\/p>\n\n\n\n<h2 class=\"wp-block-heading\"><span class=\"ez-toc-section\" id=\"Exkurs_%E2%80%93_Die_richtige_Entscheidung\"><\/span>Ekskurss - Pareizais l\u0113mums<span class=\"ez-toc-section-end\"><\/span><\/h2>\n\n\n\n<p>Projektu vad\u012bt\u0101js vid\u0113ja lieluma uz\u0146\u0113mum\u0101, 32 gadi. Vi\u0146ai ir past\u0101v\u012bgs darbs, laba alga, vi\u0146a j\u016btas diezgan dro\u0161i sav\u0101 karjer\u0101, bet vi\u0146ai tr\u016bkst piepild\u012bjuma, dz\u012bves j\u0113gas. Visur valda vienmu\u013c\u012bba - gan darb\u0101, gan br\u012bvaj\u0101 laik\u0101, vi\u0146ai ir saj\u016bta, ka vi\u0146as talanti netiek pien\u0101c\u012bgi izmantoti un ka vi\u0146as darbam tr\u016bkst j\u0113gas. \u0160\u012b visaptvero\u0161\u0101 neapmierin\u0101t\u012bba vi\u0146u nom\u0101c, ta\u010du vi\u0146a ar\u012b baid\u0101s no p\u0101rmai\u0146\u0101m, jo paz\u012bstamais \u013caunums ir lab\u0101ks par nezin\u0101mo laimi, un t\u0101 atkal un atkal.<\/p>\n\n\n\n<p>Vi\u0146a ir tic\u012bga un regul\u0101ri apmekl\u0113 dievkalpojumus. Vi\u0146as tic\u012bba vi\u0146ai ir svar\u012bgs sp\u0113ka avots. P\u0113d\u0113j\u0101s ned\u0113\u013c\u0101s vi\u0146a arvien vair\u0101k j\u016bt iek\u0161\u0113ju aicin\u0101jumu kaut ko main\u012bt. Vi\u0146ai ir saj\u016bta, ka Dievs vi\u0146u vada jaun\u0101 virzien\u0101, bet vi\u0146a nezina, vai vi\u0146ai patie\u0161\u0101m pietiek drosmes pamest savu dro\u0161o darbu, lai izm\u0113\u0123in\u0101tu ko jaunu. Vi\u0146a br\u012bn\u0101s, vai t\u0101 patie\u0161\u0101m ir Dieva vad\u012bba, vai ar\u012b t\u0101 ir tikai vi\u0146as pa\u0161as domu kapr\u012bze.<\/p>\n\n\n\n<h3 class=\"wp-block-heading\"><span class=\"ez-toc-section\" id=\"Die_Suche_nach_Klarheit\"><\/span>Skaidr\u012bbas mekl\u0113jumi<span class=\"ez-toc-section-end\"><\/span><\/h3>\n\n\n\n<p>K\u0101du vakaru p\u0113c garas darba dienas vi\u0146a j\u016btas \u012bpa\u0161i nemier\u012bga. Vi\u0146a nolemj savas ba\u017eas un nedro\u0161\u012bbu nodot Dievam l\u016bg\u0161an\u0101. Vi\u0146a mier\u012bgi aps\u0113\u017eas pie rakst\u0101mgalda, aizver acis un no sirds saka: \"Dievs, es nezinu, ko dar\u012bt. Es j\u016btos sadrag\u0101ta un saplos\u012bta. Es v\u0113los sajust Tavu vad\u012bbu. L\u016bdzu, pal\u012bdzi man atrast pareizo ce\u013cu.\"<\/p>\n\n\n\n<p>Vi\u0146a l\u016bdz Dievu, lai Vi\u0146\u0161 dod vi\u0146ai skaidr\u012bbu un drosmi uztic\u0113ties Vi\u0146a vad\u012bbai, pat ja ce\u013c\u0161 \u0161\u0137iet neskaidrs un kaut kur nav rakst\u012bts, dari to vai to.<\/p>\n\n\n\n<p>L\u016bg\u0161anas laik\u0101 vi\u0146a pamaz\u0101m j\u016btas mier\u012bg\u0101ka un dro\u0161\u0101ka, it k\u0101 vi\u0146u ap\u0146emtu silta, m\u012b\u013ca kl\u0101tb\u016btne. Ta\u010du vi\u0146a zina, ka ne vienm\u0113r ir viegli sadzird\u0113t Dieva balsi un ka bie\u017ei vien t\u0101s ir diezgan smalkas z\u012bmes, kas var vi\u0146u vad\u012bt.<\/p>\n\n\n\n<h3 class=\"wp-block-heading\"><span class=\"ez-toc-section\" id=\"Unerwartete_Begegnung\"><\/span>Negaid\u012bta tik\u0161an\u0101s<span class=\"ez-toc-section-end\"><\/span><\/h3>\n\n\n\n<p>N\u0101kamaj\u0101 r\u012bt\u0101 vi\u0146a dodas uz kafejn\u012bcu, lai aprun\u0101tos ar labu draudzeni. P\u0113d\u0113j\u0101 laik\u0101 vi\u0146a savu draudzeni ir redz\u0113jusi reti. Tagad vi\u0146as spont\u0101ni vienoju\u0161\u0101s tikties uz kafiju. Sarunas laik\u0101 vi\u0146a st\u0101sta draudzenei par sav\u0101m \u0161aub\u0101m darb\u0101 un neapmierin\u0101t\u012bbu. Vi\u0146a st\u0101sta ar\u012b par to, ka vi\u0146ai \u0161\u0137iet, ka, iesp\u0113jams, vajadz\u0113tu main\u012bt darbu vai uz\u0146emties jaunu virzienu, ta\u010du nezina, vai tas ir pareizais solis.<\/p>\n\n\n\n<p>Vi\u0146as draudzene uzman\u012bgi klaus\u0101s un tad pasaka kaut ko, kas vi\u0146u p\u0101rsteigs: \"Zini, es nesen run\u0101ju ar sievieti, kura veica l\u012bdz\u012bgu mai\u0146u. Vi\u0146a pameta dro\u0161u darbu, lai piev\u0113rstos savai kaisl\u012bbai uz m\u0101kslu. Vi\u0146a teica, ka nekad nav dom\u0101jusi, ka var\u0113tu spert \u0161\u0101du soli, bet, kad vi\u0146a nol\u0113ma sekot savai sirdij, vi\u0146ai p\u0113k\u0161\u0146i atv\u0113r\u0101s tik daudz durvju, ka vi\u0146a bija p\u0101rsteigta. Es dom\u0101ju, ka jums varb\u016bt vajadz\u0113tu vair\u0101k ieklaus\u012bties sav\u0101 sird\u012b. Varb\u016bt Dievs tevi vada \u0161aj\u0101 virzien\u0101.\"<\/p>\n\n\n\n<p>\u0160aj\u0101 br\u012bd\u012b Anna j\u016btas \u012bpa\u0161i aizkustin\u0101ta. Vi\u0146ai ir saj\u016bta, ka vi\u0146as draudzene \u0161aj\u0101 sarun\u0101 ne tikai pau\u017e savu viedokli, bet ka \u0161ie v\u0101rdi kaut k\u0101d\u0101 veid\u0101 ir tie\u0161i tas, ko vi\u0146a pati iek\u0161\u0113ji jau ir jutusi. Saj\u016bta, ka vi\u0146a nav viena un ka Dievs vi\u0146u uzrun\u0101 caur \u0161o negaid\u012bto tik\u0161anos.<\/p>\n\n\n\n<h3 class=\"wp-block-heading\"><span class=\"ez-toc-section\" id=\"Die_Entscheidung\"><\/span>L\u0113mums<span class=\"ez-toc-section-end\"><\/span><\/h3>\n\n\n\n<p>Da\u017eas dienas v\u0113l\u0101k vi\u0146ai n\u0101kas pie\u0146emt konkr\u0113tu l\u0113mumu: Uz\u0146\u0113mums, kur\u0101 vi\u0146a pieteic\u0101s pirms da\u017eiem m\u0113ne\u0161iem, pied\u0101v\u0101 vi\u0146ai iesp\u0113ju str\u0101d\u0101t par projektu vad\u012bt\u0101ju pavisam cit\u0101 nozar\u0113, kas ar\u012b vi\u0146u \u013coti interes\u0113. Ta\u010du \u0161is darbs b\u016btu riskants, jo tas noz\u012bm\u0113tu p\u0101rmai\u0146as, un vi\u0146a s\u0101kotn\u0113ji s\u0101ktu str\u0101d\u0101t ar maz\u0101ku dro\u0161\u012bbu un maz\u0101ku atalgojumu. Tom\u0113r taj\u0101 pa\u0161\u0101 laik\u0101 vi\u0146a uzskata, ka \u0161aj\u0101 amat\u0101 var\u0113tu lab\u0101k izmantot savus talantus un ka darbs \u0161aj\u0101 amat\u0101 vi\u0146ai b\u016btu j\u0113gpiln\u0101ks.<\/p>\n\n\n\n<p>Sastopoties ar darba pied\u0101v\u0101jumiem, vi\u0146a ir sa\u0161\u0137elta. Vi\u0146a dom\u0101, vai vi\u0146ai vajadz\u0113tu risk\u0113t, vai ar\u012b lab\u0101k b\u016btu palikt sav\u0101 dro\u0161aj\u0101, paz\u012bstamaj\u0101 darb\u0101. Vi\u0146a atceras savu l\u016bg\u0161anu un sarunu ar Mariju un dzi\u013ci sird\u012b j\u016bt, ka \u0161\u012b p\u0101rmai\u0146a nav tikai karjeras l\u0113mums, bet ar\u012b l\u0113mums, kas vi\u0146u satuvin\u0101s ar sevi. Iek\u0161\u0113jais miers, ko vi\u0146a izj\u016bt saist\u012bb\u0101 ar savu l\u0113mumu, ir sava veida apstiprin\u0101jums tam, ka vi\u0146a ir uz pareiz\u0101 ce\u013ca.<\/p>\n\n\n\n<h3 class=\"wp-block-heading\"><span class=\"ez-toc-section\" id=\"Die_Fuhrung_Gottes\"><\/span><strong>Dieva vad\u012bba<\/strong><span class=\"ez-toc-section-end\"><\/span><\/h3>\n\n\n\n<p>Gal\u012bg\u0101 l\u0113muma pie\u0146em\u0161anas dien\u0101 vi\u0146a l\u016bdz skaidr\u012bbu par savu l\u0113mumu. N\u0101kamaj\u0101 dien\u0101 dievkalpojuma laik\u0101 spredi\u0137\u012b galven\u0101 uzman\u012bba tiek piev\u0113rsta uztic\u012bbai Dieva vad\u012bbai, tic\u012bbas noz\u012bmei pat neskaidros laikos un tam, ka Dievs m\u016bs vada ne tikai lielajos dz\u012bves l\u0113mumos, bet ar\u012b mazajos br\u012b\u017eos, kad m\u0113s Vi\u0146u uzklaus\u0101m.<br>\u0160ie v\u0101rdi uzrun\u0101 vi\u0146u dzi\u013ci iek\u0161ien\u0113, un vi\u0146a saprot, ka vi\u0146ai nav viss j\u0101izlemj pa\u0161ai, jo Dievs ir tur, lai vi\u0146u vad\u012btu, pat ja ce\u013c\u0161 ne vienm\u0113r ir taisns, bet gan paiet pa da\u017eiem l\u012bklo\u010diem.<\/p>\n\n\n\n<p>Ar \u0161o iek\u0161\u0113jo apstiprin\u0101jumu Anna pirmdien pie\u0146em l\u0113mumu pie\u0146emt jauno darbu. Vi\u0146a j\u016btas Dieva vad\u012bta un zina, ka \u0161o l\u0113mumu pie\u0146em ne tikai p\u0113c savas iniciat\u012bvas, bet ar\u012b t\u0101p\u0113c, ka j\u016bt, ka tas ir Dieva iecer\u0113tais ce\u013c\u0161.<\/p>\n\n\n\n<h2 class=\"wp-block-heading\"><span class=\"ez-toc-section\" id=\"Fazit\"><\/span>Secin\u0101jums<span class=\"ez-toc-section-end\"><\/span><\/h2>\n\n\n\n<p>Dieva vad\u012bbu katrs cilv\u0113ks izj\u016bt at\u0161\u0137ir\u012bgi, bet vienm\u0113r \u012bstaj\u0101 laik\u0101 un pareizaj\u0101 veid\u0101 katram cilv\u0113kam!<\/p>\n\n\n\n<p>Uzdro\u0161inieties iziet no savas komforta zonas, uzticiet savu dz\u012bvi Vi\u0146am un \u013caujiet sevi p\u0101rsteigt par dz\u012bves bag\u0101t\u012bbu, kas jums p\u0113k\u0161\u0146i atkl\u0101jas. Tas ir vair\u0101k, nek\u0101 tev vajadz\u012bgs, vair\u0101k, nek\u0101 tu pats jebkad b\u016btu var\u0113jis izdom\u0101t, vair\u0101k, nek\u0101 tu vari iedom\u0101ties!<\/p>","protected":false},"excerpt":{"rendered":"<p><span class=\"span-reading-time rt-reading-time\" style=\"display: block;\"><span class=\"rt-label rt-prefix\">Las\u012b\u0161anas laiks<\/span> <span class=\"rt-time\"> 8<\/span> <span class=\"rt-label rt-postfix\">protokols<\/span><\/span> Gottes F\u00fchrung erleben! Diejenigen, die &#8222;so richtig&#8220; gl\u00e4ubig sind, verm\u00f6gen durchaus bemerkenswerte Erfahrungen zu berichten, die einen tats\u00e4chlich in sprichw\u00f6rtlich ungl\u00e4ubiges Erstaunen versetzen k\u00f6nnen. Jene, die da weniger &#8222;aktiv&#8220; im Glauben sind, stehen dem Ganzen eher skeptisch gegen\u00fcber, denn, lasse ich mich von Gott f\u00fchren, muss ich ja das Ruder aus der Hand geben.&hellip;&nbsp;<a href=\"https:\/\/csiag.de\/lv\/blog\/2025\/01\/21\/gottes-fuehrung-erleben\/\" rel=\"bookmark\">Las\u012bt vair\u0101k \"<span class=\"screen-reader-text\">Pieredz\u0113t Dieva vad\u012bbu<\/span><\/a><\/p>","protected":false},"author":1,"featured_media":0,"comment_status":"open","ping_status":"open","sticky":false,"template":"","format":"standard","meta":{"_lmt_disableupdate":"","_lmt_disable":"","neve_meta_sidebar":"","neve_meta_container":"","neve_meta_enable_content_width":"","neve_meta_content_width":0,"neve_meta_title_alignment":"","neve_meta_author_avatar":"","neve_post_elements_order":"","neve_meta_disable_header":"","neve_meta_disable_footer":"","neve_meta_disable_title":"","footnotes":""},"categories":[4085],"tags":[4277,4286,4267,4268,4269,4279,4283,4264,1907,4272,1800,4263,4273,1801,4276,4280,4271,1859,4292,4278,4296,4290,4294,4281,4282,4274,4288,4287,4266,4270,4265,4284,4275,4295,4285],"class_list":["post-9023","post","type-post","status-publish","format-standard","hentry","category-themen-von-lesern-angeregt","tag-autobahn","tag-bauchgefuehl","tag-denken","tag-entscheidung","tag-entscheidungen","tag-feuerwehr","tag-freifahrt","tag-fuehrung","tag-glaube","tag-glueck","tag-gott","tag-gottes-fuehrung","tag-handeln","tag-jesus","tag-komfortzone","tag-krankenwagen","tag-marionette","tag-mose","tag-petrus","tag-polizei","tag-reichtum","tag-ruder","tag-seenot","tag-standspur","tag-stau","tag-stimme","tag-stolz","tag-ungeduld","tag-verantwortung","tag-verlangen","tag-verstand","tag-wagnis","tag-willen","tag-wogen","tag-wuestenwanderung"],"modified_by":"Achim Goerner","_links":{"self":[{"href":"https:\/\/csiag.de\/lv\/wp-json\/wp\/v2\/posts\/9023","targetHints":{"allow":["GET"]}}],"collection":[{"href":"https:\/\/csiag.de\/lv\/wp-json\/wp\/v2\/posts"}],"about":[{"href":"https:\/\/csiag.de\/lv\/wp-json\/wp\/v2\/types\/post"}],"author":[{"embeddable":true,"href":"https:\/\/csiag.de\/lv\/wp-json\/wp\/v2\/users\/1"}],"replies":[{"embeddable":true,"href":"https:\/\/csiag.de\/lv\/wp-json\/wp\/v2\/comments?post=9023"}],"version-history":[{"count":0,"href":"https:\/\/csiag.de\/lv\/wp-json\/wp\/v2\/posts\/9023\/revisions"}],"wp:attachment":[{"href":"https:\/\/csiag.de\/lv\/wp-json\/wp\/v2\/media?parent=9023"}],"wp:term":[{"taxonomy":"category","embeddable":true,"href":"https:\/\/csiag.de\/lv\/wp-json\/wp\/v2\/categories?post=9023"},{"taxonomy":"post_tag","embeddable":true,"href":"https:\/\/csiag.de\/lv\/wp-json\/wp\/v2\/tags?post=9023"}],"curies":[{"name":"wp","href":"https:\/\/api.w.org\/{rel}","templated":true}]}}