{"id":4363,"date":"2023-05-11T18:42:36","date_gmt":"2023-05-11T18:42:36","guid":{"rendered":"https:\/\/csiag.de\/?p=4363"},"modified":"2026-02-06T12:29:01","modified_gmt":"2026-02-06T12:29:01","slug":"ehs-elettroipersensibilita","status":"publish","type":"post","link":"https:\/\/csiag.de\/it\/blog\/2023\/05\/11\/ehs-elektrohypersensibilitaet\/","title":{"rendered":"EHS \u2013 Elettroipersensibilit\u00e0"},"content":{"rendered":"<div id=\"ez-toc-container\" class=\"ez-toc-v2_0_82_2 counter-hierarchy ez-toc-counter ez-toc-grey ez-toc-container-direction\">\n<div class=\"ez-toc-title-container\">\n<p class=\"ez-toc-title\" style=\"cursor:inherit\">Sommario<\/p>\n<span class=\"ez-toc-title-toggle\"><\/span><\/div>\n<nav><ul class='ez-toc-list ez-toc-list-level-1' ><li class='ez-toc-page-1 ez-toc-heading-level-2'><a class=\"ez-toc-link ez-toc-heading-1\" href=\"https:\/\/csiag.de\/it\/blog\/2023\/05\/11\/ehs-elektrohypersensibilitaet\/#Biologische_Auswirkungen\" >Effetti biologici<\/a><\/li><li class='ez-toc-page-1 ez-toc-heading-level-2'><a class=\"ez-toc-link ez-toc-heading-2\" href=\"https:\/\/csiag.de\/it\/blog\/2023\/05\/11\/ehs-elektrohypersensibilitaet\/#EHS_%E2%80%93_Anerkennung_als_Krankheit\" >EHS - Riconosciuta come malattia<\/a><\/li><li class='ez-toc-page-1 ez-toc-heading-level-2'><a class=\"ez-toc-link ez-toc-heading-3\" href=\"https:\/\/csiag.de\/it\/blog\/2023\/05\/11\/ehs-elektrohypersensibilitaet\/#Studien_zu_EMF-Auswirkungen\" >Studi sugli effetti dei campi elettromagnetici<\/a><\/li><li class='ez-toc-page-1 ez-toc-heading-level-2'><a class=\"ez-toc-link ez-toc-heading-4\" href=\"https:\/\/csiag.de\/it\/blog\/2023\/05\/11\/ehs-elektrohypersensibilitaet\/#Studie_zu_2G_3G_%E2%80%93_eingestellt\" >Studio sul 2G \/ 3G - interrotto<\/a><\/li><li class='ez-toc-page-1 ez-toc-heading-level-2'><a class=\"ez-toc-link ez-toc-heading-5\" href=\"https:\/\/csiag.de\/it\/blog\/2023\/05\/11\/ehs-elektrohypersensibilitaet\/#Studie_zu_5G\" >Studiare sul 5G<\/a><\/li><li class='ez-toc-page-1 ez-toc-heading-level-2'><a class=\"ez-toc-link ez-toc-heading-6\" href=\"https:\/\/csiag.de\/it\/blog\/2023\/05\/11\/ehs-elektrohypersensibilitaet\/#Strahlungsleistung_reduzieren\" >Riduzione della potenza radiante<\/a><\/li><li class='ez-toc-page-1 ez-toc-heading-level-2'><a class=\"ez-toc-link ez-toc-heading-7\" href=\"https:\/\/csiag.de\/it\/blog\/2023\/05\/11\/ehs-elektrohypersensibilitaet\/#Unterstutzung_zur_Selbsthilfe\" >Supporto per l&#039;auto-aiuto<\/a><\/li><li class='ez-toc-page-1 ez-toc-heading-level-2'><a class=\"ez-toc-link ez-toc-heading-8\" href=\"https:\/\/csiag.de\/it\/blog\/2023\/05\/11\/ehs-elektrohypersensibilitaet\/#Kontakt_zu_Umweltmedizinern\" >Contatto con professionisti della salute ambientale<\/a><\/li><li class='ez-toc-page-1 ez-toc-heading-level-2'><a class=\"ez-toc-link ez-toc-heading-9\" href=\"https:\/\/csiag.de\/it\/blog\/2023\/05\/11\/ehs-elektrohypersensibilitaet\/#Abschirm-Masnahmen\" >Misure di schermatura<\/a><\/li><\/ul><\/nav><\/div>\n<span class=\"span-reading-time rt-reading-time\" style=\"display: block;\"><span class=\"rt-label rt-prefix\">Momento della lettura<\/span> <span class=\"rt-time\"> 4<\/span> <span class=\"rt-label rt-postfix\">minuti<\/span><\/span><div class=\"pdfprnt-buttons pdfprnt-buttons-post pdfprnt-top-right\"><a href=\"https:\/\/csiag.de\/it\/wp-json\/wp\/v2\/posts\/4363?print=pdf\" class=\"pdfprnt-button pdfprnt-button-pdf\" target=\"_blank\" ><\/a><a href=\"https:\/\/csiag.de\/it\/wp-json\/wp\/v2\/posts\/4363?print=print\" class=\"pdfprnt-button pdfprnt-button-print\" target=\"_blank\" ><img decoding=\"async\" src=\"https:\/\/csiag.de\/wp-content\/plugins\/pdf-print\/images\/print.png\" alt=\"stampa_immagine\" title=\"Stampa contenuto\" \/><span class=\"pdfprnt-button-title pdfprnt-button-print-title\">Stampare<\/span><\/a><\/div>\n<p>Secondo la definizione dell&#039;Associazione Europea di Medicina Ambientale, l&#039;abbreviazione EHS (ElectroHyperSensibility) riassume sintomi non specifici, come scarsa concentrazione, mal di testa, stanchezza, ronzio nelle orecchie, maggiore irritabilit\u00e0, disturbi del sonno, vertigini o sensazione di intorpidimento che sono causati da campi elettromagnetici generati artificialmente.<\/p>\n\n\n\n<p>Il quadro clinico diffuso e intangibile porta spesso a una mancanza di comprensione da parte del pubblico e dei medici assidui. L\u2019Associazione Europea di Medicina Ambientale ha quindi suggerito che l\u2019EHS venga valutata clinicamente come parte delle malattie croniche multisistemiche* e che vi siano ragioni ambientali specifiche per questo.<\/p>\n\n\n\n<h2 class=\"wp-block-heading\"><span class=\"ez-toc-section\" id=\"Biologische_Auswirkungen\"><\/span>Effetti biologici<span class=\"ez-toc-section-end\"><\/span><\/h2>\n\n\n\n<p>L\u2019esposizione a breve termine ai campi elettromagnetici (EMF) provoca l\u2019attivazione del sistema immunitario, che porta a reazioni di stress. L&#039;irradiazione prolungata ad alta frequenza (RF) provoca uno squilibrio intracellulare, tra l&#039;altro attraverso un aumento eccessivo di calcio, che pu\u00f2 causare danni alle cellule e al DNA (rotture del filamento) e quindi indurre lo sviluppo di tumori se i meccanismi di riparazione cellulare non riescono a correggere i difetti correttamente.<br>\u00c8 interessante notare che tali effetti possono essere osservati anche a carichi inferiori ai valori limite applicabili.<\/p>\n\n\n\n<h2 class=\"wp-block-heading\"><span class=\"ez-toc-section\" id=\"EHS_%E2%80%93_Anerkennung_als_Krankheit\"><\/span>EHS - Riconosciuta come malattia<span class=\"ez-toc-section-end\"><\/span><\/h2>\n\n\n\n<p>Dal 2005, l'elettroipersensibilit\u00e0 \u00e8 stata inclusa nell'ICD-10-CM con il codice Z58.4. <em>Esposizione alle radiazioni<\/em> elencato.<br>L'OMS, invece, continua a ignorare il quadro clinico come un\u00a0<a href=\"https:\/\/www.who.int\/teams\/environment-climate-change-and-health\/radiation-and-health\/non-ionizing\/hypersensitivity\" target=\"_blank\" rel=\"noreferrer noopener\"><strong>non rilevabile dal punto di vista medico<\/strong>, senza una giustificazione tossicologica o fisiologica<\/a>.<\/p>\n\n\n\n<p>La Svezia \u00e8 il primo paese a definire l'EHS\u201e.\u201e<a href=\"https:\/\/www.regeringen.se\/contentassets\/12a36c0829794b2586bb2a39160cb2b6\/eloverkansligas-riksforbund.pdf\" target=\"_blank\" rel=\"noreferrer noopener\">come una menomazione funzionale riconosciuta<\/a>\u201e. Il 14 marzo 2024 la Calabria ha approvato la legge regionale n. 8, che riguarda il riconoscimento della \u201erilevanza sociale\u201c della EHS e della fibromialgia. Per quanto riguarda la fibromialgia, la legge \u00e8 stata confermata come giuridicamente vincolante, mentre la EHS \u00e8 stata riconosciuta dalla Corte Costituzionale Italiana con <a href=\"https:\/\/www.eius.it\/giurisprudenza\/2024\/6806213\" target=\"_blank\" rel=\"noreferrer noopener\">Sentenza n. 201<\/a> \u00e8 stato dichiarato incostituzionale il 17 dicembre 2024.<\/p>\n\n\n\n<h2 class=\"wp-block-heading\"><span class=\"ez-toc-section\" id=\"Studien_zu_EMF-Auswirkungen\"><\/span>Studi sugli effetti dei campi elettromagnetici<span class=\"ez-toc-section-end\"><\/span><\/h2>\n\n\n\n<p>Il problema degli effetti dei campi elettromagnetici \u00e8 stato finora discusso da quasi mille persone <a href=\"https:\/\/www.emfdata.org\/de\" target=\"_blank\" rel=\"noreferrer noopener\">Studi<\/a> vista da molte prospettive ed \u00e8 stata quindi esclusa dal regno delle \u201cmalattie immaginarie\u201d. Anche qui le lobby spesso si intromettono. \u00c8 quindi importante intensificare il lavoro di pubbliche relazioni per ottenere la dovuta attenzione da parte di tutte le discipline coinvolte e fornire alle persone colpite riconoscimento e aiuto efficace, riconsiderare i valori limite e apportare modifiche legali a breve termine.<\/p>\n\n\n\n<h2 class=\"wp-block-heading\"><span class=\"ez-toc-section\" id=\"Studie_zu_2G_3G_%E2%80%93_eingestellt\"><\/span>Studio sul 2G \/ 3G - interrotto<span class=\"ez-toc-section-end\"><\/span><\/h2>\n\n\n\n<p>Uno studio da 30 milioni di dollari sotto <a href=\"https:\/\/factor.niehs.nih.gov\/2021\/5\/awards-recognition\/bucher\" target=\"_blank\" rel=\"noreferrer noopener\">John Bucher, Ph.D.<\/a>, dal 1983 come tossicologo presso il <a href=\"https:\/\/www.niehs.nih.gov\/\" target=\"_blank\" rel=\"noreferrer noopener\">Istituto nazionale di scienze della salute ambientale<\/a> (NIEHS), nell'ambito del progetto <a href=\"https:\/\/ntp.niehs.nih.gov\/\" target=\"_blank\" rel=\"noreferrer noopener\">Programmi nazionali di tossicologia<\/a> (NTP), iniziato nel 2008 e completato dieci anni dopo. <a href=\"https:\/\/childrenshealthdefense.org\/defender\/us-government-ntp-end-wireless-radiation-studies-biological-effects\/\" target=\"_blank\" rel=\"noreferrer noopener\">terminato<\/a> ha studiato gli effetti delle radiazioni dei telefoni cellulari 2G e 3G sull'organismo umano.<\/p>\n\n\n\n<p>I risultati hanno evidenziato la comparsa di tumori al cuore, al cervello e alle ghiandole surrenali nei ratti maschi.<\/p>\n\n\n\n<p>Lo studio era stato originariamente commissionato dalla Food and Drug Administration (FDA) nel 1999. Dopo l'annuncio dei risultati, n\u00e9 la FDA n\u00e9 la Federal Communications Commission (FCC) hanno mostrato interesse. Nel 2020, la FDA ha pubblicato un rapporto non firmato che criticava lo studio.<\/p>\n\n\n\n<p>La FCC \u00e8 responsabile della definizione dei limiti di radiazione, tra le altre cose. La FCC non ha rispettato la sentenza secondo cui le linee guida, che sono rimaste invariate dal 1996, devono essere motivate per quanto riguarda la prova dell'adeguatezza.<\/p>\n\n\n\n<h2 class=\"wp-block-heading\"><span class=\"ez-toc-section\" id=\"Studie_zu_5G\"><\/span>Studiare sul 5G<span class=\"ez-toc-section-end\"><\/span><\/h2>\n\n\n\n<p>In uno <a href=\"https:\/\/www.theepochtimes.com\/health\/recent-case-of-severe-microwave-syndrome-reveals-problems-with-5g-5221534\" target=\"_blank\" rel=\"noreferrer noopener\">Contributo<\/a> dal 29 aprile 2023, aggiornamento del 7 maggio 2023, riportato <em>EpochHealth<\/em> sugli effetti sulla salute delle radiazioni 5G nel caso di una donna svedese la cui casa si trova a 60 metri da un traliccio radio 5G e che lamentava problemi di salute.<\/p>\n\n\n\n<h2 class=\"wp-block-heading\"><span class=\"ez-toc-section\" id=\"Strahlungsleistung_reduzieren\"><\/span>Riduzione della potenza radiante<span class=\"ez-toc-section-end\"><\/span><\/h2>\n\n\n\n<p>Poich\u00e9 le fonti di radiazioni esterne non possono essere (realmente) ridotte e influenzate all'esterno, l'unica opzione \u00e8 quella di mantenere le proprie radiazioni del cellulare il pi\u00f9 basse possibile.<\/p>\n\n\n\n<p>Il telefono cellulare basa la scelta delle frequenze e della potenza di uscita sulle rispettive intensit\u00e0 di campo della rete. Pi\u00f9 alto \u00e8 il livello di ricezione, pi\u00f9 bassa \u00e8 la potenza di trasmissione.<\/p>\n\n\n\n<p>L'ideale \u00e8 cercare un luogo all'aperto con un display di livello massimo. Effettuate la chiamata il pi\u00f9 brevemente possibile. Se possibile, utilizzate il sistema vivavoce e tenete il cellulare a circa un braccio di distanza, all'altezza della testa, in modo che l'antenna di trasmissione sia il pi\u00f9 lontano possibile dalla vostra testa.<\/p>\n\n\n\n<h2 class=\"wp-block-heading\"><span class=\"ez-toc-section\" id=\"Unterstutzung_zur_Selbsthilfe\"><\/span>Supporto per l&#039;auto-aiuto<span class=\"ez-toc-section-end\"><\/span><\/h2>\n\n\n\n<p>UN <em><a href=\"http:\/\/www.selbsthilfe-rv.de\/index.php?id=26&amp;address_id=269\" target=\"_blank\" rel=\"noreferrer noopener\">Rete di auto-aiuto nel distretto di Ravensburg<\/a><\/em> \u00e8 impegnata a livello regionale ad abbandonare il 5G e a istituirne uno <a href=\"https:\/\/www.umweltkranke.de\/aktionen\/134-aerzteweiterbildungsgang-zur-klinischen-umweltmedizin\" target=\"_blank\" rel=\"noreferrer noopener\">Formazione continua in \u201cMedicina Clinica Ambientale\u201d<\/a> nella formazione dei medici e in altre attivit\u00e0 e molto altro ancora.<\/p>\n\n\n\n<p>Anche quelli <a href=\"https:\/\/www.weisse-zone-rhoen.de\/\" target=\"_blank\" rel=\"noreferrer noopener\">Weisse-Zone-Rh\u00f6n eV<\/a> sostiene gli abitanti nei loro sforzi per ridurre l&#039;esposizione alle radiazioni, soprattutto per quanto riguarda i cittadini elettrosensibili e il previsto ampliamento del 5G, e segnala i pericoli che richiedono non solo cautela ma anche scongiurarli.<\/p>\n\n\n\n<p>Viene affrontato anche il problema della sensibilit\u00e0 elettrica <a href=\"https:\/\/elektrosensibel-muenchen.de\/\" target=\"_blank\" rel=\"noreferrer noopener\">Associazione per le persone elettrosensibili e colpite dai cellulari<\/a>.<\/p>\n\n\n\n<p>IL <a href=\"https:\/\/elektrosensibel-muenchen.de\/studien.html?file=tl_files\/downloads\/EUROPAEM_EMF-Leitlinie_2016_Zusammenfassung_1AUG2016.pdf\" target=\"_blank\" rel=\"noreferrer noopener\">Accademia Europea di Medicina Ambientale (EUROPAEM) \u2013 Gruppo di lavoro EMF<\/a> ne ha gi\u00e0 uno nel 2016 <em>Linee guida per la prevenzione, la diagnosi e il trattamento dei disturbi e delle malattie legati ai campi elettromagnetici<\/em>*pubblicato.<\/p>\n\n\n\n<p>Citazione estratto: \u201cQuesta linea guida sui campi elettromagnetici fornisce una panoramica dello stato attuale delle conoscenze sui rischi per la salute legati ai campi elettromagnetici e fornisce raccomandazioni per la diagnosi, il trattamento e l\u2019accessibilit\u00e0 degli EHS al fine di migliorare o ripristinare lo stato di salute individuale delle persone colpite e per il sviluppo di strategie di prevenzione\u201d.<\/p>\n\n\n\n<h2 class=\"wp-block-heading\"><span class=\"ez-toc-section\" id=\"Kontakt_zu_Umweltmedizinern\"><\/span>Contatto con professionisti della salute ambientale<span class=\"ez-toc-section-end\"><\/span><\/h2>\n\n\n\n<p>L&#039;Associazione Professionale Tedesca di Medicina Clinica Ambientale e. V. offre un portale a <a href=\"https:\/\/www.dbu-online.de\/expertensuche-neu.html\" target=\"_blank\" rel=\"noreferrer noopener\">Trova medici che abbiano familiarit\u00e0 con la medicina ambientale<\/a> negli ambienti regionali.<\/p>\n\n\n\n<h2 class=\"wp-block-heading\"><span class=\"ez-toc-section\" id=\"Abschirm-Masnahmen\"><\/span>Misure di schermatura<span class=\"ez-toc-section-end\"><\/span><\/h2>\n\n\n\n<p>Accanto al <a href=\"\/\/csiag.de\/it\/elettrosmog\/\" target=\"_blank\" data-type=\"URL\" data-id=\"ahttps:\/\/csiag.de\/elektrosmog\" rel=\"noreferrer noopener\">Camere schermanti<\/a> Il problema per le persone colpite da EHS \u00e8, tra l\u2019altro, la protezione fuori dalle mura domestiche, per strada, quando si fa la spesa, ecc.<\/p>\n\n\n\n<p>Due delle persone colpite hanno fatto di necessit\u00e0 virt\u00f9 e hanno lavorato su tessuti che riflettono le radiazioni. Lei <a href=\"https:\/\/www.abschirmkleidung.com\/\" target=\"_blank\" rel=\"noopener\">sarto<\/a> Abbigliamento realizzato con materiali opportunamente rifiniti che sia funzionale e alla moda.<\/p>\n\n\n\n<p>L&#039;effetto schermante \u00e8 per\u00f2 limitato perch\u00e9 i tessuti sono soggetti a stress, oltre che dovuti all&#039;usura, anche a ripetuti processi di lavaggio, che riducono nel tempo le prestazioni schermanti. Si raccomanda inoltre di indossare indumenti adeguatamente equipaggiati in pi\u00f9 strati sovrapposti per ridurre il pi\u00f9 possibile l&#039;esposizione alle radiazioni.<br>Tecnicamente la schermatura viene chiamata <a href=\"https:\/\/csiag.de\/it\/attenuazione-della-propagazione-delle-onde-radio\/#D\u00e4mpfung\" target=\"_blank\" data-type=\"internal\" data-id=\"#Dampfung\" rel=\"noreferrer noopener\">smorzamento<\/a>. L&#039;unit\u00e0 di misura dell&#039;attenuazione \u00e8 dB (deci Bel). Un valore negativo rappresenta una riduzione della potenza radiante, un valore positivo un aumento. Un&#039;attenuazione di -50 dB corrisponde ad una riduzione della radiazione a 99.999 %.<br>I non addetti ai lavori penserebbero ora che questa riduzione sia gi\u00e0 enorme. Ma questo valore corrisponde comunque al rumore di una strada laterale nelle ore di punta. Solo 99.999.999,99 % corrisponderebbero a -100 dB, cio\u00e8 silenzio. Quindi dipende davvero dal numero di cifre dopo la virgola!<\/p>\n\n\n\n<p>L&#039;offerta da <a href=\"https:\/\/www.wavesafe.com\/de\/\" target=\"_blank\" rel=\"noreferrer noopener\">Wavesafe<\/a>\u00ae \u00e8 molto completo; oltre all&#039;abbigliamento vengono offerti anche altri articoli relativi alla protezione dai campi elettromagnetici.<\/p>","protected":false},"excerpt":{"rendered":"<p><span class=\"span-reading-time rt-reading-time\" style=\"display: block;\"><span class=\"rt-label rt-prefix\">Momento della lettura<\/span> <span class=\"rt-time\"> 4<\/span> <span class=\"rt-label rt-postfix\">minuti<\/span><\/span> Unter dem K\u00fcrzel EHS (ElektroHyperSensibilit\u00e4t) werden gem\u00e4\u00df Definition des Verbandes der Europ\u00e4ischen Umweltmediziner&nbsp;unspezifische Symptome zusammengefasst, wie z.B. Konzentrationsschw\u00e4che, Kopfschmerzen, M\u00fcdigkeit, Ohrger\u00e4usche, erh\u00f6hte Reizbarkeit, Schlafst\u00f6rungen, Schwindel oder Taubheitsgef\u00fchle, die durch k\u00fcnstlich erzeugte elektromagnetische Felder hervorgerufen werden. Das diffuse und nicht direkt greifbare Krankheitsbild f\u00fchrt zu h\u00e4ufigem Unverst\u00e4ndnis der \u00d6ffentlichkeit und frequentierten \u00c4rzte. Deshalb hat der&hellip;&nbsp;<a href=\"https:\/\/csiag.de\/it\/blog\/2023\/05\/11\/ehs-elektrohypersensibilitaet\/\" rel=\"bookmark\">Leggi tutto \"<span class=\"screen-reader-text\">EHS \u2013 Elettroipersensibilit\u00e0<\/span><\/a><\/p>","protected":false},"author":1,"featured_media":0,"comment_status":"open","ping_status":"open","sticky":false,"template":"","format":"standard","meta":{"_lmt_disableupdate":"","_lmt_disable":"","neve_meta_sidebar":"","neve_meta_container":"","neve_meta_enable_content_width":"","neve_meta_content_width":0,"neve_meta_title_alignment":"","neve_meta_author_avatar":"","neve_post_elements_order":"","neve_meta_disable_header":"","neve_meta_disable_footer":"","neve_meta_disable_title":"","footnotes":""},"categories":[1586,1525,1302,345,354,357],"tags":[3362,1051,1598,3363,1587,1594,1589,1588,1222,46,1597,1590,1344,1599,1345,1595,1591,1592,1346,1347,3361,1596,1593,3364,3365],"class_list":["post-4363","post","type-post","status-publish","format-standard","hentry","category-elektrosensibilitaet","category-elektrosmog","category-funktechnik","category-kommunikation-lte","category-medizin-gesundheit","category-wlan-richtfunk-technik","tag-dna-strangbrueche","tag-dns","tag-dns-schaeden","tag-dns-strangbrueche","tag-ehs","tag-elektromagnetische-felder","tag-elektrosensibilitaet","tag-emf","tag-grenzwert","tag-immunsystem","tag-kalzium","tag-konzentrationsschwaeche","tag-kopfschmerzen","tag-leitlinie","tag-muedigkeit","tag-multisystemerkrankung","tag-ohrgeraeusche","tag-reizbarkeit","tag-schlafstoerungen","tag-schwindel","tag-strangbrueche","tag-stressreaktionen","tag-taubheitsgefuehle","tag-tumor","tag-tumore"],"modified_by":"Achim Goerner","_links":{"self":[{"href":"https:\/\/csiag.de\/it\/wp-json\/wp\/v2\/posts\/4363","targetHints":{"allow":["GET"]}}],"collection":[{"href":"https:\/\/csiag.de\/it\/wp-json\/wp\/v2\/posts"}],"about":[{"href":"https:\/\/csiag.de\/it\/wp-json\/wp\/v2\/types\/post"}],"author":[{"embeddable":true,"href":"https:\/\/csiag.de\/it\/wp-json\/wp\/v2\/users\/1"}],"replies":[{"embeddable":true,"href":"https:\/\/csiag.de\/it\/wp-json\/wp\/v2\/comments?post=4363"}],"version-history":[{"count":0,"href":"https:\/\/csiag.de\/it\/wp-json\/wp\/v2\/posts\/4363\/revisions"}],"wp:attachment":[{"href":"https:\/\/csiag.de\/it\/wp-json\/wp\/v2\/media?parent=4363"}],"wp:term":[{"taxonomy":"category","embeddable":true,"href":"https:\/\/csiag.de\/it\/wp-json\/wp\/v2\/categories?post=4363"},{"taxonomy":"post_tag","embeddable":true,"href":"https:\/\/csiag.de\/it\/wp-json\/wp\/v2\/tags?post=4363"}],"curies":[{"name":"wp","href":"https:\/\/api.w.org\/{rel}","templated":true}]}}