{"id":9010,"date":"2025-01-21T15:57:50","date_gmt":"2025-01-21T15:57:50","guid":{"rendered":"https:\/\/csiag.de\/?p=9010"},"modified":"2025-01-21T17:55:56","modified_gmt":"2025-01-21T17:55:56","slug":"mi-a-szekta","status":"publish","type":"post","link":"https:\/\/csiag.de\/hu\/blog\/2025\/01\/21\/was-ist-eine-sekte\/","title":{"rendered":"Mi az a szekta?"},"content":{"rendered":"<div id=\"ez-toc-container\" class=\"ez-toc-v2_0_82_2 counter-hierarchy ez-toc-counter ez-toc-grey ez-toc-container-direction\">\n<div class=\"ez-toc-title-container\">\n<p class=\"ez-toc-title\" style=\"cursor:inherit\">Tartalomjegyz\u00e9k<\/p>\n<span class=\"ez-toc-title-toggle\"><\/span><\/div>\n<nav><ul class='ez-toc-list ez-toc-list-level-1' ><li class='ez-toc-page-1 ez-toc-heading-level-2'><a class=\"ez-toc-link ez-toc-heading-1\" href=\"https:\/\/csiag.de\/hu\/blog\/2025\/01\/21\/was-ist-eine-sekte\/#Wir_grunden_eine_Sekte_%E2%80%A6\" >Alap\u00edtunk egy szekt\u00e1t ...<\/a><\/li><li class='ez-toc-page-1 ez-toc-heading-level-2'><a class=\"ez-toc-link ez-toc-heading-2\" href=\"https:\/\/csiag.de\/hu\/blog\/2025\/01\/21\/was-ist-eine-sekte\/#Religiose_Sekten\" >Vall\u00e1si szekt\u00e1k<\/a><ul class='ez-toc-list-level-3' ><li class='ez-toc-heading-level-3'><a class=\"ez-toc-link ez-toc-heading-3\" href=\"https:\/\/csiag.de\/hu\/blog\/2025\/01\/21\/was-ist-eine-sekte\/#Islam\" >Iszl\u00e1m<\/a><ul class='ez-toc-list-level-4' ><li class='ez-toc-heading-level-4'><a class=\"ez-toc-link ez-toc-heading-4\" href=\"https:\/\/csiag.de\/hu\/blog\/2025\/01\/21\/was-ist-eine-sekte\/#Ahmadiyya\" >Ahmadiyya<\/a><\/li><li class='ez-toc-page-1 ez-toc-heading-level-4'><a class=\"ez-toc-link ez-toc-heading-5\" href=\"https:\/\/csiag.de\/hu\/blog\/2025\/01\/21\/was-ist-eine-sekte\/#Aleviten\" >Alevis<\/a><\/li><li class='ez-toc-page-1 ez-toc-heading-level-4'><a class=\"ez-toc-link ez-toc-heading-6\" href=\"https:\/\/csiag.de\/hu\/blog\/2025\/01\/21\/was-ist-eine-sekte\/#Drusen\" >Dr\u00fazok<\/a><\/li><\/ul><\/li><li class='ez-toc-page-1 ez-toc-heading-level-3'><a class=\"ez-toc-link ez-toc-heading-7\" href=\"https:\/\/csiag.de\/hu\/blog\/2025\/01\/21\/was-ist-eine-sekte\/#Hinduismus\" >Hinduizmus<\/a><ul class='ez-toc-list-level-4' ><li class='ez-toc-heading-level-4'><a class=\"ez-toc-link ez-toc-heading-8\" href=\"https:\/\/csiag.de\/hu\/blog\/2025\/01\/21\/was-ist-eine-sekte\/#Hare-Krishna-Bewegung_ISKCON\" >Hare Krishna Mozgalom (ISKCON)<\/a><\/li><li class='ez-toc-page-1 ez-toc-heading-level-4'><a class=\"ez-toc-link ez-toc-heading-9\" href=\"https:\/\/csiag.de\/hu\/blog\/2025\/01\/21\/was-ist-eine-sekte\/#Radha_Soami\" >Radha Soami<\/a><\/li><\/ul><\/li><li class='ez-toc-page-1 ez-toc-heading-level-3'><a class=\"ez-toc-link ez-toc-heading-10\" href=\"https:\/\/csiag.de\/hu\/blog\/2025\/01\/21\/was-ist-eine-sekte\/#Buddhismus\" >Buddhizmus<\/a><ul class='ez-toc-list-level-4' ><li class='ez-toc-heading-level-4'><a class=\"ez-toc-link ez-toc-heading-11\" href=\"https:\/\/csiag.de\/hu\/blog\/2025\/01\/21\/was-ist-eine-sekte\/#Nichiren-Shoshu_Soka_Gakkai\" >Nichiren-Shoshu (Soka Gakkai)<\/a><\/li><li class='ez-toc-page-1 ez-toc-heading-level-4'><a class=\"ez-toc-link ez-toc-heading-12\" href=\"https:\/\/csiag.de\/hu\/blog\/2025\/01\/21\/was-ist-eine-sekte\/#Aum_Shinrikyo\" >Aum Shinrikyo<\/a><\/li><\/ul><\/li><li class='ez-toc-page-1 ez-toc-heading-level-3'><a class=\"ez-toc-link ez-toc-heading-13\" href=\"https:\/\/csiag.de\/hu\/blog\/2025\/01\/21\/was-ist-eine-sekte\/#Sonstige\" >Egy\u00e9b<\/a><ul class='ez-toc-list-level-4' ><li class='ez-toc-heading-level-4'><a class=\"ez-toc-link ez-toc-heading-14\" href=\"https:\/\/csiag.de\/hu\/blog\/2025\/01\/21\/was-ist-eine-sekte\/#Scientology\" >Scientology<\/a><ul class='ez-toc-list-level-5' ><li class='ez-toc-heading-level-5'><a class=\"ez-toc-link ez-toc-heading-15\" href=\"https:\/\/csiag.de\/hu\/blog\/2025\/01\/21\/was-ist-eine-sekte\/#Ursprung_und_Geschichte\" >Eredet \u00e9s t\u00f6rt\u00e9nelem<\/a><\/li><li class='ez-toc-page-1 ez-toc-heading-level-5'><a class=\"ez-toc-link ez-toc-heading-16\" href=\"https:\/\/csiag.de\/hu\/blog\/2025\/01\/21\/was-ist-eine-sekte\/#Grundlegende_Glaubenslehren\" >Alapvet\u0151 tanok<\/a><ul class='ez-toc-list-level-6' ><li class='ez-toc-heading-level-6'><a class=\"ez-toc-link ez-toc-heading-17\" href=\"https:\/\/csiag.de\/hu\/blog\/2025\/01\/21\/was-ist-eine-sekte\/#Der_Thetan\" >A thet\u00e1n<\/a><\/li><li class='ez-toc-page-1 ez-toc-heading-level-6'><a class=\"ez-toc-link ez-toc-heading-18\" href=\"https:\/\/csiag.de\/hu\/blog\/2025\/01\/21\/was-ist-eine-sekte\/#Die_reaktive_und_analytische_Geist\" >A reakt\u00edv \u00e9s analitikus elme<\/a><\/li><li class='ez-toc-page-1 ez-toc-heading-level-6'><a class=\"ez-toc-link ez-toc-heading-19\" href=\"https:\/\/csiag.de\/hu\/blog\/2025\/01\/21\/was-ist-eine-sekte\/#Der_Zustand_von_Clear\" >A Clear \u00e1llapota<\/a><\/li><li class='ez-toc-page-1 ez-toc-heading-level-6'><a class=\"ez-toc-link ez-toc-heading-20\" href=\"https:\/\/csiag.de\/hu\/blog\/2025\/01\/21\/was-ist-eine-sekte\/#Die_Brucke_zur_volligen_Freiheit\" >A h\u00edd a teljes szabads\u00e1ghoz<\/a><\/li><\/ul><\/li><\/ul><\/li><li class='ez-toc-page-1 ez-toc-heading-level-4'><a class=\"ez-toc-link ez-toc-heading-21\" href=\"https:\/\/csiag.de\/hu\/blog\/2025\/01\/21\/was-ist-eine-sekte\/#Praktiken_und_Rituale\" >Gyakorlatok \u00e9s ritu\u00e1l\u00e9k<\/a><ul class='ez-toc-list-level-5' ><li class='ez-toc-heading-level-5'><a class=\"ez-toc-link ez-toc-heading-22\" href=\"https:\/\/csiag.de\/hu\/blog\/2025\/01\/21\/was-ist-eine-sekte\/#Auditing\" >Audit\u00e1l\u00e1s<\/a><\/li><li class='ez-toc-page-1 ez-toc-heading-level-5'><a class=\"ez-toc-link ez-toc-heading-23\" href=\"https:\/\/csiag.de\/hu\/blog\/2025\/01\/21\/was-ist-eine-sekte\/#Kurse_und_Training\" >Tanfolyamok \u00e9s k\u00e9pz\u00e9s<\/a><\/li><li class='ez-toc-page-1 ez-toc-heading-level-5'><a class=\"ez-toc-link ez-toc-heading-24\" href=\"https:\/\/csiag.de\/hu\/blog\/2025\/01\/21\/was-ist-eine-sekte\/#Missionierung\" >Misszi\u00f3s munka<\/a><\/li><\/ul><\/li><li class='ez-toc-page-1 ez-toc-heading-level-4'><a class=\"ez-toc-link ez-toc-heading-25\" href=\"https:\/\/csiag.de\/hu\/blog\/2025\/01\/21\/was-ist-eine-sekte\/#Organisationsstruktur\" >Szervezeti fel\u00e9p\u00edt\u00e9s<\/a><ul class='ez-toc-list-level-5' ><li class='ez-toc-heading-level-5'><a class=\"ez-toc-link ez-toc-heading-26\" href=\"https:\/\/csiag.de\/hu\/blog\/2025\/01\/21\/was-ist-eine-sekte\/#Hierarchie\" >Hierarchia<\/a><\/li><li class='ez-toc-page-1 ez-toc-heading-level-5'><a class=\"ez-toc-link ez-toc-heading-27\" href=\"https:\/\/csiag.de\/hu\/blog\/2025\/01\/21\/was-ist-eine-sekte\/#Sea_Organization_Sea_Org\" >Tengeri szervezet (Sea Org)<\/a><\/li><li class='ez-toc-page-1 ez-toc-heading-level-5'><a class=\"ez-toc-link ez-toc-heading-28\" href=\"https:\/\/csiag.de\/hu\/blog\/2025\/01\/21\/was-ist-eine-sekte\/#Finanzstruktur\" >P\u00e9nz\u00fcgyi strukt\u00fara<\/a><\/li><\/ul><\/li><li class='ez-toc-page-1 ez-toc-heading-level-4'><a class=\"ez-toc-link ez-toc-heading-29\" href=\"https:\/\/csiag.de\/hu\/blog\/2025\/01\/21\/was-ist-eine-sekte\/#Kontroversen\" >Ellentmond\u00e1sok<\/a><ul class='ez-toc-list-level-5' ><li class='ez-toc-heading-level-5'><a class=\"ez-toc-link ez-toc-heading-30\" href=\"https:\/\/csiag.de\/hu\/blog\/2025\/01\/21\/was-ist-eine-sekte\/#Manipulation_und_Kontrolle\" >Manipul\u00e1ci\u00f3 \u00e9s ellen\u0151rz\u00e9s<\/a><\/li><li class='ez-toc-page-1 ez-toc-heading-level-5'><a class=\"ez-toc-link ez-toc-heading-31\" href=\"https:\/\/csiag.de\/hu\/blog\/2025\/01\/21\/was-ist-eine-sekte\/#Umgang_mit_Kritikern\" >A kritikusokkal val\u00f3 b\u00e1n\u00e1sm\u00f3d<\/a><\/li><li class='ez-toc-page-1 ez-toc-heading-level-5'><a class=\"ez-toc-link ez-toc-heading-32\" href=\"https:\/\/csiag.de\/hu\/blog\/2025\/01\/21\/was-ist-eine-sekte\/#Familienzerstorung\" >Csal\u00e1di puszt\u00edt\u00e1s<\/a><\/li><li class='ez-toc-page-1 ez-toc-heading-level-5'><a class=\"ez-toc-link ez-toc-heading-33\" href=\"https:\/\/csiag.de\/hu\/blog\/2025\/01\/21\/was-ist-eine-sekte\/#Steuerbefreiung\" >Ad\u00f3mentess\u00e9g<\/a><\/li><li class='ez-toc-page-1 ez-toc-heading-level-5'><a class=\"ez-toc-link ez-toc-heading-34\" href=\"https:\/\/csiag.de\/hu\/blog\/2025\/01\/21\/was-ist-eine-sekte\/#Geheimhaltung\" >Titoktart\u00e1s<\/a><\/li><\/ul><\/li><li class='ez-toc-page-1 ez-toc-heading-level-4'><a class=\"ez-toc-link ez-toc-heading-35\" href=\"https:\/\/csiag.de\/hu\/blog\/2025\/01\/21\/was-ist-eine-sekte\/#Verbreitung_und_Einfluss\" >Elterjed\u00e9s \u00e9s befoly\u00e1s<\/a><\/li><li class='ez-toc-page-1 ez-toc-heading-level-4'><a class=\"ez-toc-link ez-toc-heading-36\" href=\"https:\/\/csiag.de\/hu\/blog\/2025\/01\/21\/was-ist-eine-sekte\/#Scientology_und_der_rechtliche_Status\" >A Scientology \u00e9s a jogi st\u00e1tusz<\/a><\/li><\/ul><\/li><\/ul><\/li><\/ul><\/nav><\/div>\n<span class=\"span-reading-time rt-reading-time\" style=\"display: block;\"><span class=\"rt-label rt-prefix\">Olvas\u00e1si id\u0151<\/span> <span class=\"rt-time\"> 5<\/span> <span class=\"rt-label rt-postfix\">percek<\/span><\/span>\n<p>A kifejez\u00e9s <em>Szekci\u00f3<\/em> a latin <em>secta<\/em>ami tan\u00edt\u00e1st, p\u00e1rtot jelent. A kifejez\u00e9s \u00f6nmag\u00e1ban semleges, sem negat\u00edv, sem pozit\u00edv jelent\u00e9ssel nem b\u00edr, de manaps\u00e1g t\u00falnyom\u00f3r\u00e9szt negat\u00edv \u00e9rtelemben \u00e9rtelmezik.<\/p>\n\n\n\n<p>A szekta a tagok egy kis kisebbs\u00e9ge, akik az\u00e9rt szakadtak el egy nagy vall\u00e1si k\u00f6z\u00f6ss\u00e9gt\u0151l, mert egy\u00e9rtelm\u0171en elhat\u00e1rol\u00f3dtak a tan\u00edt\u00e1s tartalm\u00e1t\u00f3l, \u00e9s nem hajland\u00f3k t\u00f6bb\u00e9 elfogadni azt.<\/p>\n\n\n\n<h2 class=\"wp-block-heading\"><span class=\"ez-toc-section\" id=\"Wir_grunden_eine_Sekte_%E2%80%A6\"><\/span>Alap\u00edtunk egy szekt\u00e1t ...<span class=\"ez-toc-section-end\"><\/span><\/h2>\n\n\n\n<p>\u00cdgy mindenki a saj\u00e1t meggy\u0151z\u0151d\u00e9se alapj\u00e1n alak\u00edthatja ki a saj\u00e1t elk\u00e9pzel\u00e9seit \u00e9s meggy\u0151z\u0151d\u00e9seit.<\/p>\n\n\n\n<p>Ezut\u00e1n megkeresheti \u00e9s egyes\u00edtheti maga k\u00f6r\u00fcl azokat az embereket, akik osztj\u00e1k a saj\u00e1t n\u00e9zeteit a hit \"helyes\" elveir\u0151l.<br>Ha a saj\u00e1t n\u00e9zet\u00e9t a dolgokr\u00f3l szab\u00e1lyokkal l\u00e1tja el, \u00fajonnan szerzett hiteinek dogmak\u00e9nt \u00e1ltal\u00e1nos\u00edtja, \u00e9s a k\u00f6vet\u0151it ez alatt egyes\u00edti, akkor p\u00e9ldamutat\u00e1ssal szekt\u00e1t alap\u00edtott.<\/p>\n\n\n\n<p>A tagok sz\u00e1m\u00e1nak n\u00f6veked\u00e9s\u00e9vel a \"kis\" szekta teljes \u00e9rt\u00e9k\u0171 gy\u00fclekezett\u00e9 n\u0151heti ki mag\u00e1t, \u00e9s k\u00e9s\u0151bb ak\u00e1r egy elismert \u00faj felekezetet is alkothat, ha hitelveit a tagok jelent\u0151s r\u00e9sze elismeri \u00e9s t\u00e1mogatja.<\/p>\n\n\n\n<p>A szekta teh\u00e1t kezdetben semleges, m\u00e1sk\u00e9nt gondolkod\u00f3 emberek csoportja.<\/p>\n\n\n\n<h2 class=\"wp-block-heading\"><span class=\"ez-toc-section\" id=\"Religiose_Sekten\"><\/span>Vall\u00e1si szekt\u00e1k<span class=\"ez-toc-section-end\"><\/span><\/h2>\n\n\n\n<p>Szekt\u00e1k vil\u00e1gszerte \u00e9s minden vall\u00e1sban egyform\u00e1n l\u00e9teznek. A ma elismert vall\u00e1sok k\u00f6z\u00fcl sokan a fent v\u00e1zolt m\u00f3don alakultak ki, mint p\u00e9ld\u00e1ul a <em>Jehova Tan\u00fai<\/em> \u00e9s a <em>Mormonok<\/em>. A <em>Amish<\/em>amely <em>Christadelphian<\/em>amely, hasonl\u00f3an a <em>Jehova Tan\u00fai<\/em>Az evang\u00e9likus mozgalom, amely \u00fagy v\u00e9li, hogy csak a tagjainak adatik meg a felt\u00e1mad\u00e1s \u00e9s az \u00f6r\u00f6k \u00e9let, valamint m\u00e1s evang\u00e9likus mozgalmak a szekt\u00e1ss\u00e1g kateg\u00f3ri\u00e1j\u00e1ba tartoznak.<\/p>\n\n\n\n<p>A vil\u00e1gvall\u00e1sokban is vannak szekt\u00e1k, p\u00e9ld\u00e1ul:<\/p>\n\n\n\n<h3 class=\"wp-block-heading\"><span class=\"ez-toc-section\" id=\"Islam\"><\/span>Iszl\u00e1m<span class=\"ez-toc-section-end\"><\/span><\/h3>\n\n\n\n<h4 class=\"wp-block-heading\"><span class=\"ez-toc-section\" id=\"Ahmadiyya\"><\/span><strong>Ahmadiyya<\/strong><span class=\"ez-toc-section-end\"><\/span><\/h4>\n\n\n\n<ul class=\"wp-block-list\">\n<li><strong>Eredet:<\/strong> A 19. sz\u00e1zad v\u00e9g\u00e9n Indi\u00e1ban alap\u00edtotta a <em>Mirza Ghulam Ahmad<\/em>.<\/li>\n\n\n\n<li><strong>A hit jellemz\u0151i:<\/strong>\n<ul class=\"wp-block-list\">\n<li>Hit, hogy <em>Mirza Ghulam Ahmad<\/em> a meg\u00edg\u00e9rt Messi\u00e1s \u00e9s Mahdi.<\/li>\n\n\n\n<li>A b\u00e9ke \u00e9s a tolerancia hangs\u00falyoz\u00e1sa.<\/li>\n<\/ul>\n<\/li>\n\n\n\n<li><strong>Gyakorlatok:<\/strong> Vil\u00e1gm\u00e9ret\u0171 misszi\u00f3s tev\u00e9kenys\u00e9g, az er\u0151szak elutas\u00edt\u00e1sa.<\/li>\n<\/ul>\n\n\n\n<h4 class=\"wp-block-heading\"><span class=\"ez-toc-section\" id=\"Aleviten\"><\/span><strong>Alevis<\/strong><span class=\"ez-toc-section-end\"><\/span><\/h4>\n\n\n\n<ul class=\"wp-block-list\">\n<li><strong>Eredet:<\/strong> A s\u00edita iszl\u00e1mt\u00f3l val\u00f3 elt\u00e9r\u00e9s, k\u00fcl\u00f6n\u00f6sen T\u00f6r\u00f6korsz\u00e1gban elterjedt.<\/li>\n\n\n\n<li><strong>A hit jellemz\u0151i:<\/strong>\n<ul class=\"wp-block-list\">\n<li>Az iszl\u00e1m spiritu\u00e1lis \u00e9rtelmez\u00e9s\u00e9re helyezi a hangs\u00falyt.<\/li>\n\n\n\n<li>A sar\u00eda t\u00f6rv\u00e9ny \u00e9s a szigor\u00fa ritu\u00e1l\u00e9k elutas\u00edt\u00e1sa.<\/li>\n\n\n\n<li>Ali, Mohamed vej\u00e9nek im\u00e1data.<\/li>\n<\/ul>\n<\/li>\n\n\n\n<li><strong>Gyakorlatok:<\/strong> \u00d6sszej\u00f6vetelek a k\u00f6z\u00f6ss\u00e9gi h\u00e1zakban (Cemevi), zene \u00e9s t\u00e1nc (Semah).<\/li>\n<\/ul>\n\n\n\n<h4 class=\"wp-block-heading\"><span class=\"ez-toc-section\" id=\"Drusen\"><\/span><strong>Dr\u00fazok<\/strong><span class=\"ez-toc-section-end\"><\/span><\/h4>\n\n\n\n<ul class=\"wp-block-list\">\n<li><strong>Eredet:<\/strong> A K\u00f6zel-Keleten keletkezett a 11. sz\u00e1zadban.<\/li>\n\n\n\n<li><strong>A hit jellemz\u0151i:<\/strong>\n<ul class=\"wp-block-list\">\n<li>Iszl\u00e1m, kereszt\u00e9ny, zsid\u00f3 \u00e9s gnosztikus elemek kombin\u00e1ci\u00f3ja.<\/li>\n\n\n\n<li>A reinkarn\u00e1ci\u00f3ban val\u00f3 hit.<\/li>\n\n\n\n<li>A k\u00edv\u00fcl\u00e1ll\u00f3k szigor\u00fa kiz\u00e1r\u00e1sa a k\u00f6z\u00f6ss\u00e9g\u00fckb\u0151l.<\/li>\n<\/ul>\n<\/li>\n\n\n\n<li><strong>Gyakorlatok:<\/strong> A vall\u00e1si szertart\u00e1sok titkoss\u00e1ga.<\/li>\n<\/ul>\n\n\n\n<h3 class=\"wp-block-heading\"><span class=\"ez-toc-section\" id=\"Hinduismus\"><\/span>Hinduizmus<span class=\"ez-toc-section-end\"><\/span><\/h3>\n\n\n\n<h4 class=\"wp-block-heading\"><span class=\"ez-toc-section\" id=\"Hare-Krishna-Bewegung_ISKCON\"><\/span><strong>Hare Krishna Mozgalom (ISKCON)<\/strong><span class=\"ez-toc-section-end\"><\/span><\/h4>\n\n\n\n<ul class=\"wp-block-list\">\n<li><strong>Eredet:<\/strong> 1966-ban alap\u00edtotta az USA-ban a <em>A.C. Bhaktivedanta Swami Prabhupada<\/em>.<\/li>\n\n\n\n<li><strong>A hit jellemz\u0151i:<\/strong>\n<ul class=\"wp-block-list\">\n<li>Krisna, mint a legf\u0151bb isten im\u00e1data.<\/li>\n\n\n\n<li>Szigor\u00fa veget\u00e1ri\u00e1nus \u00e9trend.<\/li>\n\n\n\n<li>A \"<em>Hare Krisna mantr\u00e1k<\/em>\u201e.<\/li>\n<\/ul>\n<\/li>\n\n\n\n<li><strong>Gyakorlatok:<\/strong> Utcai misszi\u00f3, t\u00e1nc \u00e9s \u00e9nek.<\/li>\n<\/ul>\n\n\n\n<h4 class=\"wp-block-heading\"><span class=\"ez-toc-section\" id=\"Radha_Soami\"><\/span><strong>Radha Soami<\/strong><span class=\"ez-toc-section-end\"><\/span><\/h4>\n\n\n\n<ul class=\"wp-block-list\">\n<li><strong>Eredet:<\/strong> Indi\u00e1ban alap\u00edtott\u00e1k a 19. sz\u00e1zadban.<\/li>\n\n\n\n<li><strong>A hit jellemz\u0151i:<\/strong>\n<ul class=\"wp-block-list\">\n<li>Az \u00e9l\u0151 lelki tan\u00edt\u00f3mesterbe vetett hit.<\/li>\n\n\n\n<li>Medit\u00e1ci\u00f3 a bels\u0151 f\u00e9nyen \u00e9s a bels\u0151 hangon.<\/li>\n<\/ul>\n<\/li>\n\n\n\n<li><strong>Gyakorlatok:<\/strong> Szigor\u00fa fegyelem, medit\u00e1ci\u00f3, az alkohol \u00e9s a h\u00fas elutas\u00edt\u00e1sa.<\/li>\n<\/ul>\n\n\n\n<h3 class=\"wp-block-heading\"><span class=\"ez-toc-section\" id=\"Buddhismus\"><\/span>Buddhizmus<span class=\"ez-toc-section-end\"><\/span><\/h3>\n\n\n\n<h4 class=\"wp-block-heading\"><span class=\"ez-toc-section\" id=\"Nichiren-Shoshu_Soka_Gakkai\"><\/span><strong>Nichiren-Shoshu (Soka Gakkai)<\/strong><span class=\"ez-toc-section-end\"><\/span><\/h4>\n\n\n\n<ul class=\"wp-block-list\">\n<li><strong>Eredet:<\/strong> Jap\u00e1nb\u00f3l sz\u00e1rmazik, a tan\u00edt\u00e1sai alapj\u00e1n. <em>Nichiren<\/em> (13. sz\u00e1zad).<\/li>\n\n\n\n<li><strong>A hit jellemz\u0151i:<\/strong>\n<ul class=\"wp-block-list\">\n<li>A mantra recit\u00e1l\u00e1sa \"<em>Nam-myoho-renge-kyo<\/em>\u201e.<\/li>\n\n\n\n<li>Hisznek abban, hogy minden probl\u00e9ma megoldhat\u00f3 a tanulm\u00e1nyoz\u00e1s \u00e9s a gyakorlat \u00e1ltal. <em>L\u00f3tusz sz\u00fatra tan\u00edt\u00e1sok<\/em> megoldhat\u00f3.<\/li>\n<\/ul>\n<\/li>\n\n\n\n<li><strong>Gyakorlatok:<\/strong> Vil\u00e1gm\u00e9ret\u0171 misszi\u00f3s tev\u00e9kenys\u00e9g, hangs\u00faly a t\u00e1rsadalmi elk\u00f6telezetts\u00e9gen.<\/li>\n<\/ul>\n\n\n\n<h4 class=\"wp-block-heading\"><span class=\"ez-toc-section\" id=\"Aum_Shinrikyo\"><\/span><strong>Aum Shinrikyo<\/strong><span class=\"ez-toc-section-end\"><\/span><\/h4>\n\n\n\n<ul class=\"wp-block-list\">\n<li><strong>Eredet:<\/strong> 1984-ben alap\u00edtotta Jap\u00e1nban a <em>Shoko Asahara<\/em>.<\/li>\n\n\n\n<li><strong>A hit jellemz\u0151i:<\/strong>\n<ul class=\"wp-block-list\">\n<li>Buddhista, hindu \u00e9s apokaliptikus elemek kever\u00e9ke.<\/li>\n\n\n\n<li>A vil\u00e1g k\u00f6zelg\u0151 v\u00e9g\u00e9nek v\u00e1rakoz\u00e1sa.<\/li>\n<\/ul>\n<\/li>\n\n\n\n<li><strong>Gyakorlatok:<\/strong> Medit\u00e1ci\u00f3, de (a m\u00faltban) b\u0171ncselekm\u00e9nyek is, mint p\u00e9ld\u00e1ul a szaring\u00e1zzal elk\u00f6vetett toki\u00f3i t\u00e1mad\u00e1s 1995-ben.<\/li>\n<\/ul>\n\n\n\n<h3 class=\"wp-block-heading\"><span class=\"ez-toc-section\" id=\"Sonstige\"><\/span>Egy\u00e9b<span class=\"ez-toc-section-end\"><\/span><\/h3>\n\n\n\n<h4 class=\"wp-block-heading\"><span class=\"ez-toc-section\" id=\"Scientology\"><\/span><strong>Scientology<\/strong><span class=\"ez-toc-section-end\"><\/span><\/h4>\n\n\n\n<p>A szcientol\u00f3gia egy ellentmond\u00e1sos vall\u00e1si mozgalom, amelyet az 1950-es \u00e9vekben alap\u00edtott az amerikai \u00edr\u00f3. <strong>L. Ron Hubbard<\/strong> spiritu\u00e1lis megvil\u00e1gosod\u00e1st \u00e9s szem\u00e9lyes fejl\u0151d\u00e9st \u00edg\u00e9r.<\/p>\n\n\n\n<p>Szervezet\u00fcket \u00e9s gyakorlatukat - bele\u00e9rtve az audit\u00e1l\u00e1st \u00e9s a magasabb tan\u00edt\u00e1sok titkoss\u00e1g\u00e1t - azonban \u00e1lland\u00f3 kritika \u00e9ri.<\/p>\n\n\n\n<p>M\u00edg k\u00f6vet\u0151i a Szcientol\u00f3gi\u00e1t a szabads\u00e1ghoz vezet\u0151 \u00fatk\u00e9nt dics\u00e9rik, a kritikusok gyakran gazdas\u00e1gi \u00e9rdekeket szolg\u00e1l\u00f3, manipulat\u00edv szekt\u00e1nak tartj\u00e1k.<\/p>\n\n\n\n<h5 class=\"wp-block-heading\"><span class=\"ez-toc-section\" id=\"Ursprung_und_Geschichte\"><\/span><strong>Eredet \u00e9s t\u00f6rt\u00e9nelem<\/strong><span class=\"ez-toc-section-end\"><\/span><\/h5>\n\n\n\n<ul class=\"wp-block-list\">\n<li><strong>Alap\u00edtv\u00e1ny:<\/strong> A Szcientol\u00f3gi\u00e1t 1954-ben alap\u00edtott\u00e1k az Egyes\u00fclt \u00c1llamokban, Hubbard k\u00f6nyve alapj\u00e1n. <em>Dianetika: A ment\u00e1lis eg\u00e9szs\u00e9g modern tudom\u00e1nya<\/em> (1950), amely egy \u00f6nseg\u00edt\u0151 m\u00f3dszert mutatott be az \u00e9rzelmi \u00e9s pszichol\u00f3giai probl\u00e9m\u00e1k megold\u00e1s\u00e1ra.<\/li>\n\n\n\n<li><strong>\u00c1tmenet a vall\u00e1s fel\u00e9:<\/strong> Miut\u00e1n a Dianetik\u00e1t \u00e1ltudom\u00e1nyosnak kritiz\u00e1lt\u00e1k, Hubbard \u00e1talak\u00edtotta mozgalm\u00e1t vall\u00e1si szervezett\u00e9, hogy ad\u00f3kedvezm\u00e9nyeket kapjon, \u00e9s spiritu\u00e1lis dimenzi\u00f3kat vezessen be.<\/li>\n\n\n\n<li><strong>N\u00f6veked\u00e9s:<\/strong> A mozgalom nemzetk\u00f6zileg is elterjedt, \u00e9s szorosan szervezett, befoly\u00e1sos k\u00f6z\u00f6ss\u00e9gg\u00e9 v\u00e1lt.<\/li>\n<\/ul>\n\n\n\n<h5 class=\"wp-block-heading\"><span class=\"ez-toc-section\" id=\"Grundlegende_Glaubenslehren\"><\/span><strong>Alapvet\u0151 tanok<\/strong><span class=\"ez-toc-section-end\"><\/span><\/h5>\n\n\n\n<p>A Szcientol\u00f3gia azon a felt\u00e9telez\u00e9sen alapul, hogy az emberek szellemi l\u00e9nyek, az \u00fan. <strong>Thetan<\/strong>amely a testt\u0151l \u00e9s az elm\u00e9t\u0151l f\u00fcggetlen\u00fcl l\u00e9tezik. A f\u0151 tan\u00edt\u00e1sok a k\u00f6vetkez\u0151k:<\/p>\n\n\n\n<h6 class=\"wp-block-heading\"><span class=\"ez-toc-section\" id=\"Der_Thetan\"><\/span><strong>A thet\u00e1n<\/strong><span class=\"ez-toc-section-end\"><\/span><\/h6>\n\n\n\n<ul class=\"wp-block-list\">\n<li>A thet\u00e1n halhatatlan, \u00e9s sz\u00e1mtalan \u00fajrasz\u00fclet\u00e9sen megy kereszt\u00fcl.<\/li>\n\n\n\n<li>Az emberi l\u00e9nyekben korl\u00e1tlan k\u00e9pess\u00e9gek rejlenek, amelyeket spiritu\u00e1lis k\u00e9pz\u00e9ssel lehet felszabad\u00edtani.<\/li>\n<\/ul>\n\n\n\n<h6 class=\"wp-block-heading\"><span class=\"ez-toc-section\" id=\"Die_reaktive_und_analytische_Geist\"><\/span><strong>A reakt\u00edv \u00e9s analitikus elme<\/strong><span class=\"ez-toc-section-end\"><\/span><\/h6>\n\n\n\n<ul class=\"wp-block-list\">\n<li>Az elme k\u00e9t r\u00e9szre oszlik:\n<ol class=\"wp-block-list\">\n<li><strong>Reakt\u00edv szellem:<\/strong> Olyan traumatikus \u00e9lm\u00e9nyeket (engrammokat) t\u00e1rol, amelyek tudattalanul befoly\u00e1solj\u00e1k a viselked\u00e9st.<\/li>\n\n\n\n<li><strong>Analitikus elme:<\/strong> A gondolkod\u00e1s tudatos, racion\u00e1lis r\u00e9sze.<\/li>\n<\/ol>\n<\/li>\n\n\n\n<li>A c\u00e9l a reakt\u00edv elme \"megtiszt\u00edt\u00e1sa\" a tudatoss\u00e1g magasabb szintj\u00e9nek el\u00e9r\u00e9se \u00e9rdek\u00e9ben.<\/li>\n<\/ul>\n\n\n\n<h6 class=\"wp-block-heading\"><span class=\"ez-toc-section\" id=\"Der_Zustand_von_Clear\"><\/span><strong>A Clear \u00e1llapota<\/strong><span class=\"ez-toc-section-end\"><\/span><\/h6>\n\n\n\n<ul class=\"wp-block-list\">\n<li>A felt\u00e9tel <em>Tiszta<\/em> a f\u0151 c\u00e9l: a reakt\u00edv elme negat\u00edv hat\u00e1sait\u00f3l val\u00f3 teljes megszabadul\u00e1s.<\/li>\n\n\n\n<li>A Clearr\u00e9 v\u00e1l\u00e1s lehet\u0151v\u00e9 teszi a thet\u00e1n sz\u00e1m\u00e1ra, hogy teljes potenci\u00e1lj\u00e1t megval\u00f3s\u00edtsa.<\/li>\n<\/ul>\n\n\n\n<h6 class=\"wp-block-heading\"><span class=\"ez-toc-section\" id=\"Die_Brucke_zur_volligen_Freiheit\"><\/span><strong>A h\u00edd a teljes szabads\u00e1ghoz<\/strong><span class=\"ez-toc-section-end\"><\/span><\/h6>\n\n\n\n<ul class=\"wp-block-list\">\n<li>A Szcientol\u00f3gia \"hidat k\u00edn\u00e1l a teljes szabads\u00e1ghoz\", amely egy sor spiritu\u00e1lis k\u00e9pz\u00e9si \u00e9s tan\u00e1csad\u00e1si szintet foglal mag\u00e1ban.<\/li>\n\n\n\n<li>A magasabb szintek, az \u00fagynevezett <strong>M\u0171k\u00f6d\u0151 Thetan (OT)<\/strong>-szintek, titkos tan\u00edt\u00e1sokat tartalmaznak a vil\u00e1gegyetemr\u0151l \u00e9s a thet\u00e1n val\u00f3di term\u00e9szet\u00e9r\u0151l.<\/li>\n<\/ul>\n\n\n\n<h4 class=\"wp-block-heading\"><span class=\"ez-toc-section\" id=\"Praktiken_und_Rituale\"><\/span><strong>Gyakorlatok \u00e9s ritu\u00e1l\u00e9k<\/strong><span class=\"ez-toc-section-end\"><\/span><\/h4>\n\n\n\n<h5 class=\"wp-block-heading\"><span class=\"ez-toc-section\" id=\"Auditing\"><\/span><strong>Audit\u00e1l\u00e1s<\/strong><span class=\"ez-toc-section-end\"><\/span><\/h5>\n\n\n\n<ul class=\"wp-block-list\">\n<li>Az audit\u00e1l\u00e1s egy olyan alapvet\u0151 gyakorlat, amelyben a tag egy auditorral (egyfajta spiritu\u00e1lis tan\u00e1csad\u00f3val) dolgozik az engramok felt\u00e1r\u00e1sa \u00e9s felold\u00e1sa \u00e9rdek\u00e9ben.<\/li>\n\n\n\n<li>Egy eszk\u00f6z, az \u00fagynevezett <strong>E-m\u00e9ter<\/strong> a b\u0151r elektromos v\u00e1ltoz\u00e1sainak m\u00e9r\u00e9s\u00e9re haszn\u00e1lj\u00e1k, amelyek \u00e1ll\u00edt\u00f3lag \u00e9rzelmi reakci\u00f3kat jeleznek.<\/li>\n\n\n\n<li>Az audit\u00e1l\u00e1s c\u00e9lja a spiritu\u00e1lis tiszt\u00e1nl\u00e1t\u00e1s el\u00e9r\u00e9se.<\/li>\n<\/ul>\n\n\n\n<h5 class=\"wp-block-heading\"><span class=\"ez-toc-section\" id=\"Kurse_und_Training\"><\/span><strong>Tanfolyamok \u00e9s k\u00e9pz\u00e9s<\/strong><span class=\"ez-toc-section-end\"><\/span><\/h5>\n\n\n\n<ul class=\"wp-block-list\">\n<li>A tagok sz\u00e1mos fizet\u0151s tanfolyamon \u00e9s programon vesznek r\u00e9szt, amelyek c\u00e9lja a lelki n\u00f6veked\u00e9s \u00e9s a szem\u00e9lyes fejl\u0151d\u00e9s el\u0151seg\u00edt\u00e9se.<\/li>\n\n\n\n<li>Ezek a tanfolyamok gyakran dr\u00e1g\u00e1k, \u00e9s jelent\u0151s bev\u00e9teli forr\u00e1st jelentenek a szervezet sz\u00e1m\u00e1ra.<\/li>\n<\/ul>\n\n\n\n<h5 class=\"wp-block-heading\"><span class=\"ez-toc-section\" id=\"Missionierung\"><\/span><strong>Misszi\u00f3s munka<\/strong><span class=\"ez-toc-section-end\"><\/span><\/h5>\n\n\n\n<ul class=\"wp-block-list\">\n<li>A Szcientol\u00f3gia akt\u00edv misszi\u00f3s munk\u00e1t v\u00e9gez, \u00e9s szemin\u00e1riumokon, ingyenes szem\u00e9lyis\u00e9gteszteken \u00e9s szoci\u00e1lis programokon kereszt\u00fcl toboroz tagokat.<\/li>\n<\/ul>\n\n\n\n<h4 class=\"wp-block-heading\"><span class=\"ez-toc-section\" id=\"Organisationsstruktur\"><\/span><strong>Szervezeti fel\u00e9p\u00edt\u00e9s<\/strong>r<span class=\"ez-toc-section-end\"><\/span><\/h4>\n\n\n\n<h5 class=\"wp-block-heading\"><span class=\"ez-toc-section\" id=\"Hierarchie\"><\/span><strong>Hierarchia<\/strong><span class=\"ez-toc-section-end\"><\/span><\/h5>\n\n\n\n<ul class=\"wp-block-list\">\n<li>A Szcientol\u00f3gia szigor\u00faan szervezett \u00e9s k\u00f6zpontos\u00edtott. A legfels\u0151 vezet\u00e9s a <strong>Nemzetk\u00f6zi Scientology Egyh\u00e1z<\/strong>.<\/li>\n\n\n\n<li>A jelenlegi \u00fatmutat\u00f3 a k\u00f6vetkez\u0151 <strong>David Miscavige<\/strong>aki Hubbard 1986-ban bek\u00f6vetkezett hal\u00e1la ut\u00e1n vette \u00e1t az ir\u00e1ny\u00edt\u00e1st.<\/li>\n<\/ul>\n\n\n\n<h5 class=\"wp-block-heading\"><span class=\"ez-toc-section\" id=\"Sea_Organization_Sea_Org\"><\/span><strong>Tengeri szervezet (Sea Org)<\/strong><span class=\"ez-toc-section-end\"><\/span><\/h5>\n\n\n\n<ul class=\"wp-block-list\">\n<li>A Sea Org egy elit vall\u00e1si rend a Szcientol\u00f3gi\u00e1n bel\u00fcl, amelynek tagjai egy \"milli\u00e1rd \u00e9ves szerz\u0151d\u00e9ssel\" k\u00f6telezik el magukat.<\/li>\n\n\n\n<li>A tagok kem\u00e9ny k\u00f6r\u00fclm\u00e9nyek k\u00f6z\u00f6tt \u00e9lnek, \u00e9s gyakran hossz\u00fa \u00f3r\u00e1kat dolgoznak kev\u00e9s fizet\u00e9s\u00e9rt vagy fizet\u00e9s n\u00e9lk\u00fcl.<\/li>\n<\/ul>\n\n\n\n<h5 class=\"wp-block-heading\"><span class=\"ez-toc-section\" id=\"Finanzstruktur\"><\/span><strong>P\u00e9nz\u00fcgyi strukt\u00fara<\/strong><span class=\"ez-toc-section-end\"><\/span><\/h5>\n\n\n\n<ul class=\"wp-block-list\">\n<li>A Szcientol\u00f3gi\u00e1t a tanfolyamok\u00e9rt, az audit\u00e1l\u00e1sok\u00e9rt \u00e9s az adom\u00e1nyokb\u00f3l fizetett magas d\u00edjakb\u00f3l finansz\u00edrozz\u00e1k.<\/li>\n\n\n\n<li>A kritikusok azzal v\u00e1dolj\u00e1k a szervezetet, hogy p\u00e9nz\u00fcgyi nyom\u00e1st gyakorol a tagokra.<\/li>\n<\/ul>\n\n\n\n<h4 class=\"wp-block-heading\"><span class=\"ez-toc-section\" id=\"Kontroversen\"><\/span><strong>Ellentmond\u00e1sok<\/strong><span class=\"ez-toc-section-end\"><\/span><\/h4>\n\n\n\n<p>A szcientol\u00f3gia vil\u00e1gszerte ellentmond\u00e1sos, \u00e9s gyakran kritiz\u00e1lj\u00e1k a gyakorlatai \u00e9s a tagokkal val\u00f3 b\u00e1n\u00e1sm\u00f3dja miatt. \u00cdme n\u00e9h\u00e1ny kulcsfontoss\u00e1g\u00fa pont:<\/p>\n\n\n\n<h5 class=\"wp-block-heading\"><span class=\"ez-toc-section\" id=\"Manipulation_und_Kontrolle\"><\/span><strong>Manipul\u00e1ci\u00f3 \u00e9s ellen\u0151rz\u00e9s<\/strong><span class=\"ez-toc-section-end\"><\/span><\/h5>\n\n\n\n<ul class=\"wp-block-list\">\n<li>A kritikusok azt \u00e1ll\u00edtj\u00e1k, hogy a Szcientol\u00f3gia pszichol\u00f3giai nyom\u00e1sgyakorl\u00e1ssal \u00e9s \u00e9rzelmi f\u00fcgg\u0151s\u00e9ggel manipul\u00e1lja a tagokat.<\/li>\n\n\n\n<li>A lemorzsol\u00f3d\u00f3k gyakran sz\u00e1molnak be megfigyel\u00e9sr\u0151l \u00e9s megf\u00e9leml\u00edt\u00e9sr\u0151l.<\/li>\n<\/ul>\n\n\n\n<h5 class=\"wp-block-heading\"><span class=\"ez-toc-section\" id=\"Umgang_mit_Kritikern\"><\/span><strong>A kritikusokkal val\u00f3 b\u00e1n\u00e1sm\u00f3d<\/strong><span class=\"ez-toc-section-end\"><\/span><\/h5>\n\n\n\n<ul class=\"wp-block-list\">\n<li>A szcientol\u00f3gia arr\u00f3l ismert, hogy agressz\u00edvan k\u00fczd a kritikusok ellen. Ez a programon kereszt\u00fcl t\u00f6rt\u00e9nik <strong>Fair Game<\/strong>amelyben a kritikusokat jogi, p\u00e9nz\u00fcgyi vagy szem\u00e9lyes t\u00e1mad\u00e1sok \u00e9rik.<\/li>\n<\/ul>\n\n\n\n<h5 class=\"wp-block-heading\"><span class=\"ez-toc-section\" id=\"Familienzerstorung\"><\/span><strong>Csal\u00e1di puszt\u00edt\u00e1s<\/strong><span class=\"ez-toc-section-end\"><\/span><\/h5>\n\n\n\n<ul class=\"wp-block-list\">\n<li>A szcientol\u00f3gi\u00e1t azzal v\u00e1dolj\u00e1k, hogy csal\u00e1dokat v\u00e1laszt sz\u00e9t, ha egy tag kil\u00e9p vagy kritiz\u00e1lja a szervezetet.<\/li>\n<\/ul>\n\n\n\n<h5 class=\"wp-block-heading\"><span class=\"ez-toc-section\" id=\"Steuerbefreiung\"><\/span><strong>Ad\u00f3mentess\u00e9g<\/strong><span class=\"ez-toc-section-end\"><\/span><\/h5>\n\n\n\n<ul class=\"wp-block-list\">\n<li>Egyes orsz\u00e1gokban, p\u00e9ld\u00e1ul az Egyes\u00fclt \u00c1llamokban a Scientology ad\u00f3mentes vall\u00e1si k\u00f6z\u00f6ss\u00e9g st\u00e1tusz\u00e1t \u00e9lvezi. M\u00e1s orsz\u00e1gok, p\u00e9ld\u00e1ul N\u00e9metorsz\u00e1g, a szcientol\u00f3gi\u00e1t gazdas\u00e1gi szervezetnek vagy szekt\u00e1nak tekintik.<\/li>\n<\/ul>\n\n\n\n<h5 class=\"wp-block-heading\"><span class=\"ez-toc-section\" id=\"Geheimhaltung\"><\/span><strong>Titoktart\u00e1s<\/strong><span class=\"ez-toc-section-end\"><\/span><\/h5>\n\n\n\n<ul class=\"wp-block-list\">\n<li>A magasabb OT-tan\u00edt\u00e1sok, amelyeket a tagok csak \u00e9vek \u00e9s magas k\u00f6lts\u00e9gek ut\u00e1n \u00e9rnek el, titkosak. A lemorzsol\u00f3d\u00f3k arr\u00f3l sz\u00e1molnak be, hogy ezeket a tan\u00edt\u00e1sokat gyakran bizarrnak tartj\u00e1k, mint a t\u00f6rt\u00e9net\u00e9t <strong>Xenu<\/strong>egy galaktikus dikt\u00e1tor, aki \u00e1ll\u00edt\u00f3lag az idegenek lelk\u00e9t hozta a F\u00f6ldre.<\/li>\n<\/ul>\n\n\n\n<h4 class=\"wp-block-heading\"><span class=\"ez-toc-section\" id=\"Verbreitung_und_Einfluss\"><\/span><strong>Elterjed\u00e9s \u00e9s befoly\u00e1s<\/strong><span class=\"ez-toc-section-end\"><\/span><\/h4>\n\n\n\n<ul class=\"wp-block-list\">\n<li>A Szcientol\u00f3gia vil\u00e1gszerte akt\u00edv, nagy k\u00f6zpontokkal rendelkezik az Egyes\u00fclt \u00c1llamokban (pl. Los Angeles \u00e9s Clearwater, Florida), Eur\u00f3p\u00e1ban \u00e9s Ausztr\u00e1li\u00e1ban.<\/li>\n\n\n\n<li>Olyan prominens tagok, mint <strong>Tom Cruise<\/strong> \u00e9s <strong>John Travolta<\/strong> hozz\u00e1j\u00e1rul a tudatoss\u00e1ghoz.<\/li>\n\n\n\n<li>Annak ellen\u00e9re, hogy egyes orsz\u00e1gokban cs\u00f6kken a tagok sz\u00e1ma, a Szcientol\u00f3gia befoly\u00e1sa \u00e9s gazdags\u00e1ga miatt tov\u00e1bbra is befoly\u00e1sos szervezet marad.<\/li>\n<\/ul>\n\n\n\n<h4 class=\"wp-block-heading\"><span class=\"ez-toc-section\" id=\"Scientology_und_der_rechtliche_Status\"><\/span><strong>A Scientology \u00e9s a jogi st\u00e1tusz<\/strong><span class=\"ez-toc-section-end\"><\/span><\/h4>\n\n\n\n<ul class=\"wp-block-list\">\n<li><strong>USA:<\/strong> Vall\u00e1sk\u00e9nt elismert \u00e9s ad\u00f3mentes.<\/li>\n\n\n\n<li><strong>N\u00e9metorsz\u00e1g:<\/strong> Az Alkotm\u00e1nyv\u00e9delmi Hivatal \u00e1ltal fel\u00fcgyelt \u00e9s potenci\u00e1lisan alkotm\u00e1nyellenesnek min\u0151s\u00edtett.<\/li>\n\n\n\n<li><strong>Franciaorsz\u00e1g:<\/strong> A szcientol\u00f3gi\u00e1t m\u00e1r t\u00f6bbsz\u00f6r el\u00edt\u00e9lt\u00e9k, mint b\u0171nszervezetet.<\/li>\n<\/ul>","protected":false},"excerpt":{"rendered":"<p><span class=\"span-reading-time rt-reading-time\" style=\"display: block;\"><span class=\"rt-label rt-prefix\">Olvas\u00e1si id\u0151<\/span> <span class=\"rt-time\"> 5<\/span> <span class=\"rt-label rt-postfix\">percek<\/span><\/span>Der Begriff Sekte stammt aus dem Lateinischen secta, was soviel hei\u00dft wie Lehre, Partei. Der Begriff als solcher ist neutral, weder negativ, noch positiv belegt, wird heute aber \u00fcberwiegend negativ verstanden. Eine Sekte stellt eine kleine Minderheit von Mitgliedern dar, die sich von einer gro\u00dfen Religionsgemeinschaft abgespalten haben, weil sie sich von Lehrinhalten deutlich distanzieren&hellip;&nbsp;<a href=\"https:\/\/csiag.de\/hu\/blog\/2025\/01\/21\/was-ist-eine-sekte\/\" rel=\"bookmark\">Olvass tov\u00e1bb \"<span class=\"screen-reader-text\">Mi az a szekta?<\/span><\/a><\/p>","protected":false},"author":1,"featured_media":0,"comment_status":"open","ping_status":"open","sticky":false,"template":"","format":"standard","meta":{"_lmt_disableupdate":"","_lmt_disable":"","neve_meta_sidebar":"","neve_meta_container":"","neve_meta_enable_content_width":"","neve_meta_content_width":0,"neve_meta_title_alignment":"","neve_meta_author_avatar":"","neve_post_elements_order":"","neve_meta_disable_header":"","neve_meta_disable_footer":"","neve_meta_disable_title":"","footnotes":""},"categories":[4085],"tags":[],"class_list":["post-9010","post","type-post","status-publish","format-standard","hentry","category-themen-von-lesern-angeregt"],"modified_by":"Achim Goerner","_links":{"self":[{"href":"https:\/\/csiag.de\/hu\/wp-json\/wp\/v2\/posts\/9010","targetHints":{"allow":["GET"]}}],"collection":[{"href":"https:\/\/csiag.de\/hu\/wp-json\/wp\/v2\/posts"}],"about":[{"href":"https:\/\/csiag.de\/hu\/wp-json\/wp\/v2\/types\/post"}],"author":[{"embeddable":true,"href":"https:\/\/csiag.de\/hu\/wp-json\/wp\/v2\/users\/1"}],"replies":[{"embeddable":true,"href":"https:\/\/csiag.de\/hu\/wp-json\/wp\/v2\/comments?post=9010"}],"version-history":[{"count":0,"href":"https:\/\/csiag.de\/hu\/wp-json\/wp\/v2\/posts\/9010\/revisions"}],"wp:attachment":[{"href":"https:\/\/csiag.de\/hu\/wp-json\/wp\/v2\/media?parent=9010"}],"wp:term":[{"taxonomy":"category","embeddable":true,"href":"https:\/\/csiag.de\/hu\/wp-json\/wp\/v2\/categories?post=9010"},{"taxonomy":"post_tag","embeddable":true,"href":"https:\/\/csiag.de\/hu\/wp-json\/wp\/v2\/tags?post=9010"}],"curies":[{"name":"wp","href":"https:\/\/api.w.org\/{rel}","templated":true}]}}