{"id":8969,"date":"2025-01-21T10:14:52","date_gmt":"2025-01-21T10:14:52","guid":{"rendered":"https:\/\/csiag.de\/?p=8969"},"modified":"2025-01-21T20:04:37","modified_gmt":"2025-01-21T20:04:37","slug":"kueloenbseg-a-nemzeti-egyhaz-es-a-szabadegyhaz-koezoett","status":"publish","type":"post","link":"https:\/\/csiag.de\/hu\/blog\/2025\/01\/21\/unterschied-landeskirche-vs-freikirche\/","title":{"rendered":"K\u00fcl\u00f6nbs\u00e9g - nemzeti egyh\u00e1z vs. szabadegyh\u00e1z"},"content":{"rendered":"<div id=\"ez-toc-container\" class=\"ez-toc-v2_0_82_2 counter-hierarchy ez-toc-counter ez-toc-grey ez-toc-container-direction\">\n<div class=\"ez-toc-title-container\">\n<p class=\"ez-toc-title\" style=\"cursor:inherit\">Tartalomjegyz\u00e9k<\/p>\n<span class=\"ez-toc-title-toggle\"><\/span><\/div>\n<nav><ul class='ez-toc-list ez-toc-list-level-1' ><li class='ez-toc-page-1 ez-toc-heading-level-3'><a class=\"ez-toc-link ez-toc-heading-1\" href=\"https:\/\/csiag.de\/hu\/blog\/2025\/01\/21\/unterschied-landeskirche-vs-freikirche\/#Volkskirche\" >N\u00e9pi templom<\/a><\/li><li class='ez-toc-page-1 ez-toc-heading-level-3'><a class=\"ez-toc-link ez-toc-heading-2\" href=\"https:\/\/csiag.de\/hu\/blog\/2025\/01\/21\/unterschied-landeskirche-vs-freikirche\/#Freikirchen\" >Szabad egyh\u00e1zak<\/a><\/li><li class='ez-toc-page-1 ez-toc-heading-level-3'><a class=\"ez-toc-link ez-toc-heading-3\" href=\"https:\/\/csiag.de\/hu\/blog\/2025\/01\/21\/unterschied-landeskirche-vs-freikirche\/#Ausrichtungen\" >Igaz\u00edt\u00e1sok<\/a><ul class='ez-toc-list-level-4' ><li class='ez-toc-heading-level-4'><a class=\"ez-toc-link ez-toc-heading-4\" href=\"https:\/\/csiag.de\/hu\/blog\/2025\/01\/21\/unterschied-landeskirche-vs-freikirche\/#Neuapostolische_Kirche_NAK\" >\u00daj Apostoli Egyh\u00e1z (NAK)<\/a><ul class='ez-toc-list-level-5' ><li class='ez-toc-heading-level-5'><a class=\"ez-toc-link ez-toc-heading-5\" href=\"https:\/\/csiag.de\/hu\/blog\/2025\/01\/21\/unterschied-landeskirche-vs-freikirche\/#Glaubensmerkmale\" >A hit jellemz\u0151i:<\/a><\/li><li class='ez-toc-page-1 ez-toc-heading-level-5'><a class=\"ez-toc-link ez-toc-heading-6\" href=\"https:\/\/csiag.de\/hu\/blog\/2025\/01\/21\/unterschied-landeskirche-vs-freikirche\/#Organisation\" >Szervezet<\/a><\/li><\/ul><\/li><li class='ez-toc-page-1 ez-toc-heading-level-4'><a class=\"ez-toc-link ez-toc-heading-7\" href=\"https:\/\/csiag.de\/hu\/blog\/2025\/01\/21\/unterschied-landeskirche-vs-freikirche\/#Zeugen_Jehovas\" >Jehova Tan\u00fai<\/a><ul class='ez-toc-list-level-5' ><li class='ez-toc-heading-level-5'><a class=\"ez-toc-link ez-toc-heading-8\" href=\"https:\/\/csiag.de\/hu\/blog\/2025\/01\/21\/unterschied-landeskirche-vs-freikirche\/#Glaubensmerkmale-2\" >A hit jellemz\u0151i<\/a><\/li><li class='ez-toc-page-1 ez-toc-heading-level-5'><a class=\"ez-toc-link ez-toc-heading-9\" href=\"https:\/\/csiag.de\/hu\/blog\/2025\/01\/21\/unterschied-landeskirche-vs-freikirche\/#Organisation-2\" >Szervezet<\/a><\/li><li class='ez-toc-page-1 ez-toc-heading-level-5'><a class=\"ez-toc-link ez-toc-heading-10\" href=\"https:\/\/csiag.de\/hu\/blog\/2025\/01\/21\/unterschied-landeskirche-vs-freikirche\/#Verbreitung_und_Fokus\" >Eloszt\u00e1s \u00e9s f\u00f3kusz<\/a><\/li><\/ul><\/li><li class='ez-toc-page-1 ez-toc-heading-level-4'><a class=\"ez-toc-link ez-toc-heading-11\" href=\"https:\/\/csiag.de\/hu\/blog\/2025\/01\/21\/unterschied-landeskirche-vs-freikirche\/#BEFG_%E2%80%93_Bund_Evangelisch_Freikirchlicher_Gemeinden_Baptisten\" >BEFG - Evang\u00e9likus Szabadegyh\u00e1zak Sz\u00f6vets\u00e9ge (baptist\u00e1k)<\/a><ul class='ez-toc-list-level-5' ><li class='ez-toc-heading-level-5'><a class=\"ez-toc-link ez-toc-heading-12\" href=\"https:\/\/csiag.de\/hu\/blog\/2025\/01\/21\/unterschied-landeskirche-vs-freikirche\/#Glaubensmerkmale-3\" >A hit jellemz\u0151i<\/a><\/li><li class='ez-toc-page-1 ez-toc-heading-level-5'><a class=\"ez-toc-link ez-toc-heading-13\" href=\"https:\/\/csiag.de\/hu\/blog\/2025\/01\/21\/unterschied-landeskirche-vs-freikirche\/#Organisation-3\" >Szervezet<\/a><\/li><li class='ez-toc-page-1 ez-toc-heading-level-5'><a class=\"ez-toc-link ez-toc-heading-14\" href=\"https:\/\/csiag.de\/hu\/blog\/2025\/01\/21\/unterschied-landeskirche-vs-freikirche\/#Verbreitung_und_Fokus-2\" >Eloszt\u00e1s \u00e9s f\u00f3kusz<\/a><\/li><\/ul><\/li><li class='ez-toc-page-1 ez-toc-heading-level-4'><a class=\"ez-toc-link ez-toc-heading-15\" href=\"https:\/\/csiag.de\/hu\/blog\/2025\/01\/21\/unterschied-landeskirche-vs-freikirche\/#BFP_%E2%80%93_Bund_Freikirchlicher_Pfingstgemeinden\" >BFP - P\u00fcnk\u00f6sdi Szabadegyh\u00e1zak Sz\u00f6vets\u00e9ge<\/a><ul class='ez-toc-list-level-5' ><li class='ez-toc-heading-level-5'><a class=\"ez-toc-link ez-toc-heading-16\" href=\"https:\/\/csiag.de\/hu\/blog\/2025\/01\/21\/unterschied-landeskirche-vs-freikirche\/#Glaubensmerkmale-4\" >A hit jellemz\u0151i<\/a><\/li><li class='ez-toc-page-1 ez-toc-heading-level-5'><a class=\"ez-toc-link ez-toc-heading-17\" href=\"https:\/\/csiag.de\/hu\/blog\/2025\/01\/21\/unterschied-landeskirche-vs-freikirche\/#Organisation-4\" >Szervezet<\/a><\/li><li class='ez-toc-page-1 ez-toc-heading-level-5'><a class=\"ez-toc-link ez-toc-heading-18\" href=\"https:\/\/csiag.de\/hu\/blog\/2025\/01\/21\/unterschied-landeskirche-vs-freikirche\/#Verbreitung_und_Fokus-3\" >Eloszt\u00e1s \u00e9s f\u00f3kusz<\/a><\/li><\/ul><\/li><li class='ez-toc-page-1 ez-toc-heading-level-4'><a class=\"ez-toc-link ez-toc-heading-19\" href=\"https:\/\/csiag.de\/hu\/blog\/2025\/01\/21\/unterschied-landeskirche-vs-freikirche\/#Mormonen_%E2%80%93_Kirche_Jesu_Christi_der_Heiligen_der_Letzten_Tage_HLT\" >Mormonok - Az Utols\u00f3 Napok Szentjeinek J\u00e9zus Krisztus Egyh\u00e1za (LDS)<\/a><ul class='ez-toc-list-level-5' ><li class='ez-toc-heading-level-5'><a class=\"ez-toc-link ez-toc-heading-20\" href=\"https:\/\/csiag.de\/hu\/blog\/2025\/01\/21\/unterschied-landeskirche-vs-freikirche\/#Glaubensmerkmale-5\" >A hit jellemz\u0151i<\/a><\/li><li class='ez-toc-page-1 ez-toc-heading-level-5'><a class=\"ez-toc-link ez-toc-heading-21\" href=\"https:\/\/csiag.de\/hu\/blog\/2025\/01\/21\/unterschied-landeskirche-vs-freikirche\/#Organisation-5\" >Szervezet<\/a><\/li><li class='ez-toc-page-1 ez-toc-heading-level-5'><a class=\"ez-toc-link ez-toc-heading-22\" href=\"https:\/\/csiag.de\/hu\/blog\/2025\/01\/21\/unterschied-landeskirche-vs-freikirche\/#Verbreitung_und_Fokus-4\" >Eloszt\u00e1s \u00e9s f\u00f3kusz<\/a><\/li><\/ul><\/li><li class='ez-toc-page-1 ez-toc-heading-level-4'><a class=\"ez-toc-link ez-toc-heading-23\" href=\"https:\/\/csiag.de\/hu\/blog\/2025\/01\/21\/unterschied-landeskirche-vs-freikirche\/#Mennoniten\" >Mennonit\u00e1k<\/a><ul class='ez-toc-list-level-5' ><li class='ez-toc-heading-level-5'><a class=\"ez-toc-link ez-toc-heading-24\" href=\"https:\/\/csiag.de\/hu\/blog\/2025\/01\/21\/unterschied-landeskirche-vs-freikirche\/#Glaubensmerkmale-6\" >A hit jellemz\u0151i<\/a><\/li><li class='ez-toc-page-1 ez-toc-heading-level-5'><a class=\"ez-toc-link ez-toc-heading-25\" href=\"https:\/\/csiag.de\/hu\/blog\/2025\/01\/21\/unterschied-landeskirche-vs-freikirche\/#Organisation-6\" >Szervezet<\/a><\/li><li class='ez-toc-page-1 ez-toc-heading-level-5'><a class=\"ez-toc-link ez-toc-heading-26\" href=\"https:\/\/csiag.de\/hu\/blog\/2025\/01\/21\/unterschied-landeskirche-vs-freikirche\/#Verbreitung_und_Fokus-5\" >Eloszt\u00e1s \u00e9s f\u00f3kusz<\/a><\/li><\/ul><\/li><li class='ez-toc-page-1 ez-toc-heading-level-4'><a class=\"ez-toc-link ez-toc-heading-27\" href=\"https:\/\/csiag.de\/hu\/blog\/2025\/01\/21\/unterschied-landeskirche-vs-freikirche\/#Siebenten-Tags-Adventisten_STA\" >Hetednapi adventist\u00e1k (STA)<\/a><ul class='ez-toc-list-level-5' ><li class='ez-toc-heading-level-5'><a class=\"ez-toc-link ez-toc-heading-28\" href=\"https:\/\/csiag.de\/hu\/blog\/2025\/01\/21\/unterschied-landeskirche-vs-freikirche\/#Glaubensmerkmale-7\" >A hit jellemz\u0151i<\/a><\/li><li class='ez-toc-page-1 ez-toc-heading-level-5'><a class=\"ez-toc-link ez-toc-heading-29\" href=\"https:\/\/csiag.de\/hu\/blog\/2025\/01\/21\/unterschied-landeskirche-vs-freikirche\/#Organisation-7\" >Szervezet<\/a><\/li><li class='ez-toc-page-1 ez-toc-heading-level-5'><a class=\"ez-toc-link ez-toc-heading-30\" href=\"https:\/\/csiag.de\/hu\/blog\/2025\/01\/21\/unterschied-landeskirche-vs-freikirche\/#Verbreitung_und_Fokus-6\" >Eloszt\u00e1s \u00e9s f\u00f3kusz<\/a><\/li><\/ul><\/li><li class='ez-toc-page-1 ez-toc-heading-level-4'><a class=\"ez-toc-link ez-toc-heading-31\" href=\"https:\/\/csiag.de\/hu\/blog\/2025\/01\/21\/unterschied-landeskirche-vs-freikirche\/#SELK_%E2%80%93_Selbstandige_Evangelisch-Lutherische-Kirche\" >SELK - F\u00fcggetlen Evang\u00e9likus-Luther\u00e1nus Egyh\u00e1z<\/a><ul class='ez-toc-list-level-5' ><li class='ez-toc-heading-level-5'><a class=\"ez-toc-link ez-toc-heading-32\" href=\"https:\/\/csiag.de\/hu\/blog\/2025\/01\/21\/unterschied-landeskirche-vs-freikirche\/#Glaubensmerkmale-8\" >A hit jellemz\u0151i<\/a><\/li><li class='ez-toc-page-1 ez-toc-heading-level-5'><a class=\"ez-toc-link ez-toc-heading-33\" href=\"https:\/\/csiag.de\/hu\/blog\/2025\/01\/21\/unterschied-landeskirche-vs-freikirche\/#Organisation-8\" >Szervezet<\/a><\/li><li class='ez-toc-page-1 ez-toc-heading-level-5'><a class=\"ez-toc-link ez-toc-heading-34\" href=\"https:\/\/csiag.de\/hu\/blog\/2025\/01\/21\/unterschied-landeskirche-vs-freikirche\/#Verbreitung_und_Fokus-7\" >Eloszt\u00e1s \u00e9s f\u00f3kusz<\/a><\/li><\/ul><\/li><li class='ez-toc-page-1 ez-toc-heading-level-4'><a class=\"ez-toc-link ez-toc-heading-35\" href=\"https:\/\/csiag.de\/hu\/blog\/2025\/01\/21\/unterschied-landeskirche-vs-freikirche\/#EmK_%E2%80%93_Evangelisch-methodistische_Kirche\" >EmK - Evang\u00e9likus Metodista Egyh\u00e1z<\/a><ul class='ez-toc-list-level-5' ><li class='ez-toc-heading-level-5'><a class=\"ez-toc-link ez-toc-heading-36\" href=\"https:\/\/csiag.de\/hu\/blog\/2025\/01\/21\/unterschied-landeskirche-vs-freikirche\/#Glaubensmerkmale-9\" >A hit jellemz\u0151i<\/a><\/li><li class='ez-toc-page-1 ez-toc-heading-level-5'><a class=\"ez-toc-link ez-toc-heading-37\" href=\"https:\/\/csiag.de\/hu\/blog\/2025\/01\/21\/unterschied-landeskirche-vs-freikirche\/#Organisation_und_Struktur\" >Szervezet \u00e9s strukt\u00fara<\/a><\/li><li class='ez-toc-page-1 ez-toc-heading-level-5'><a class=\"ez-toc-link ez-toc-heading-38\" href=\"https:\/\/csiag.de\/hu\/blog\/2025\/01\/21\/unterschied-landeskirche-vs-freikirche\/#Verbreitung_und_Fokus-8\" >Eloszt\u00e1s \u00e9s f\u00f3kusz<\/a><\/li><\/ul><\/li><li class='ez-toc-page-1 ez-toc-heading-level-4'><a class=\"ez-toc-link ez-toc-heading-39\" href=\"https:\/\/csiag.de\/hu\/blog\/2025\/01\/21\/unterschied-landeskirche-vs-freikirche\/#Brudergemeinde\" >A Testv\u00e9rek Egyh\u00e1za<\/a><ul class='ez-toc-list-level-5' ><li class='ez-toc-heading-level-5'><a class=\"ez-toc-link ez-toc-heading-40\" href=\"https:\/\/csiag.de\/hu\/blog\/2025\/01\/21\/unterschied-landeskirche-vs-freikirche\/#Geschlossene_Brudergemeinde\" >Z\u00e1rt testv\u00e9ris\u00e9g<\/a><\/li><li class='ez-toc-page-1 ez-toc-heading-level-5'><a class=\"ez-toc-link ez-toc-heading-41\" href=\"https:\/\/csiag.de\/hu\/blog\/2025\/01\/21\/unterschied-landeskirche-vs-freikirche\/#Glaubensmerkmale-10\" >A hit jellemz\u0151i<\/a><\/li><li class='ez-toc-page-1 ez-toc-heading-level-5'><a class=\"ez-toc-link ez-toc-heading-42\" href=\"https:\/\/csiag.de\/hu\/blog\/2025\/01\/21\/unterschied-landeskirche-vs-freikirche\/#Organisation_und_Struktur-2\" >Szervezet \u00e9s strukt\u00fara<\/a><\/li><li class='ez-toc-page-1 ez-toc-heading-level-5'><a class=\"ez-toc-link ez-toc-heading-43\" href=\"https:\/\/csiag.de\/hu\/blog\/2025\/01\/21\/unterschied-landeskirche-vs-freikirche\/#Verbreitung_und_Fokus-9\" >Eloszt\u00e1s \u00e9s f\u00f3kusz<\/a><\/li><li class='ez-toc-page-1 ez-toc-heading-level-5'><a class=\"ez-toc-link ez-toc-heading-44\" href=\"https:\/\/csiag.de\/hu\/blog\/2025\/01\/21\/unterschied-landeskirche-vs-freikirche\/#Offene_Brudergemeinde\" >A Testv\u00e9rek Nyitott Egyh\u00e1za<\/a><\/li><li class='ez-toc-page-1 ez-toc-heading-level-5'><a class=\"ez-toc-link ez-toc-heading-45\" href=\"https:\/\/csiag.de\/hu\/blog\/2025\/01\/21\/unterschied-landeskirche-vs-freikirche\/#Glaubensmerkmale-11\" >A hit jellemz\u0151i<\/a><\/li><li class='ez-toc-page-1 ez-toc-heading-level-5'><a class=\"ez-toc-link ez-toc-heading-46\" href=\"https:\/\/csiag.de\/hu\/blog\/2025\/01\/21\/unterschied-landeskirche-vs-freikirche\/#Organisation-9\" >Szervezet<\/a><\/li><li class='ez-toc-page-1 ez-toc-heading-level-5'><a class=\"ez-toc-link ez-toc-heading-47\" href=\"https:\/\/csiag.de\/hu\/blog\/2025\/01\/21\/unterschied-landeskirche-vs-freikirche\/#Verbreitung_und_Fokus-10\" >Eloszt\u00e1s \u00e9s f\u00f3kusz<\/a><\/li><\/ul><\/li><\/ul><\/li><\/ul><\/nav><\/div>\n<span class=\"span-reading-time rt-reading-time\" style=\"display: block;\"><span class=\"rt-label rt-prefix\">Olvas\u00e1si id\u0151<\/span> <span class=\"rt-time\"> 14<\/span> <span class=\"rt-label rt-postfix\">percek<\/span><\/span><div class=\"pdfprnt-buttons pdfprnt-buttons-post pdfprnt-top-right\"><a href=\"https:\/\/csiag.de\/hu\/wp-json\/wp\/v2\/posts\/8969?print=pdf\" class=\"pdfprnt-button pdfprnt-button-pdf\" target=\"_blank\" ><img decoding=\"async\" src=\"https:\/\/csiag.de\/wp-content\/plugins\/pdf-print\/images\/pdf.png\" alt=\"k\u00e9p_pdf\" title=\"Download PDF\" \/><span class=\"pdfprnt-button-title pdfprnt-button-pdf-title\">Konvert\u00e1l\u00e1s PDF-be<\/span><\/a><a href=\"https:\/\/csiag.de\/hu\/wp-json\/wp\/v2\/posts\/8969?print=print\" class=\"pdfprnt-button pdfprnt-button-print\" target=\"_blank\" ><img decoding=\"async\" src=\"https:\/\/csiag.de\/wp-content\/plugins\/pdf-print\/images\/print.png\" alt=\"k\u00e9pnyomtat\u00e1s\" title=\"Print Content\" \/><span class=\"pdfprnt-button-title pdfprnt-button-print-title\">Nyomtat\u00e1s<\/span><\/a><\/div>\n<p>Mi a k\u00fcl\u00f6nbs\u00e9g tulajdonk\u00e9ppen a nemzeti egyh\u00e1z vagy nemzeti egyh\u00e1z \u00e9s a szabadegyh\u00e1z k\u00f6z\u00f6tt?<\/p>\n\n\n\n<p>A k\u00f6vetkez\u0151kben mind a f\u0151\u00e1ram\u00fa egyh\u00e1zak, mind a szabadegyh\u00e1zak r\u00e9szletesebb le\u00edr\u00e1s\u00e1t adjuk, ezzel is kiemelve a k\u00fcl\u00f6nbs\u00e9geket.<\/p>\n\n\n\n<h3 class=\"wp-block-heading\"><span class=\"ez-toc-section\" id=\"Volkskirche\"><\/span>N\u00e9pi templom<span class=\"ez-toc-section-end\"><\/span><\/h3>\n\n\n\n<p>Kor\u00e1bban N\u00e9metorsz\u00e1gban az 1555-\u00f6s augsburgi b\u00e9ke alkalm\u00e1val az uralkod\u00f3k d\u00f6nt\u00f6ttek arr\u00f3l, hogy alattval\u00f3ik melyik hitet fogadj\u00e1k el. A 18. sz\u00e1zadt\u00f3l kezdve a r\u00f3mai katolikus bajor kir\u00e1ly m\u00e9g a bajororsz\u00e1gi protest\u00e1ns egyh\u00e1z p\u00fcsp\u00f6ke is volt.<\/p>\n\n\n\n<p>A nemzeti egyh\u00e1z a r\u00f3mai katolikus \u00e9s a protest\u00e1ns egyh\u00e1zakb\u00f3l \u00e1ll.<\/p>\n\n\n\n<p>A region\u00e1lis egyh\u00e1zakat az adott sz\u00f6vets\u00e9gi \u00e1llamok protest\u00e1ns egyh\u00e1zai k\u00e9pviselik. \u00cdgy 20 protest\u00e1ns region\u00e1lis egyh\u00e1z l\u00e9tezik.<\/p>\n\n\n\n<p>A nemzeti egyh\u00e1zakat els\u0151sorban az \u00e1llamilag finansz\u00edrozott egyh\u00e1zi ad\u00f3b\u00f3l, gy\u0171jt\u00e9sekb\u0151l \u00e9s adom\u00e1nyokb\u00f3l finansz\u00edrozz\u00e1k. A szem\u00e9lyzetet az egyh\u00e1zi ad\u00f3b\u00f3l fizetik, m\u00edg a gy\u0171jt\u00e9sekb\u0151l \u00e9s adom\u00e1nyokb\u00f3l sz\u00e1rmaz\u00f3 bev\u00e9teleket meghat\u00e1rozott c\u00e9lokra k\u00fcl\u00f6n\u00edtik el.<\/p>\n\n\n\n<p>N\u00e9metorsz\u00e1gban teh\u00e1t l\u00e9tezik a r\u00f3mai katolikus egyh\u00e1z \u00e9s 20 protest\u00e1ns region\u00e1lis egyh\u00e1z, amelyek k\u00f6z\u00f6tt a h\u00edvek megoszlanak.<br>A 2022-es statisztik\u00e1k szerint 20,9 milli\u00f3 ember tartozik a r\u00f3mai katolikus egyh\u00e1zhoz \u00e9s 19,2 milli\u00f3 a protest\u00e1ns egyh\u00e1zhoz.<br>Ugyanebben az \u00e9vben 522 821 ember l\u00e9pett ki a r\u00f3mai katolikus egyh\u00e1zb\u00f3l \u00e9s 380 000 ember a protest\u00e1ns egyh\u00e1zb\u00f3l.<\/p>\n\n\n\n<h3 class=\"wp-block-heading\"><span class=\"ez-toc-section\" id=\"Freikirchen\"><\/span>Szabad egyh\u00e1zak<span class=\"ez-toc-section-end\"><\/span><\/h3>\n\n\n\n<p>Az \u00e1llami (region\u00e1lis) egyh\u00e1zakkal ellent\u00e9tben a szabadegyh\u00e1zakat a tagjaik \u00e9s adom\u00e1nyaik finansz\u00edrozz\u00e1k, a protest\u00e1ns hit fel\u00e9 orient\u00e1l\u00f3dnak, \u00e9s m\u00e1s hangs\u00falyokkal rendelkeznek, amelyekre hit\u00fcket \u00e9s igehirdet\u00e9s\u00fcket alapozz\u00e1k.<\/p>\n\n\n\n<p>N\u00e9metorsz\u00e1gban mintegy 40 k\u00fcl\u00f6nb\u00f6z\u0151 ir\u00e1nyults\u00e1g\u00fa szabadegyh\u00e1z van. Statisztikailag 2022. december 31-\u00e9n a BEFG-ben (Evang\u00e9likus Szabadegyh\u00e1zak Sz\u00f6vets\u00e9ge) \u00f6sszefogott n\u00e9metorsz\u00e1gi szabadegyh\u00e1zaknak 73 878 tagja volt, ebb\u0151l 1 918 f\u0151 l\u00e9pett ki a szabadegyh\u00e1zakb\u00f3l.<\/p>\n\n\n\n<p>A szabadegyh\u00e1zak kialakul\u00e1s\u00e1nak oka az \u00fagynevezett konfesszion\u00e1lis v\u00e9szhelyzetben, a hitelvekt\u0151l val\u00f3 szubjekt\u00edv elt\u00e9r\u00e9sben rejlik. A szabadegyh\u00e1zak az egyh\u00e1z \u00e9s az \u00e1llam egy\u00e9rtelm\u0171 sz\u00e9tv\u00e1laszt\u00e1s\u00e1t is megval\u00f3s\u00edtj\u00e1k.<\/p>\n\n\n\n<p>Ennek f\u0151 oka nyilv\u00e1nval\u00f3an az, hogy nem a k\u00e9t \u00e1llamegyh\u00e1z egyik\u00e9hez val\u00f3 tartoz\u00e1sban l\u00e1tj\u00e1k az \u00fcdv\u00f6ss\u00e9get. Az ember nem annak az adott egyh\u00e1znak a tagj\u00e1v\u00e1 v\u00e1lik a kereszts\u00e9g \u00e1ltal, amelyikhez a sz\u00fclei sz\u00fclet\u00e9sekor tartoznak, hanem \u00f6n\u00e1ll\u00f3an, tudatosan kell d\u00f6ntenie az ilyen vagy olyan felekezet mellett.<\/p>\n\n\n\n<p>A r\u00f3mai katolikus egyh\u00e1z tov\u00e1bbra is tagjainak tekinti azokat is, akik kil\u00e9ptek, mivel a kereszts\u00e9g \u00e1ltal visszavonhatatlanul tagjai lettek.<\/p>\n\n\n\n<p>A szabadegyh\u00e1zak az \u00dajsz\u00f6vets\u00e9g \u00e9s az abban le\u00edrt egyh\u00e1zi forma szerint m\u0171k\u00f6dnek, amely szerint az \u00dajsz\u00f6vets\u00e9g szerint az ember az egyh\u00e1z tagja. <em>Cselekedetek 5, 29<\/em> jobban kell engedelmeskedn\u00fcnk Istennek, mint az embereknek. Ez ellentmond az \u00e1llam \u00e1ltal kivetett egyh\u00e1zi ad\u00f3nak is. A bibliai tizedre hivatkoznak, a szerint <em>5M\u00f3zes 15:22<\/em>amelyet \u00e1ltal\u00e1ban az aj\u00e1nd\u00e9kok m\u00e9r\u00e9s\u00e9nek alapj\u00e1ul szoktak haszn\u00e1lni. M\u00e1sok viszont ink\u00e1bb ragaszkodnak ahhoz, hogy <em>2 Korinthus 9:7<\/em>amely szerint mindenki \u00fagy ad, ahogy a sz\u00edve dikt\u00e1lja.<\/p>\n\n\n\n<p>Ez kiveszi a szelet a vitorl\u00e1kb\u00f3l annak a k\u00e9rd\u00e9snek, hogy mennyi tizedet kell adni, nett\u00f3 vagy brutt\u00f3 alapon, \u00e9s a n\u00e9pszer\u0171 ellenk\u00e9rd\u00e9snek, hogy mib\u0151l kellene az \u00e1ld\u00e1s, ami term\u00e9szetesen a brutt\u00f3ra ir\u00e1nyul.<\/p>\n\n\n\n<p>Bibliai szempontb\u00f3l d\u00f6nt\u0151 fontoss\u00e1g\u00fa, hogy J\u00e9zus \u00e1ldozati hal\u00e1l\u00e1t a teljes m\u00f3zesi t\u00f6rv\u00e9ny beteljesed\u00e9sek\u00e9nt ismerj\u00fck el, bele\u00e9rtve a tizedfizet\u00e9st is.<\/p>\n\n\n\n<p>Mag\u00e1t\u00f3l \u00e9rtet\u0151dik, hogy az egyh\u00e1zaknak finansz\u00edrozniuk kell magukat, de \u00f6nk\u00e9ntes alapon. Aki sokat tud \u00e9s hajland\u00f3 adni, az ez\u00e9rt nagyobb adom\u00e1nyokkal, aki csak kev\u00e9s anyagi forr\u00e1st tud n\u00e9lk\u00fcl\u00f6zni, az kisebb adom\u00e1nyokkal t\u00e1mogatja.<\/p>\n\n\n\n<h3 class=\"wp-block-heading\"><span class=\"ez-toc-section\" id=\"Ausrichtungen\"><\/span>Igaz\u00edt\u00e1sok<span class=\"ez-toc-section-end\"><\/span><\/h3>\n\n\n\n<p>Az al\u00e1bbi adatok a n\u00e9met statisztikai port\u00e1lr\u00f3l sz\u00e1rmaznak, \u00e9s a 2010 \u00e9s 2024 k\u00f6z\u00f6tti id\u0151szakra vonatkoznak. A teljess\u00e9gre \u00e9s id\u0151szer\u0171s\u00e9gre nem tartunk ig\u00e9nyt.<\/p>\n\n\n\n<p>A szabadegyh\u00e1zak itt felt\u00fcntetett sorrendje a rendelkez\u00e9sre \u00e1ll\u00f3 tags\u00e1gi adatokon alapul, \u00e9s nem jelent rangsort.<\/p>\n\n\n\n<h4 class=\"wp-block-heading\"><span class=\"ez-toc-section\" id=\"Neuapostolische_Kirche_NAK\"><\/span>\u00daj Apostoli Egyh\u00e1z (NAK)<span class=\"ez-toc-section-end\"><\/span><\/h4>\n\n\n\n<p>Az \u00daj Apostoli Egyh\u00e1znak 2022-ben 311 124 tagja volt.<\/p>\n\n\n\n<p>Az \u00daj Apostoli Egyh\u00e1z egy kereszt\u00e9ny felekezet, amely a katolikus apostoli mozgalomb\u00f3l fejl\u0151d\u00f6tt ki a 19. sz\u00e1zadban. Ismert arr\u00f3l, hogy az apostolokra mint k\u00f6zponti szellemi vezet\u0151kre helyezi a hangs\u00falyt, \u00e9s az \u0151segyh\u00e1z ut\u00f3dj\u00e1nak tekinti mag\u00e1t.<\/p>\n\n\n\n<h5 class=\"wp-block-heading\"><span class=\"ez-toc-section\" id=\"Glaubensmerkmale\"><\/span>A hit jellemz\u0151i:<span class=\"ez-toc-section-end\"><\/span><\/h5>\n\n\n\n<ul class=\"wp-block-list\">\n<li><strong>K\u00f6zponti meggy\u0151z\u0151d\u00e9s:<\/strong> J\u00e9zus Krisztus \u00e1ll a k\u00f6z\u00e9ppontban, \u00e9s Krisztus visszat\u00e9r\u00e9se v\u00e1rhat\u00f3. A NAC hisz a h\u00edv\u0151k felk\u00e9sz\u00edt\u00e9s\u00e9ben erre az esem\u00e9nyre.<\/li>\n\n\n\n<li><strong>Szents\u00e9gek:<\/strong> Az egyh\u00e1z h\u00e1rom szents\u00e9get ismer: V\u00edzkeresztet, szent\u00e1ldoz\u00e1st \u00e9s a szent pecs\u00e9tel\u00e9st (a Szentl\u00e9lek apostoli k\u00e9zr\u00e1t\u00e9tellel t\u00f6rt\u00e9n\u0151 v\u00e9tele).<\/li>\n\n\n\n<li><strong>Apostolkod\u00e1s:<\/strong> Az egyh\u00e1zat apostolok vezetik, akiket k\u00f6zvet\u00edt\u0151knek tekintenek Isten \u00e9s a h\u00edvek k\u00f6z\u00f6tt. Feladatuk a szents\u00e9gek kiszolg\u00e1ltat\u00e1sa \u00e9s a h\u00edvek felk\u00e9sz\u00edt\u00e9se Krisztus visszat\u00e9r\u00e9s\u00e9re.<\/li>\n\n\n\n<li><strong>Egyh\u00e1zi \u00e9let:<\/strong> Az istentiszteletek k\u00f6zponti szerepet j\u00e1tszanak, \u00e9s pr\u00e9dik\u00e1ci\u00f3kat, im\u00e1kat \u00e9s \u00e1ldoz\u00e1st foglalnak magukban. A hangs\u00faly az akt\u00edv hit\u00e9leten, a felebar\u00e1ti szereteten \u00e9s a szem\u00e9lyes lelkigondoz\u00e1son van.<\/li>\n<\/ul>\n\n\n\n<h5 class=\"wp-block-heading\"><span class=\"ez-toc-section\" id=\"Organisation\"><\/span>Szervezet<span class=\"ez-toc-section-end\"><\/span><\/h5>\n\n\n\n<p>Az \u00daj Apostoli Egyh\u00e1z hierarchikusan szervez\u0151dik, a cs\u00facson apostolok \u00e1llnak, akik vil\u00e1gszerte fel\u00fcgyelik a hitk\u00f6z\u00f6ss\u00e9get.<\/p>\n\n\n\n<p>A NAC nagyra \u00e9rt\u00e9keli a k\u00f6z\u00f6ss\u00e9get, a zen\u00e9t \u00e9s az er\u0151s t\u00e1rsadalmi elk\u00f6telezetts\u00e9get. A kritikusok id\u0151nk\u00e9nt kifog\u00e1solj\u00e1k az er\u0151sen hierarchikus strukt\u00far\u00e1t \u00e9s az igazs\u00e1g kiz\u00e1r\u00f3lagos ig\u00e9ny\u00e9t, m\u00edg a tagok \u00e9rt\u00e9kelik a szem\u00e9lyes elk\u00f6telezetts\u00e9get a hit ir\u00e1nt \u00e9s a vil\u00e1gos c\u00e9lorient\u00e1lts\u00e1got.<\/p>\n\n\n\n<h4 class=\"wp-block-heading\"><span class=\"ez-toc-section\" id=\"Zeugen_Jehovas\"><\/span>Jehova Tan\u00fai<span class=\"ez-toc-section-end\"><\/span><\/h4>\n\n\n\n<p>A <em>Jehova Tan\u00fai<\/em>s 2024-ben 178 000 taggal szerepel a list\u00e1n.<\/p>\n\n\n\n<p>A <em>Jehova Tan\u00fai<\/em> egy kereszt\u00e9ny felekezet, amely a 19. sz\u00e1zadban alakult ki az Egyes\u00fclt \u00c1llamokban. Alap\u00edt\u00f3i <em>Charles Taze Russell <\/em>\u00e9s ma vil\u00e1gszerte akt\u00edv. A k\u00f6z\u00f6ss\u00e9g misszi\u00f3s tev\u00e9kenys\u00e9g\u00e9r\u0151l, bibliatanulm\u00e1nyokr\u00f3l \u00e9s a Biblia szigor\u00fa \u00e9rtelmez\u00e9s\u00e9r\u0151l ismert.<\/p>\n\n\n\n<h5 class=\"wp-block-heading\"><span class=\"ez-toc-section\" id=\"Glaubensmerkmale-2\"><\/span>A hit jellemz\u0151i<span class=\"ez-toc-section-end\"><\/span><\/h5>\n\n\n\n<ul class=\"wp-block-list\">\n<li><strong>K\u00f6zponti meggy\u0151z\u0151d\u00e9s:<\/strong> A \"Jehova\" n\u00e9v Isten tulajdonnevek\u00e9nt van kiemelve. A hangs\u00faly Isten im\u00e1dat\u00e1n \u00e9s az \u0151 orsz\u00e1g\u00e1nak hirdet\u00e9s\u00e9n van.<\/li>\n\n\n\n<li><strong>Biblia-k\u00f6zpont\u00fas\u00e1g:<\/strong> A Bibli\u00e1t tekintik a legf\u0151bb tekint\u00e9lynek. Jehova Tan\u00fai a Szent\u00edr\u00e1s \"\u00daj Vil\u00e1g Ford\u00edt\u00e1s\u00e1t\" haszn\u00e1lj\u00e1k.<\/li>\n\n\n\n<li><strong>Eschatol\u00f3gia:<\/strong> Arra sz\u00e1m\u00edtanak, hogy Isten hamarosan beavatkozik Armageddonban, a vil\u00e1g v\u00e9g\u00e9ben \u00e9s a f\u00f6ldi paradicsom megteremt\u00e9s\u00e9ben.<\/li>\n\n\n\n<li><strong>A hagyom\u00e1nyok elutas\u00edt\u00e1sa:<\/strong> Az olyan \u00fcnnepeket, mint a kar\u00e1csony \u00e9s a h\u00fasv\u00e9t, valamint az olyan politikai tev\u00e9kenys\u00e9geket, mint a szavaz\u00e1s vagy a katonai szolg\u00e1lat, elutas\u00edtj\u00e1k, mert bibliaellenesnek tartj\u00e1k \u0151ket.<\/li>\n\n\n\n<li><strong>Kiv\u00e1lasztott:<\/strong> Hiszik, hogy csak 144 000 ember jut a mennybe.<\/li>\n\n\n\n<li><strong>Tagad\u00e1s<\/strong> a Szenth\u00e1roms\u00e1g.<\/li>\n\n\n\n<li><strong>Szigor\u00fa elutas\u00edt\u00e1s<\/strong> vil\u00e1gi int\u00e9zm\u00e9nyek, p\u00e9ld\u00e1ul a politika vagy a hadsereg.<\/li>\n\n\n\n<li><strong>Visszautas\u00edt\u00e1s<\/strong> a v\u00e9r\u00e1t\u00f6mleszt\u00e9st hitbeli okokb\u00f3l.<\/li>\n<\/ul>\n\n\n\n<h5 class=\"wp-block-heading\"><span class=\"ez-toc-section\" id=\"Organisation-2\"><\/span>Szervezet<span class=\"ez-toc-section-end\"><\/span><\/h5>\n\n\n\n<ul class=\"wp-block-list\">\n<li><strong>\u00d6sszeszerel\u00e9sek:<\/strong> Az istentiszteletek az \u00fagynevezett \"Kir\u00e1lys\u00e1g termekben\" zajlanak, \u00e9s a bibliatanulm\u00e1nyoz\u00e1s, a pr\u00e9dik\u00e1ci\u00f3 \u00e9s a k\u00f6z\u00f6s im\u00e1ds\u00e1g jellemzi \u0151ket.<\/li>\n\n\n\n<li><strong>K\u00fcldet\u00e9s:<\/strong> A h\u00e1zr\u00f3l h\u00e1zra misszi\u00f3 \u00e9s az \"\u0150rtorony\" \u00e9s az \"\u00c9bredj!\" magazinok terjeszt\u00e9se k\u00f6zponti tev\u00e9kenys\u00e9g.<\/li>\n\n\n\n<li><strong>Szerkezet:<\/strong> A k\u00f6z\u00f6ss\u00e9g szigor\u00fa hierarchia szerint szervez\u0151dik, a New York-i vezet\u0151 test\u00fclet a legfels\u0151bb szerv.<\/li>\n<\/ul>\n\n\n\n<h5 class=\"wp-block-heading\"><span class=\"ez-toc-section\" id=\"Verbreitung_und_Fokus\"><\/span>Eloszt\u00e1s \u00e9s f\u00f3kusz<span class=\"ez-toc-section-end\"><\/span><\/h5>\n\n\n\n<p>A <em>Jehova Tan\u00fai<\/em> t\u00f6bb mint 8 milli\u00f3 taggal rendelkezik vil\u00e1gszerte. Nagy jelent\u0151s\u00e9get tulajdon\u00edtanak az erk\u00f6lcs\u00f6s \u00e9letnek \u00e9s a k\u00f6z\u00f6ss\u00e9gnek. A kritikusok elszigetel\u0151nek tartj\u00e1k a szab\u00e1lyokat, m\u00edg a tagok nagyra \u00e9rt\u00e9kelik az odaad\u00e1st \u00e9s a hit k\u00e9rd\u00e9seire val\u00f3 er\u0151s \u00f6sszpontos\u00edt\u00e1st.<\/p>\n\n\n\n<h4 class=\"wp-block-heading\"><span class=\"ez-toc-section\" id=\"BEFG_%E2%80%93_Bund_Evangelisch_Freikirchlicher_Gemeinden_Baptisten\"><\/span>BEFG - Evang\u00e9likus Szabadegyh\u00e1zak Sz\u00f6vets\u00e9ge (baptist\u00e1k)<span class=\"ez-toc-section-end\"><\/span><\/h4>\n\n\n\n<p>A <em>BEFG<\/em> sz\u00e1mos szabadegyh\u00e1z egyes\u00fclt, 2022-ben \u00f6sszesen 73 878 tagot sz\u00e1ml\u00e1lva.<\/p>\n\n\n\n<p>A <em>Baptist\u00e1k<\/em> evang\u00e9likus szabadegyh\u00e1z, amely a 17. sz\u00e1zadi angliai anabaptista mozgalomb\u00f3l fejl\u0151d\u00f6tt ki. Nev\u00fck a g\u00f6r\u00f6g \"megkeresztelni\" sz\u00f3b\u00f3l sz\u00e1rmazik, \u00e9s a hit \u00e1ltali kereszts\u00e9gre utal, amely tan\u00edt\u00e1suk k\u00f6zponti eleme.<\/p>\n\n\n\n<h5 class=\"wp-block-heading\"><span class=\"ez-toc-section\" id=\"Glaubensmerkmale-3\"><\/span>A hit jellemz\u0151i<span class=\"ez-toc-section-end\"><\/span><\/h5>\n\n\n\n<ul class=\"wp-block-list\">\n<li><strong>Keresztel\u00e9s:<\/strong> A kereszts\u00e9get kiz\u00e1r\u00f3lag nagykor\u00fa, hit\u00fcket tudatosan megvall\u00f3 szem\u00e9lyek eset\u00e9ben v\u00e9gzik (hitkereszts\u00e9g), \u00e9s teljes al\u00e1mer\u00edt\u00e9ssel t\u00f6rt\u00e9nik.<\/li>\n\n\n\n<li><strong>Biblia-k\u00f6zpont\u00fas\u00e1g:<\/strong> A Bibli\u00e1t tekintik a hit egyed\u00fcli alapj\u00e1nak \u00e9s a legf\u0151bb tekint\u00e9lynek.<\/li>\n\n\n\n<li><strong>A hit szabads\u00e1ga:<\/strong> Minden ember felel\u0151s a saj\u00e1t hit\u00e9\u00e9rt, k\u00e9nyszer vagy \u00e1llami befoly\u00e1s n\u00e9lk\u00fcl.<\/li>\n\n\n\n<li><strong>Minden h\u00edv\u0151 paps\u00e1ga:<\/strong> Nincs hierarchikus paps\u00e1g; minden tag akt\u00edvan r\u00e9szt vehet az egyh\u00e1zi \u00e9letben.<\/li>\n<\/ul>\n\n\n\n<h5 class=\"wp-block-heading\"><span class=\"ez-toc-section\" id=\"Organisation-3\"><\/span>Szervezet<span class=\"ez-toc-section-end\"><\/span><\/h5>\n\n\n\n<ul class=\"wp-block-list\">\n<li><strong>Az \u00f6nkorm\u00e1nyzatok auton\u00f3mi\u00e1ja:<\/strong> Minden gy\u00fclekezet f\u00fcggetlen, \u00e9s \u00f6n\u00e1ll\u00f3an d\u00f6nt a hit \u00e9s a k\u00f6zigazgat\u00e1s k\u00e9rd\u00e9seiben.<\/li>\n\n\n\n<li><strong>Egyh\u00e1zi szolg\u00e1ltat\u00e1sok:<\/strong> Tartalmaznak pr\u00e9dik\u00e1ci\u00f3kat, k\u00f6z\u00f6s im\u00e1t \u00e9s \u00e9nekl\u00e9st, gyakran modern zen\u00e9vel.<\/li>\n\n\n\n<li><strong>K\u00fcldet\u00e9s:<\/strong> A baptist\u00e1k elk\u00f6telezettek az evang\u00e9lium terjeszt\u00e9se, a szoci\u00e1lis munka \u00e9s a humanit\u00e1rius projektek ir\u00e1nt.<\/li>\n<\/ul>\n\n\n\n<h5 class=\"wp-block-heading\"><span class=\"ez-toc-section\" id=\"Verbreitung_und_Fokus-2\"><\/span>Eloszt\u00e1s \u00e9s f\u00f3kusz<span class=\"ez-toc-section-end\"><\/span><\/h5>\n\n\n\n<p>A <em>Baptist\u00e1k<\/em> vil\u00e1gszerte elterjedt, mintegy 50 milli\u00f3 taggal. Nagy jelent\u0151s\u00e9get tulajdon\u00edtanak az egyszer\u0171 \u00e9s akt\u00edv hit\u00e9letnek, amely a Biblia fel\u00e9 orient\u00e1l\u00f3dik. A szem\u00e9lyes felel\u0151ss\u00e9gre \u00e9s a k\u00f6z\u00f6ss\u00e9gre val\u00f3 \u00f6sszpontos\u00edt\u00e1sukat nagyra \u00e9rt\u00e9kelik, m\u00edg hangs\u00falyozottan biblikus \u00e1ll\u00e1spontjukat n\u00e9ha kritiz\u00e1lj\u00e1k.<\/p>\n\n\n\n<h4 class=\"wp-block-heading\"><span class=\"ez-toc-section\" id=\"BFP_%E2%80%93_Bund_Freikirchlicher_Pfingstgemeinden\"><\/span>BFP - P\u00fcnk\u00f6sdi Szabadegyh\u00e1zak Sz\u00f6vets\u00e9ge<span class=\"ez-toc-section-end\"><\/span><\/h4>\n\n\n\n<p>A p\u00fcnk\u00f6sdi egyh\u00e1zaknak 2022-ben 64 800 tagja lesz.<\/p>\n\n\n\n<p>A <em>P\u00fcnk\u00f6sdist\u00e1k<\/em> (szint\u00e9n <em>P\u00fcnk\u00f6sdi mozgalom<\/em> egy kereszt\u00e9ny felekezet, amely a 20. sz\u00e1zad elej\u00e9n az USA-ban az \u00e9bred\u00e9si mozgalmakb\u00f3l alakult ki. Nev\u00fck a p\u00fcnk\u00f6sdi bibliai esem\u00e9nyre utal, amikor J\u00e9zus tan\u00edtv\u00e1nyai megkapt\u00e1k a Szentlelket.<\/p>\n\n\n\n<h5 class=\"wp-block-heading\"><span class=\"ez-toc-section\" id=\"Glaubensmerkmale-4\"><\/span>A hit jellemz\u0151i<span class=\"ez-toc-section-end\"><\/span><\/h5>\n\n\n\n<ul class=\"wp-block-list\">\n<li><strong>Szentl\u00e9lek:<\/strong> A k\u00f6z\u00e9ppontban a Szentl\u00e9lek megtapasztal\u00e1sa \u00e1ll, amely gyakran olyan lelki aj\u00e1nd\u00e9kokban nyilv\u00e1nul meg, mint a nyelveken sz\u00f3l\u00e1s, a pr\u00f3f\u00e9t\u00e1l\u00e1s \u00e9s a gy\u00f3gy\u00edt\u00e1s.<\/li>\n\n\n\n<li><strong>Biblia:<\/strong> A Bibli\u00e1t Isten t\u00e9vedhetetlen szav\u00e1nak \u00e9s a legf\u0151bb tekint\u00e9lynek tekintik.<\/li>\n\n\n\n<li><strong>Megv\u00e1lt\u00e1s:<\/strong> A J\u00e9zus Krisztusba vetett hit, a szem\u00e9lyes b\u0171nb\u00e1nat \u00e9s a megszentelt \u00e9let d\u00f6nt\u0151 az \u00fcdv\u00f6ss\u00e9g szempontj\u00e1b\u00f3l.<\/li>\n\n\n\n<li><strong>Keresztel\u00e9si meg\u00e9rt\u00e9s:<\/strong> A v\u00edzkereszts\u00e9get (\u00e1ltal\u00e1ban al\u00e1mer\u00edt\u00e9ssel) gyakorolj\u00e1k, kieg\u00e9sz\u00edtve a L\u00e9lekkereszts\u00e9ggel, amelyet a Szentl\u00e9lekkel val\u00f3 beteljesed\u00e9s jel\u00e9nek tekintenek.<\/li>\n\n\n\n<li><strong>Nyelveken sz\u00f3l\u00e1s:<\/strong> A nyelveken sz\u00f3l\u00e1st, az idegen nyelveken val\u00f3 besz\u00e9det \u00e1polj\u00e1k, \u00e9s egyes esetekben akt\u00edvan \u00f6szt\u00f6nzik, valamint az \u00e9rintett szem\u00e9ly hit\u00e9nek min\u0151s\u00e9gi jel\u00e9nek tekintik. A t\u00e9ma <a href=\"http:\/\/FA SE - \u00dcberzahlung GS ESt. 2022\" target=\"_blank\" rel=\"noreferrer noopener\">itt<\/a> r\u00e9szletesebben megvil\u00e1g\u00edtva.<\/li>\n<\/ul>\n\n\n\n<h5 class=\"wp-block-heading\"><span class=\"ez-toc-section\" id=\"Organisation-4\"><\/span>Szervezet<span class=\"ez-toc-section-end\"><\/span><\/h5>\n\n\n\n<ul class=\"wp-block-list\">\n<li><strong>Egyh\u00e1zi szolg\u00e1ltat\u00e1sok:<\/strong> \u00c9l\u00e9nkek \u00e9s \u00e9rzelmesek, jellemz\u0151 r\u00e1juk a szabad im\u00e1ds\u00e1g, a dics\u0151\u00edt\u00e9s \u00e9s a gy\u00fclekezet gyakran spont\u00e1n r\u00e9szv\u00e9tele.<\/li>\n\n\n\n<li><strong>K\u00fcldet\u00e9s:<\/strong> Az evangeliz\u00e1ci\u00f3 \u00e9s a misszi\u00f3s munka kiemelt priorit\u00e1st \u00e9lvez, mind helyi, mind glob\u00e1lis szinten.<\/li>\n\n\n\n<li><strong>Szerkezet:<\/strong> A p\u00fcnk\u00f6sdi egyh\u00e1zak t\u00f6bbnyire \u00f6n\u00e1ll\u00f3an szervez\u0151dnek, b\u00e1r l\u00e9teznek nagyobb egyes\u00fcletek, mint p\u00e9ld\u00e1ul az \"Assemblies of God\".<\/li>\n<\/ul>\n\n\n\n<h5 class=\"wp-block-heading\"><span class=\"ez-toc-section\" id=\"Verbreitung_und_Fokus-3\"><\/span>Eloszt\u00e1s \u00e9s f\u00f3kusz<span class=\"ez-toc-section-end\"><\/span><\/h5>\n\n\n\n<p>A p\u00fcnk\u00f6sdi mozgalomnak vil\u00e1gszerte mintegy 600 milli\u00f3 k\u00f6vet\u0151je van, \u00e9s az egyik leggyorsabban n\u00f6vekv\u0151 kereszt\u00e9ny mozgalom. Dinamizmusa \u00e9s az Istennel kapcsolatos szem\u00e9lyes tapasztalatokra helyezett hangs\u00falya miatt \u00e9rt\u00e9kelik, m\u00edg egyesek kritiz\u00e1lj\u00e1k \u00e9rzelmess\u00e9g\u00e9t \u00e9s tan\u00edt\u00e1sait.<\/p>\n\n\n\n<h4 class=\"wp-block-heading\"><span class=\"ez-toc-section\" id=\"Mormonen_%E2%80%93_Kirche_Jesu_Christi_der_Heiligen_der_Letzten_Tage_HLT\"><\/span>Mormonok - Az Utols\u00f3 Napok Szentjeinek J\u00e9zus Krisztus Egyh\u00e1za (LDS)<span class=\"ez-toc-section-end\"><\/span><\/h4>\n\n\n\n<p>N\u00e9metorsz\u00e1gban 2022-ben v\u00e1rhat\u00f3an 39 748 tag tartozik majd a szervezethez.<\/p>\n\n\n\n<p>A <em>Mormonok<\/em>hivatalosan mint <em>Az Utols\u00f3 Napok Szentjeinek J\u00e9zus Krisztus Egyh\u00e1za<\/em> (LDS) egy kereszt\u00e9ny felekezet, amelyet Joseph Smith alap\u00edtott az Egyes\u00fclt \u00c1llamokban 1830-ban. \u00dagy tekintenek magukra, mint J\u00e9zus Krisztus eredeti egyh\u00e1z\u00e1nak helyre\u00e1ll\u00edt\u00e1s\u00e1ra.<\/p>\n\n\n\n<h5 class=\"wp-block-heading\"><span class=\"ez-toc-section\" id=\"Glaubensmerkmale-5\"><\/span>A hit jellemz\u0151i<span class=\"ez-toc-section-end\"><\/span><\/h5>\n\n\n\n<ul class=\"wp-block-list\">\n<li><strong>Tov\u00e1bbi bet\u0171t\u00edpusok:<\/strong> A Bibli\u00e1n k\u00edv\u00fcl a <strong>Mormon k\u00f6nyve<\/strong>amelyet Smith isteni kinyilatkoztat\u00e1snak ford\u00edtott, szent\u00edr\u00e1sk\u00e9nt ismerik el. M\u00e1s sz\u00f6vegek, mint p\u00e9ld\u00e1ul a \"Tan \u00e9s sz\u00f6vets\u00e9gek\" \u00e9s a \"The Pearl of Great Price\" kieg\u00e9sz\u00edtik a hitet.<\/li>\n\n\n\n<li><strong>Isten k\u00e9pe:<\/strong> Az Atya Istent, J\u00e9zus Krisztust \u00e9s a Szentlelket k\u00fcl\u00f6n\u00e1ll\u00f3 l\u00e9nyekk\u00e9nt \u00e9rtelmezik, akiknek k\u00f6z\u00f6s c\u00e9ljuk van.<\/li>\n\n\n\n<li><strong>Csal\u00e1dk\u00f6zpont\u00fa:<\/strong> A csal\u00e1d k\u00f6zponti szerepet j\u00e1tszik, \u00e9s sz\u00e1mos szertart\u00e1s, p\u00e9ld\u00e1ul az \u00f6r\u00f6kk\u00e9val\u00f3s\u00e1gra val\u00f3 \"pecs\u00e9tel\u00e9s\", hangs\u00falyozza fontoss\u00e1g\u00e1t.<\/li>\n\n\n\n<li><strong>\u00d6r\u00f6k \u00e9let:<\/strong> A c\u00e9l az, hogy visszat\u00e9rj\u00fcnk Istenhez, \u00e9s az \u0151 jelenl\u00e9t\u00e9ben \u00e9lj\u00fcnk. Ehhez elengedhetetlenek a j\u00f3 cselekedetek, a hit \u00e9s a parancsolatoknak val\u00f3 engedelmess\u00e9g.<\/li>\n<\/ul>\n\n\n\n<h5 class=\"wp-block-heading\"><span class=\"ez-toc-section\" id=\"Organisation-5\"><\/span>Szervezet<span class=\"ez-toc-section-end\"><\/span><\/h5>\n\n\n\n<ul class=\"wp-block-list\">\n<li><strong>K\u00fcldet\u00e9s:<\/strong> A fiatal tagokat arra \u00f6szt\u00f6nzik, hogy 1-2 \u00e9vig misszion\u00e1riusk\u00e9nt dolgozzanak.<\/li>\n\n\n\n<li><strong>Templom:<\/strong> A k\u00f6z\u00f6ss\u00e9gi h\u00e1zak mellett vannak templomok is, amelyeket k\u00fcl\u00f6nleges ritu\u00e1l\u00e9kra haszn\u00e1lnak, p\u00e9ld\u00e1ul az elhunytak keresztel\u00e9s\u00e9re.<\/li>\n\n\n\n<li><strong>Hierarchia:<\/strong> Az egyh\u00e1zat egy eln\u00f6k (pr\u00f3f\u00e9ta) \u00e9s tizenk\u00e9t apostol vezeti.<\/li>\n<\/ul>\n\n\n\n<h5 class=\"wp-block-heading\"><span class=\"ez-toc-section\" id=\"Verbreitung_und_Fokus-4\"><\/span>Eloszt\u00e1s \u00e9s f\u00f3kusz<span class=\"ez-toc-section-end\"><\/span><\/h5>\n\n\n\n<p>A vil\u00e1gszerte mintegy 17 milli\u00f3 taggal rendelkez\u0151 <em>Mormonok<\/em> k\u00fcl\u00f6n\u00f6sen elterjedt az Egyes\u00fclt \u00c1llamokban. Er\u0151s k\u00f6z\u00f6ss\u00e9g, t\u00e1rsadalmi elk\u00f6telezetts\u00e9g \u00e9s misszi\u00f3s buzgalom jellemzi \u0151ket, de n\u00e9ha kritikusan szeml\u00e9lik \u0151ket a kieg\u00e9sz\u00edt\u0151 szent\u00edr\u00e1sok \u00e9s saj\u00e1tos tan\u00edt\u00e1sok miatt.<\/p>\n\n\n\n<h4 class=\"wp-block-heading\"><span class=\"ez-toc-section\" id=\"Mennoniten\"><\/span>Mennonit\u00e1k<span class=\"ez-toc-section-end\"><\/span><\/h4>\n\n\n\n<p>A <em>Mennonit\u00e1k<\/em> 2022-ben 38 739 f\u0151 szerepel a list\u00e1n.<\/p>\n\n\n\n<p>A <em>Mennonit\u00e1k<\/em> kereszt\u00e9ny felekezet, amely a 16. sz\u00e1zadban az anabaptista mozgalomb\u00f3l alakult ki, \u00e9s a holland reform\u00e1torr\u00f3l kapta a nev\u00e9t. <em>Menno Simons<\/em> nevezt\u00e9k el. \u0150k az egyik legr\u00e9gebbi szabadegyh\u00e1z, \u00e9s az egyszer\u0171 \u00e9letm\u00f3dot, az er\u0151szakmentess\u00e9get \u00e9s J\u00e9zus k\u00f6vet\u00e9s\u00e9t hangs\u00falyozz\u00e1k.<\/p>\n\n\n\n<h5 class=\"wp-block-heading\"><span class=\"ez-toc-section\" id=\"Glaubensmerkmale-6\"><\/span>A hit jellemz\u0151i<span class=\"ez-toc-section-end\"><\/span><\/h5>\n\n\n\n<ul class=\"wp-block-list\">\n<li><strong>Keresztel\u00e9s:<\/strong> A kereszts\u00e9get csak olyan h\u00edv\u0151 feln\u0151tteken v\u00e9gezz\u00fck, akik tudatosan megvallj\u00e1k hit\u00fcket.<\/li>\n\n\n\n<li><strong>J\u00e9zus k\u00f6vet\u00e9se:<\/strong> A hangs\u00faly J\u00e9zus gyakorlati ut\u00e1nz\u00e1s\u00e1ra helyez\u0151dik a mindennapi \u00e9letben, bele\u00e9rtve a felebar\u00e1ti szeretetet, az al\u00e1zatot \u00e9s a megbocs\u00e1t\u00e1st.<\/li>\n\n\n\n<li><strong>Er\u0151szakmentess\u00e9g:<\/strong> A mennonit\u00e1k elutas\u00edtj\u00e1k az er\u0151szakot, a katonai szolg\u00e1latot \u00e9s gyakran a politikai tiszts\u00e9geket is, \u00e9s a konfliktusok b\u00e9k\u00e9vel \u00e9s megb\u00e9k\u00e9l\u00e9ssel t\u00f6rt\u00e9n\u0151 megold\u00e1s\u00e1t t\u00e1mogatj\u00e1k.<\/li>\n\n\n\n<li><strong>K\u00f6z\u00f6ss\u00e9g:<\/strong> A hitet szoros k\u00f6z\u00f6ss\u00e9gben \u00e9lj\u00fck, nagy hangs\u00falyt fektetve a k\u00f6lcs\u00f6n\u00f6s t\u00e1mogat\u00e1sra.<\/li>\n<\/ul>\n\n\n\n<h5 class=\"wp-block-heading\"><span class=\"ez-toc-section\" id=\"Organisation-6\"><\/span>Szervezet<span class=\"ez-toc-section-end\"><\/span><\/h5>\n\n\n\n<ul class=\"wp-block-list\">\n<li><strong>Egyszer\u0171 istentiszteletek:<\/strong> Ezeket bibliaolvas\u00e1s, ima \u00e9s gyakran k\u00f6z\u00f6s \u00e9nekl\u00e9s jellemzi.<\/li>\n\n\n\n<li><strong>Auton\u00f3mia:<\/strong> A k\u00f6z\u00f6ss\u00e9gek \u00e1ltal\u00e1ban \u00f6n\u00e1ll\u00f3an szervez\u0151dnek, b\u00e1r a csoportt\u00f3l f\u00fcgg\u0151en nagyobb t\u00e1rsul\u00e1sok is l\u00e9teznek.<\/li>\n\n\n\n<li><strong>Diak\u00f3nia:<\/strong> A szoci\u00e1lis munka \u00e9s a humanit\u00e1rius seg\u00edts\u00e9gny\u00fajt\u00e1s, gyakran nemzetk\u00f6zi, k\u00f6zponti szerepet j\u00e1tszik.<\/li>\n<\/ul>\n\n\n\n<h5 class=\"wp-block-heading\"><span class=\"ez-toc-section\" id=\"Verbreitung_und_Fokus-5\"><\/span>Eloszt\u00e1s \u00e9s f\u00f3kusz<span class=\"ez-toc-section-end\"><\/span><\/h5>\n\n\n\n<p>A <em>Mennonit\u00e1k<\/em> vil\u00e1gszerte mintegy 2 milli\u00f3 tagja van, \u00e9s k\u00fcl\u00f6n\u00f6sen elterjedt \u00c9szak- \u00e9s D\u00e9l-Amerik\u00e1ban, Eur\u00f3p\u00e1ban \u00e9s Afrik\u00e1ban. M\u00edg a hagyom\u00e1nyos csoportok, mint p\u00e9ld\u00e1ul a <em>Amish<\/em> szigor\u00fa \u00e9letszab\u00e1lyok, sok modern ember <em>Mennonit\u00e1k<\/em> nyitott a t\u00e1rsadalmi fejl\u0151d\u00e9sre. B\u00e9kess\u00e9g\u00fck \u00e9s t\u00e1rsadalmi elk\u00f6telezetts\u00e9g\u00fck miatt \u00e9rt\u00e9kelik \u0151ket.<\/p>\n\n\n\n<h4 class=\"wp-block-heading\"><span class=\"ez-toc-section\" id=\"Siebenten-Tags-Adventisten_STA\"><\/span>Hetednapi adventist\u00e1k (STA)<span class=\"ez-toc-section-end\"><\/span><\/h4>\n\n\n\n<p>2022-ben 32 411 tagjuk van.<\/p>\n\n\n\n<p>A <em>Hetednapi adventist\u00e1k<\/em> egy kereszt\u00e9ny felekezet, amely a 19. sz\u00e1zad k\u00f6zep\u00e9n alakult ki az Egyes\u00fclt \u00c1llamokban. Sz\u00e1moltak J\u00e9zus Krisztus keltezett visszat\u00e9r\u00e9s\u00e9vel, de miut\u00e1n az nem val\u00f3sult meg, fel kellett adniuk a dat\u00e1l\u00e1st, \u00e9s most a szombat (szombat) mint egyetlen pihen\u0151nap szigor\u00fa betart\u00e1s\u00e1ra szor\u00edtkoznak.<br>Ellen G. White (1827-1915) a Hetednapi Adventista Egyh\u00e1z egyik alap\u00edt\u00f3ja \u00e9s \u00edr\u00f3 volt. A Biblia mellett az \u0151 irodalma az SDA egyh\u00e1z legfontosabb \u00e9s leggyakrabban id\u00e9zett pill\u00e9re.<\/p>\n\n\n\n<h5 class=\"wp-block-heading\"><span class=\"ez-toc-section\" id=\"Glaubensmerkmale-7\"><\/span>A hit jellemz\u0151i<span class=\"ez-toc-section-end\"><\/span><\/h5>\n\n\n\n<ul class=\"wp-block-list\">\n<li><strong>K\u00fcldet\u00e9s:<\/strong> Szombat d\u00e9lut\u00e1nonk\u00e9nt a tagokt\u00f3l elv\u00e1rj\u00e1k, hogy h\u00e1zr\u00f3l h\u00e1zra j\u00e1rva hirdess\u00e9k az ig\u00e9t. A f\u0151\u00e1ll\u00e1s\u00fa k\u00f6nyvevangelist\u00e1k h\u00e1zr\u00f3l h\u00e1zra j\u00e1rnak, \u00e9s Ellen G. White irodalm\u00e1t, valamint a saj\u00e1t kiad\u00f3juk \u00e1ltal megjelentetett egy\u00e9b \u00edr\u00e1sokat \u00e1rulj\u00e1k.<\/li>\n\n\n\n<li><strong>Keresztel\u00e9s:<\/strong> A kereszts\u00e9get csak olyan h\u00edv\u0151 feln\u0151tteken v\u00e9gezz\u00fck, akik tudatosan megvallj\u00e1k hit\u00fcket.<\/li>\n\n\n\n<li><strong>Szombat:<\/strong> A h\u00e9t hetedik napj\u00e1t (szombat) szent pihen\u0151napk\u00e9nt \u00fcnnepelj\u00fck, ahogyan azt a T\u00edzparancsolat megparancsolja. A h\u00e9t kezdete teh\u00e1t a vas\u00e1rnap. Minden munka, mind a hivat\u00e1sos, mind a mag\u00e1n\u00e9letben, szigor\u00faan tilos.<\/li>\n\n\n\n<li><strong>Krisztus visszat\u00e9r\u00e9se:<\/strong> J\u00e9zus k\u00f6zelg\u0151 visszat\u00e9r\u00e9se k\u00f6zponti hitvall\u00e1s, \u00e9s tov\u00e1bbra is jellemzi a h\u00edv\u0151k \u00e9let\u00e9t, b\u00e1r most m\u00e1r meghat\u00e1rozott id\u0151pont n\u00e9lk\u00fcl.<\/li>\n\n\n\n<li><strong>Biblia-k\u00f6zpont\u00fas\u00e1g:<\/strong> A Bibli\u00e1t tekintik a hit kiz\u00e1r\u00f3lagos alapj\u00e1nak \u00e9s Isten ihletett szav\u00e1nak.<\/li>\n\n\n\n<li><strong>Tizedik:<\/strong> A tagokt\u00f3l elv\u00e1rj\u00e1k, hogy brutt\u00f3 fizet\u00e9s\u00fck tized\u00e9t adom\u00e1nyozz\u00e1k.<\/li>\n\n\n\n<li><strong>Holisztikus \u00e9letm\u00f3d:<\/strong> Az eg\u00e9szs\u00e9g, a veget\u00e1ri\u00e1nus \u00e9trend, a doh\u00e1nyt\u00f3l, alkoholt\u00f3l \u00e9s egy\u00e9b \u00e9lvezeti szerekt\u0151l val\u00f3 tart\u00f3zkod\u00e1s hangs\u00falyos. Itt is hivatkoznak Ellen G. White-ra \u00e9s irodalm\u00e1ra.<\/li>\n<\/ul>\n\n\n\n<h5 class=\"wp-block-heading\"><span class=\"ez-toc-section\" id=\"Organisation-7\"><\/span>Szervezet<span class=\"ez-toc-section-end\"><\/span><\/h5>\n\n\n\n<ul class=\"wp-block-list\">\n<li><strong>Egyh\u00e1zi szolg\u00e1ltat\u00e1sok:<\/strong> Ezekre szombaton (szombaton) ker\u00fcl sor, \u00e9s bibliatanulm\u00e1nyoz\u00e1st, pr\u00e9dik\u00e1ci\u00f3t \u00e9s k\u00f6z\u00f6s im\u00e1t, valamint rendszeres l\u00e1bmos\u00e1st tartalmaznak.<\/li>\n\n\n\n<li><strong>K\u00fcldet\u00e9s:<\/strong> Az evangeliz\u00e1ci\u00f3 \u00e9s az oktat\u00e1si munka, p\u00e9ld\u00e1ul iskol\u00e1k, k\u00f3rh\u00e1zak \u00e9s humanit\u00e1rius projektek r\u00e9v\u00e9n, k\u00f6zponti szerepet j\u00e1tszik.<\/li>\n\n\n\n<li><strong>Szerkezet:<\/strong> Az egyh\u00e1z nemzetk\u00f6zi szervez\u0151d\u00e9s\u0171 \u00e9s demokratikus igazgat\u00e1si strukt\u00far\u00e1val rendelkezik.<\/li>\n<\/ul>\n\n\n\n<h5 class=\"wp-block-heading\"><span class=\"ez-toc-section\" id=\"Verbreitung_und_Fokus-6\"><\/span><strong>Eloszt\u00e1s \u00e9s f\u00f3kusz<\/strong><span class=\"ez-toc-section-end\"><\/span><\/h5>\n\n\n\n<p>A vil\u00e1gszerte t\u00f6bb mint 21 milli\u00f3 taggal rendelkez\u0151 Hetednapi Adventist\u00e1k nemzetk\u00f6zileg is akt\u00edvak. Az eg\u00e9szs\u00e9gfejleszt\u00e9s, az oktat\u00e1s \u00e9s a humanit\u00e1rius seg\u00edts\u00e9gny\u00fajt\u00e1s ir\u00e1nti elk\u00f6telezetts\u00e9g\u00fckr\u0151l ismertek, ami megk\u00fcl\u00f6nb\u00f6zteti \u0151ket a t\u00e1rsadalom t\u00f6bbi r\u00e9sz\u00e9t\u0151l. A kritikusok megk\u00e9rd\u0151jelezik apokaliptikus \u00e9rtelmez\u00e9s\u00fcket \u00e9s szigor\u00fa \u00e9letszab\u00e1lyaikat.<\/p>\n\n\n\n<h4 class=\"wp-block-heading\"><span class=\"ez-toc-section\" id=\"SELK_%E2%80%93_Selbstandige_Evangelisch-Lutherische-Kirche\"><\/span>SELK - F\u00fcggetlen Evang\u00e9likus-Luther\u00e1nus Egyh\u00e1z<span class=\"ez-toc-section-end\"><\/span><\/h4>\n\n\n\n<p>A <em>SELK<\/em> szerint a tagok sz\u00e1ma 2022-ben 31 584 lesz.<\/p>\n\n\n\n<p>A <em>F\u00fcggetlen Evang\u00e9likus-Luther\u00e1nus Egyh\u00e1z (SELK) <\/em>egy konzervat\u00edv luther\u00e1nus szabadegyh\u00e1z, amelyet 1972-ben alap\u00edtottak N\u00e9metorsz\u00e1gban, hogy megk\u00fcl\u00f6nb\u00f6ztesse mag\u00e1t a N\u00e9met Evang\u00e9likus Egyh\u00e1zt\u00f3l (DEK) \u00e9s a N\u00e9metorsz\u00e1gi Evang\u00e9likus Egyh\u00e1zt\u00f3l (EKD). A hagyom\u00e1nyos lutheri tan\u00edt\u00e1s \u00e9s gyakorlat meg\u0151rz\u00e9s\u00e9re t\u00f6rekszik, \u00e9s a bibliai igazs\u00e1gok v\u00e1ltozhatatlans\u00e1g\u00e1t hangs\u00falyozza.<\/p>\n\n\n\n<h5 class=\"wp-block-heading\"><span class=\"ez-toc-section\" id=\"Glaubensmerkmale-8\"><\/span>A hit jellemz\u0151i<span class=\"ez-toc-section-end\"><\/span><\/h5>\n\n\n\n<ul class=\"wp-block-list\">\n<li><strong>Alapvet\u0151 meggy\u0151z\u0151d\u00e9sek:<\/strong> A <em>SELK<\/em> elk\u00f6telezett a Luther M\u00e1rton tan\u00edt\u00e1sai \u00e1ltal f\u00e9mjelzett lutheri alapvet\u00e9sek, k\u00fcl\u00f6n\u00f6sen az egyed\u00fcl kegyelemb\u0151l \u00e9s hitb\u0151l val\u00f3 megigazul\u00e1s mellett. A Szent\u00edr\u00e1s a kereszt\u00e9ny tan\u00edt\u00e1s \u00e9s gyakorlat egyetlen forr\u00e1sa.<\/li>\n\n\n\n<li><strong>Szents\u00e9gek:<\/strong> \u00e9s a szents\u00e9gek - a kereszts\u00e9g \u00e9s az \u00e1ldoz\u00e1s - k\u00f6zponti szerepet j\u00e1tszanak a hit\u00e9letben. <\/li>\n\n\n\n<li><strong>Isten k\u00e9pe<\/strong>Isten k\u00e9pm\u00e1sa a <em>SELK<\/em> a klasszikus kereszt\u00e9ny felfog\u00e1s szerint Isten a Szenth\u00e1roms\u00e1g: Isten az Atya, a Fi\u00fa (J\u00e9zus Krisztus) \u00e9s a Szentl\u00e9lek. Isten a vil\u00e1gegyetem teremt\u0151je \u00e9s az emberis\u00e9g Megv\u00e1lt\u00f3ja J\u00e9zus Krisztus \u00e9lete, hal\u00e1la \u00e9s felt\u00e1mad\u00e1sa \u00e1ltal.<\/li>\n\n\n\n<li><strong>Keresztel\u00e9s<\/strong>A kereszts\u00e9get a <em>SELK<\/em> olyan szents\u00e9gk\u00e9nt \u00e9rtelmezz\u00fck, amely egyes\u00edti a h\u00edv\u0151t Krisztussal, \u00e9s befogadja az egyh\u00e1z k\u00f6z\u00f6ss\u00e9g\u00e9be. A <em>SELK<\/em> gyakorolja mind a gyermekkereszts\u00e9get, mind a feln\u0151ttkereszts\u00e9get, ahol a sz\u00fcl\u0151k \u00e9s a megkeresztelt hit\u00e9t tartja d\u00f6nt\u0151nek a szents\u00e9g \u00e9rtelm\u00e9t illet\u0151en.<\/li>\n<\/ul>\n\n\n\n<h5 class=\"wp-block-heading\"><span class=\"ez-toc-section\" id=\"Organisation-8\"><\/span>Szervezet<span class=\"ez-toc-section-end\"><\/span><\/h5>\n\n\n\n<ul class=\"wp-block-list\">\n<li><strong>Egyh\u00e1zi szolg\u00e1ltat\u00e1sok:<\/strong> Az egyh\u00e1zi szolg\u00e1ltat\u00e1sok a <em>SELK<\/em> liturgikus \u00e9s hagyom\u00e1nyosan jellemzett. Ezek egy meghat\u00e1rozott strukt\u00far\u00e1t k\u00f6vetnek, amely mag\u00e1ban foglalja Isten ig\u00e9j\u00e9nek hirdet\u00e9s\u00e9t, az im\u00e1ds\u00e1got \u00e9s a szent\u00e1ldoz\u00e1s \u00fcnnepl\u00e9s\u00e9t. Az \u00e9nekl\u00e9s \u00e9s a liturgia k\u00f6zponti szerepet j\u00e1tszik, \u00e9s az istentiszteleteket gyakran \u00fcnnep\u00e9lyes hangulat jellemzi. A Bibli\u00e1n alapul\u00f3 pr\u00e9dik\u00e1ci\u00f3 minden istentisztelet l\u00e9nyeges r\u00e9sze, csak\u00fagy, mint a k\u00f6z\u00f6s im\u00e1ds\u00e1g \u00e9s az \u00e9nekek \u00e9nekl\u00e9se.<\/li>\n\n\n\n<li><strong>K\u00fcldet\u00e9s:<\/strong> A misszi\u00f3 k\u00f6zponti szerepet j\u00e1tszik a <em>SELK<\/em>. Az egyh\u00e1z feladat\u00e1nak tekinti, hogy hirdesse az evang\u00e9liumot, \u00e9s a h\u00edv\u0151ket a hit \u00e9s a megszentel\u0151d\u00e9s \u00e9let\u00e9re vezesse. A <em>SELK<\/em> helyi \u00e9s nemzetk\u00f6zi misszi\u00f3kban egyar\u00e1nt r\u00e9szt vesz, \u00e9s elk\u00f6telezett a kereszt\u00e9ny hit terjeszt\u00e9se mellett a k\u00fcl\u00f6nb\u00f6z\u0151 t\u00e1rsadalmi kontextusokban.<\/li>\n\n\n\n<li><strong>Szerkezet:<\/strong> A <em>SELK<\/em> hierarchikus fel\u00e9p\u00edt\u00e9s\u0171, az egyh\u00e1z \u00e9l\u00e9n egy p\u00fcsp\u00f6k \u00e1ll, \u00e9s a k\u00fcl\u00f6nb\u00f6z\u0151 r\u00e9gi\u00f3kb\u00f3l \u00e9s egyh\u00e1zk\u00f6zs\u00e9gekb\u0151l \u00e1ll\u00f3 zsinati strukt\u00fara. <\/li>\n<\/ul>\n\n\n\n<h5 class=\"wp-block-heading\"><span class=\"ez-toc-section\" id=\"Verbreitung_und_Fokus-7\"><\/span>Eloszt\u00e1s \u00e9s f\u00f3kusz<span class=\"ez-toc-section-end\"><\/span><\/h5>\n\n\n\n<p><strong>Forgalmaz\u00e1s<\/strong>:<\/p>\n\n\n\n<p>A <em>SELK<\/em> els\u0151sorban N\u00e9metorsz\u00e1gban tev\u00e9kenykedik, de m\u00e1s orsz\u00e1gokban is vannak gy\u00fclekezetei, k\u00fcl\u00f6n\u00f6sen \u00c9szak-Amerik\u00e1ban \u00e9s n\u00e9h\u00e1ny eur\u00f3pai orsz\u00e1gban. Az egyh\u00e1z folyamatosan n\u00f6vekszik, \u00e9s elk\u00f6telezett a lutheri hagyom\u00e1nyok meg\u0151rz\u00e9se \u00e9s az \u00e9l\u00e9nk hit\u00e9let el\u0151mozd\u00edt\u00e1sa mellett.<\/p>\n\n\n\n<h4 class=\"wp-block-heading\"><span class=\"ez-toc-section\" id=\"EmK_%E2%80%93_Evangelisch-methodistische_Kirche\"><\/span>EmK - Evang\u00e9likus Metodista Egyh\u00e1z<span class=\"ez-toc-section-end\"><\/span><\/h4>\n\n\n\n<p>Az adatok, amelyek 2024-ben meglehet\u0151sen aktu\u00e1lisak, 30 069 tagot mutatnak.<\/p>\n\n\n\n<p>A metodist\u00e1k egy kereszt\u00e9ny felekezet, amelyet John Wesley \u00e9s testv\u00e9re, Charles Wesley alap\u00edtott Angli\u00e1ban a 18. sz\u00e1zadban. A mozgalom a szem\u00e9lyes megszentel\u0151d\u00e9st, a J\u00e9zus Krisztusba vetett hitet \u00e9s a t\u00e1rsadalmi felel\u0151ss\u00e9gv\u00e1llal\u00e1st hangs\u00falyozza. A metodista hit k\u00f6zponti eleme az a gondolat, hogy minden embernek megvan a szabads\u00e1ga, hogy Istent v\u00e1lassza. Az \u00fcdv\u00f6ss\u00e9get a hit \u00e9s a j\u00f3 cselekedetek r\u00e9v\u00e9n \u00e9rik el, \u00e9s a h\u00edv\u0151k a megszentelt \u00e9letre t\u00f6rekszenek.<\/p>\n\n\n\n<h5 class=\"wp-block-heading\"><span class=\"ez-toc-section\" id=\"Glaubensmerkmale-9\"><\/span>A hit jellemz\u0151i<span class=\"ez-toc-section-end\"><\/span><\/h5>\n\n\n\n<ul class=\"wp-block-list\">\n<li><strong>\u00dcdv\u00f6ss\u00e9g kegyelemb\u0151l:<\/strong> A metodist\u00e1k az egyed\u00fcl kegyelemb\u0151l val\u00f3 \u00fcdv\u00f6ss\u00e9get tan\u00edtj\u00e1k, \u00e9s hangs\u00falyozz\u00e1k a szem\u00e9lyes hit fontoss\u00e1g\u00e1t, valamint a szent \u00e9letvitel sz\u00fcks\u00e9gess\u00e9g\u00e9t. Hisznek a Szenth\u00e1roms\u00e1gban (Isten mint Atya, Fi\u00fa \u00e9s Szentl\u00e9lek) \u00e9s a Szentl\u00e9lek munk\u00e1j\u00e1ban a h\u00edv\u0151kben. A Biblia mint a hit alapj\u00e1nak fontoss\u00e1g\u00e1t is er\u0151teljesen hangs\u00falyozz\u00e1k.<\/li>\n\n\n\n<li><strong>Isten k\u00e9pe<\/strong>A metodist\u00e1k egy szem\u00e9lyes Istenben hisznek, aki egyszerre igazs\u00e1gos \u00e9s szeret\u0151. Hangs\u00falyozz\u00e1k az Istennel val\u00f3 szem\u00e9lyes kapcsolat fontoss\u00e1g\u00e1t, \u00e9s a Szentl\u00e9lek \u00e1ltal Krisztus k\u00f6vet\u0151jek\u00e9nt val\u00f3 n\u00f6veked\u00e9s lehet\u0151s\u00e9g\u00e9t.<\/li>\n\n\n\n<li><strong>Keresztel\u00e9s<\/strong>A metodist\u00e1k a gyermekkereszts\u00e9get \u00e9s a feln\u0151ttkereszts\u00e9get is gyakorolj\u00e1k. A kereszts\u00e9get a kereszt\u00e9ny k\u00f6z\u00f6ss\u00e9ghez val\u00f3 tartoz\u00e1s jel\u00e9nek \u00e9s a b\u0171nt\u0151l val\u00f3 megtisztul\u00e1s szimbolikus aktus\u00e1nak tekintik.<\/li>\n<\/ul>\n\n\n\n<h5 class=\"wp-block-heading\"><span class=\"ez-toc-section\" id=\"Organisation_und_Struktur\"><\/span>Szervezet \u00e9s strukt\u00fara<span class=\"ez-toc-section-end\"><\/span><\/h5>\n\n\n\n<ul class=\"wp-block-list\">\n<li><strong>Istentiszteletek \u00e9s hit\u00e9let<\/strong>A metodista istentiszteleteket az \u00e9nekek \u00e9nekl\u00e9se, az im\u00e1ds\u00e1g, az igehirdet\u00e9s \u00e9s az \u00farvacsoraoszt\u00e1s jellemzi. A h\u00edvek nagy jelent\u0151s\u00e9get tulajdon\u00edtanak a szem\u00e9lyes j\u00e1mbors\u00e1gnak \u00e9s a hitben val\u00f3 akt\u00edv \u00e9letnek, amelyet rendszeres bibliatanulm\u00e1nyoz\u00e1ssal, im\u00e1ds\u00e1ggal \u00e9s szeretetszolg\u00e1lattal \u00f6szt\u00f6n\u00f6znek.<\/li>\n\n\n\n<li><strong>K\u00fcldet\u00e9s<\/strong>A misszi\u00f3 k\u00f6zponti szerepet j\u00e1tszik a metodista egyh\u00e1zban, \u00e9s a tagok akt\u00edvan r\u00e9szt vesznek k\u00fcl\u00f6nb\u00f6z\u0151 szoci\u00e1lis \u00e9s j\u00f3t\u00e9konys\u00e1gi projektekben, k\u00fcl\u00f6n\u00f6sen az oktat\u00e1s, az eg\u00e9szs\u00e9g\u00fcgy \u00e9s a szeg\u00e9nys\u00e9g elleni k\u00fczdelem ter\u00fclet\u00e9n. A t\u00e1rsadalmi igazs\u00e1goss\u00e1g \u00e9s a h\u00e1tr\u00e1nyos helyzet\u0171ek \u00e9letk\u00f6r\u00fclm\u00e9nyeinek jav\u00edt\u00e1sa ir\u00e1nti elk\u00f6telezetts\u00e9g fontos r\u00e9sz\u00e9t k\u00e9pezi munk\u00e1juknak.<\/li>\n\n\n\n<li><strong>Szerkezet:<\/strong> A metodista egyh\u00e1z hierarchikus fel\u00e9p\u00edt\u00e9s\u0171, \u00e9s p\u00fcsp\u00f6k\u00f6kb\u0151l, lelk\u00e9szekb\u0151l \u00e9s laikusok \u00e1ltal vezetett gy\u00fclekezetekb\u0151l \u00e1ll. Az egyh\u00e1z k\u00fcl\u00f6nb\u00f6z\u0151 konferenci\u00e1kra oszlik, amelyek fontos szerepet j\u00e1tszanak a vezet\u00e9sben \u00e9s a d\u00f6nt\u00e9shozatalban. A vil\u00e1gm\u00e9ret\u0171 szervezetet a \"Metodista Vil\u00e1gsz\u00f6vets\u00e9g\" koordin\u00e1lja, amely sz\u00e1mos nemzeti egyh\u00e1zat foglal mag\u00e1ban.<\/li>\n<\/ul>\n\n\n\n<h5 class=\"wp-block-heading\"><span class=\"ez-toc-section\" id=\"Verbreitung_und_Fokus-8\"><\/span>Eloszt\u00e1s \u00e9s f\u00f3kusz<span class=\"ez-toc-section-end\"><\/span><\/h5>\n\n\n\n<p>A metodista mozgalom vil\u00e1gszerte elterjedt, k\u00fcl\u00f6n\u00f6sen er\u0151s a jelenl\u00e9te az Egyes\u00fclt \u00c1llamokban, Afrik\u00e1ban, \u00c1zsi\u00e1ban \u00e9s Eur\u00f3p\u00e1ban. Nagy-Britanni\u00e1b\u00f3l, a sz\u00e1rmaz\u00e1si r\u00e9gi\u00f3b\u00f3l kiindulva globaliz\u00e1l\u00f3dott, \u00e9s ma m\u00e1r az egyik legnagyobb protest\u00e1ns egyh\u00e1z.<\/p>\n\n\n\n<h4 class=\"wp-block-heading\"><span class=\"ez-toc-section\" id=\"Brudergemeinde\"><\/span>A Testv\u00e9rek Egyh\u00e1za<span class=\"ez-toc-section-end\"><\/span><\/h4>\n\n\n\n<p>Ami a tagl\u00e9tsz\u00e1mot illeti, az al\u00e1bb felsorolt k\u00e9t ir\u00e1nyzat egyik\u00e9ben sem ismertek hivatalos adatok a Testv\u00e9r Gy\u00fclekezetekr\u0151l. Az sem ismert, hogy az al\u00e1bbi adatok mely \u00e9vekre vonatkoznak.<\/p>\n\n\n\n<h5 class=\"wp-block-heading\"><span class=\"ez-toc-section\" id=\"Geschlossene_Brudergemeinde\"><\/span>Z\u00e1rt testv\u00e9ris\u00e9g<span class=\"ez-toc-section-end\"><\/span><\/h5>\n\n\n\n<p>Az \u00e1ltal\u00e1nosan hozz\u00e1f\u00e9rhet\u0151 forr\u00e1sok 16 000 tagr\u00f3l sz\u00e1molnak be.<\/p>\n\n\n\n<p>A <em>Z\u00e1rt testv\u00e9ris\u00e9g<\/em> a 19. sz\u00e1zad elej\u00e9n alakult ki a n\u00e9metorsz\u00e1gi pietista mozgalom radik\u00e1lis szakad\u00e1sak\u00e9nt. Keletkez\u00e9se els\u0151sorban a <em>Johann Gottfried van der Leyen<\/em> akik kidolgozt\u00e1k a h\u00edv\u0151k szigor\u00faan z\u00e1rt k\u00f6z\u00f6ss\u00e9g\u00e9nek gondolat\u00e1t, akik el akart\u00e1k k\u00fcl\u00f6n\u00edteni magukat a vil\u00e1gt\u00f3l, hogy szent \u00e9letet \u00e9ljenek. Ez a mozgalom a hit tiszta form\u00e1j\u00e1ra t\u00f6rekedett, amely elhat\u00e1rol\u00f3dott a k\u00fcls\u0151 hat\u00e1sokt\u00f3l \u00e9s az egyh\u00e1z int\u00e9zm\u00e9nyeit\u0151l. A tagok kis, elz\u00e1rt k\u00f6z\u00f6ss\u00e9gekben gy\u0171ltek \u00f6ssze, \u00e9s egyszer\u0171, fegyelmezett \u00e9letet folytattak. A Z\u00e1rt Testv\u00e9rek Egyh\u00e1za elterjedt N\u00e9metorsz\u00e1gban, majd k\u00e9s\u0151bb m\u00e1s orsz\u00e1gokban is, de kis l\u00e9tsz\u00e1m\u00fa, szigor\u00faan orient\u00e1lt vall\u00e1si k\u00f6z\u00f6ss\u00e9g maradt.<\/p>\n\n\n\n<p>A <em>Z\u00e1rt testv\u00e9ris\u00e9g<\/em> egy protest\u00e1ns szabadegyh\u00e1z, amely a 19. sz\u00e1zadban alakult ki N\u00e9metorsz\u00e1gban. Tagjai a pietizmus \u00e9s a vil\u00e1gt\u00f3l val\u00f3 szigor\u00fa elk\u00fcl\u00f6n\u00fcl\u00e9s elvei szerint \u00e9lnek, hogy szents\u00e9ges \u00e9letet \u00e9ljenek.<br>A tagok csak a saj\u00e1t gy\u00fclekezet\u00fck aj\u00e1nl\u00f3level\u00e9vel juthatnak be a saj\u00e1t gy\u00fclekezet\u00fck\u00f6n k\u00edv\u00fcli gy\u00fclekezetekbe.<\/p>\n\n\n\n<h5 class=\"wp-block-heading\"><span class=\"ez-toc-section\" id=\"Glaubensmerkmale-10\"><\/span>A hit jellemz\u0151i<span class=\"ez-toc-section-end\"><\/span><\/h5>\n\n\n\n<ul class=\"wp-block-list\">\n<li><strong>Isten k\u00e9pe<\/strong>A Z\u00e1rt Testv\u00e9rek Egyh\u00e1z\u00e1ban Istent szent, igazs\u00e1gos \u00e9s irgalmas Atyak\u00e9nt im\u00e1dj\u00e1k. J\u00e9zus Krisztust az egyetlen Megv\u00e1lt\u00f3nak \u00e9s az \u00fcdv\u00f6ss\u00e9ghez vezet\u0151 \u00fatnak ismerik el, m\u00edg a Szentl\u00e9lek k\u00f6zponti szerepet j\u00e1tszik, mint seg\u00edt\u0151 \u00e9s vezet\u0151 a h\u00edv\u0151k \u00e9let\u00e9ben. A k\u00f6z\u00f6ss\u00e9g abban a meggy\u0151z\u0151d\u00e9sben \u00e9l, hogy a f\u00f6ldi \u00e9let mindenekel\u0151tt a mennyei \u00f6r\u00f6k \u00e9letre val\u00f3 felk\u00e9sz\u00fcl\u00e9st szolg\u00e1lja.<\/li>\n\n\n\n<li><strong>Keresztel\u00e9s<\/strong>A Z\u00e1rt Testv\u00e9rek Egyh\u00e1za a h\u00edv\u0151k kereszts\u00e9g\u00e9t gyakorolja, ami azt jelenti, hogy csak olyan embereket keresztelnek meg, akik tudatosan d\u00f6nt\u00f6ttek a hit mellett. A kereszts\u00e9get al\u00e1mer\u00edt\u00e9ssel v\u00e9gzik, \u00e9s a b\u0171n\u00f6kb\u0151l val\u00f3 megtisztul\u00e1s \u00e9s a hit k\u00f6z\u00f6ss\u00e9g\u00e9be val\u00f3 felv\u00e9tel szimbolikus aktusak\u00e9nt \u00e9rtelmezik.<\/li>\n\n\n\n<li><strong>K\u00fcldet\u00e9s:<\/strong> A Nyitott Testv\u00e9rek Egyh\u00e1z\u00e1ban a misszi\u00f3 kiemelt fontoss\u00e1g\u00fa. A h\u00edvek igyekeznek terjeszteni a hitet, mind a helyi k\u00f6rnyezet\u00fckben, mind a nemzetk\u00f6zi misszi\u00f3s munka r\u00e9v\u00e9n. Az evangeliz\u00e1ci\u00f3 mellett a szoci\u00e1lis \u00e9s humanit\u00e1rius projektekben v\u00e9gzett munka is szerepet j\u00e1tszik a kereszt\u00e9ny hit gyakorlati meg\u00e9l\u00e9s\u00e9ben.<\/li>\n<\/ul>\n\n\n\n<h5 class=\"wp-block-heading\"><span class=\"ez-toc-section\" id=\"Organisation_und_Struktur-2\"><\/span>Szervezet \u00e9s strukt\u00fara<span class=\"ez-toc-section-end\"><\/span><\/h5>\n\n\n\n<ul class=\"wp-block-list\">\n<li><strong>Egyh\u00e1zi szolg\u00e1ltat\u00e1sok<\/strong>Az istentiszteletek egyszer\u0171ek, \u00e9s Isten Ig\u00e9j\u00e9re, az im\u00e1ds\u00e1gra \u00e9s a h\u00edvek k\u00f6z\u00f6ss\u00e9g\u00e9re \u00f6sszpontos\u00edtanak. Gyakran a gy\u00fclekezeti tagok mag\u00e1nlak\u00e1saiban tartj\u00e1k, mivel a testv\u00e9rgy\u00fclekezet nem haszn\u00e1l nagy templom\u00e9p\u00fcleteket. Az istentisztelet k\u00f6zponti alkalom a hit elm\u00e9ly\u00edt\u00e9s\u00e9re \u00e9s a k\u00f6z\u00f6ss\u00e9g \u00e1pol\u00e1s\u00e1ra. Az \u00e9nekl\u00e9s, a bibliai olvasm\u00e1nyok \u00e9s az im\u00e1ds\u00e1g az istentisztelet l\u00e9nyeges elemei, \u00e9s a Brethren gy\u00fclekezet decentraliz\u00e1lt strukt\u00far\u00e1val rendelkezik, minden gy\u00fclekezet \u00f6n\u00e1ll\u00f3an m\u0171k\u00f6dik. Nincs k\u00f6zponti egyh\u00e1zi hierarchia vagy fels\u0151bb szerv. A k\u00f6z\u00f6ss\u00e9get ink\u00e1bb a v\u00e9nek \u00e9s testv\u00e9rek vezet\u00e9se szervezi, akik a gy\u00fclekezet lelki vezet\u00e9s\u00e9\u00e9rt \u00e9s mindennapi \u00e9let\u00e9\u00e9rt felel\u0151sek.<\/li>\n\n\n\n<li><strong>A hit \u00e9lete<\/strong>: A hit a <em>Z\u00e1rt Testv\u00e9rek Egyh\u00e1za<\/em> a Bibli\u00e1n alapul, \u00e9s nagy hangs\u00falyt fektet a szem\u00e9lyes \u00fcdv\u00f6ss\u00e9gre, a megszentel\u0151d\u00e9sre \u00e9s az Isten parancsolatai szerinti kereszt\u00e9ny \u00e9letre. A tagok olyan \u00e9letet folytatnak, amely mentes az olyan vil\u00e1gi zavar\u00f3 t\u00e9nyez\u0151kt\u0151l, mint a nyaral\u00e1s, az alkohol vagy a szabadid\u0151s tev\u00e9kenys\u00e9gek, \u00e9s olyan etikus \u00e9letre t\u00f6rekszenek, amelyet az ima, a bibliatanulm\u00e1nyoz\u00e1s \u00e9s a szem\u00e9lyes j\u00e1mbors\u00e1g jellemez. A k\u00f6z\u00f6ss\u00e9g az Istennel val\u00f3 szoros \u00e9s szem\u00e9lyes kapcsolatra \u00e9s a megszentel\u0151d\u00e9sre val\u00f3 t\u00f6rekv\u00e9sre helyezi a hangs\u00falyt.<\/li>\n\n\n\n<li><strong>K\u00fcldet\u00e9s<\/strong>A <em>Z\u00e1rt testv\u00e9ris\u00e9g<\/em> arra t\u00f6rekszik, hogy terjessze hit\u00e9t, \u00e9s m\u00e1sokat is megt\u00e9r\u00e9sre \u00e9s megszentel\u0151d\u00e9sre vezessen. A misszi\u00f3s tev\u00e9kenys\u00e9gek, mint p\u00e9ld\u00e1ul az evangeliz\u00e1ci\u00f3 \u00e9s a szoci\u00e1lis szolg\u00e1lat, fontos r\u00e9sz\u00e9t k\u00e9pezik gyakorlatuknak, b\u00e1r a szoros k\u00f6z\u00f6ss\u00e9gekre \u00e9s a szem\u00e9lyes kapcsolatokra \u00f6sszpontos\u00edtanak. A tagok a kereszt\u00e9ny hit p\u00e9ld\u00e1jak\u00e9nt \u00e9lnek, \u00e9s igyekeznek k\u00f6rnyezet\u00fckben tan\u00fas\u00e1got tenni hit\u00fckr\u0151l.<\/li>\n<\/ul>\n\n\n\n<h5 class=\"wp-block-heading\"><span class=\"ez-toc-section\" id=\"Verbreitung_und_Fokus-9\"><\/span>Eloszt\u00e1s \u00e9s f\u00f3kusz<span class=\"ez-toc-section-end\"><\/span><\/h5>\n\n\n\n<p>A <em>Z\u00e1rt testv\u00e9ris\u00e9g<\/em> N\u00e9metorsz\u00e1gb\u00f3l sz\u00e1rmazik, de m\u00e1s orsz\u00e1gokban is elterjedt, k\u00fcl\u00f6n\u00f6sen Eur\u00f3p\u00e1ban \u00e9s \u00c9szak-Amerik\u00e1ban. Tags\u00e1guk viszonylag kicsi, de a gy\u00fclekezetek a szigor\u00fa \u00e9letm\u00f3d \u00e9s az intenz\u00edv k\u00f6z\u00f6ss\u00e9g miatt nagyon elk\u00f6telezettek \u00e9s \u00f6sszetart\u00f3ak. Sz\u00e1mos orsz\u00e1gban k\u00e9pviseltetik magukat, \u00e9s egy kicsi, de akt\u00edv vall\u00e1si k\u00f6z\u00f6ss\u00e9get alkotnak.<\/p>\n\n\n\n<h5 class=\"wp-block-heading\"><span class=\"ez-toc-section\" id=\"Offene_Brudergemeinde\"><\/span>A Testv\u00e9rek Nyitott Egyh\u00e1za<span class=\"ez-toc-section-end\"><\/span><\/h5>\n\n\n\n<p>A tagok a <em>Nyitott Testv\u00e9r Gy\u00fclekezetek<\/em> k\u00f6r\u00fclbel\u00fcl 4000-re becs\u00fclik.<\/p>\n\n\n\n<p>A <em>A Testv\u00e9rek Nyitott Egyh\u00e1za<\/em> egy evang\u00e9likus szabadegyh\u00e1z, amely a 19. sz\u00e1zadban alakult ki a <em>Testv\u00e9ris\u00e9g mozgalom<\/em> amelyet eredetileg a \"Z\u00e1rt Testv\u00e9rek Egyh\u00e1za\" jellemzett. A k\u00e9t csoport k\u00f6z\u00f6tti f\u0151 k\u00fcl\u00f6nbs\u00e9g a nyitotts\u00e1gban \u00e9s a nagyobb integr\u00e1ci\u00f3ban rejlik. <em>A Testv\u00e9rek Nyitott Egyh\u00e1za<\/em> a t\u00e1rsadalomba. M\u00edg a <em>Z\u00e1rt testv\u00e9ris\u00e9g<\/em> szigor\u00fa elhat\u00e1rol\u00f3d\u00e1st gyakorolt a vil\u00e1gt\u00f3l, a <em>A Testv\u00e9rek Nyitott Egyh\u00e1za<\/em> A h\u00edv\u0151k ink\u00e1bb a t\u00e1rsadalmi \u00e9letben val\u00f3 akt\u00edv r\u00e9szv\u00e9telre orient\u00e1l\u00f3dnak. A h\u00edv\u0151k nagyra \u00e9rt\u00e9kelik az egyh\u00e1z egys\u00e9g\u00e9t, \u00e9s hangs\u00falyozz\u00e1k a Biblia mint a hit alapj\u00e1nak fontoss\u00e1g\u00e1t.<\/p>\n\n\n\n<h5 class=\"wp-block-heading\"><span class=\"ez-toc-section\" id=\"Glaubensmerkmale-11\"><\/span><strong>A hit jellemz\u0151i<\/strong><span class=\"ez-toc-section-end\"><\/span><\/h5>\n\n\n\n<ul class=\"wp-block-list\">\n<li><strong>Isten k\u00e9pe:<\/strong> A <em>A Testv\u00e9rek Nyitott Egyh\u00e1za<\/em> fenntartja a klasszikus kereszt\u00e9ny felfog\u00e1st Istenr\u0151l mint Szenth\u00e1roms\u00e1gr\u00f3l (Isten az Atya, a Fi\u00fa \u00e9s a Szentl\u00e9lek). A h\u00edv\u0151k Istent Teremt\u0151nek \u00e9s Megv\u00e1lt\u00f3nak tekintik, akinek akarata \u00e9s parancsai kell, hogy meghat\u00e1rozz\u00e1k az emberek \u00e9let\u00e9t.<\/li>\n\n\n\n<li><strong>Keresztel\u00e9s:<\/strong> A Nyitott Testv\u00e9rek Egyh\u00e1za a h\u00edv\u0151k kereszts\u00e9g\u00e9t gyakorolja, ami azt jelenti, hogy csak feln\u0151tteket vagy olyan embereket keresztelnek meg, akik tudatosan vallj\u00e1k meg hit\u00fcket. A kereszts\u00e9g a kereszt\u00e9ny k\u00f6z\u00f6ss\u00e9ghez val\u00f3 tartoz\u00e1s k\u00fcls\u0151 jele \u00e9s a b\u0171n\u00f6kb\u0151l val\u00f3 megtisztul\u00e1s szimbolikus aktusa.<\/li>\n<\/ul>\n\n\n\n<h5 class=\"wp-block-heading\"><span class=\"ez-toc-section\" id=\"Organisation-9\"><\/span>Szervezet<span class=\"ez-toc-section-end\"><\/span><\/h5>\n\n\n\n<ul class=\"wp-block-list\">\n<li><strong>Egyh\u00e1zi szolg\u00e1ltat\u00e1sok<\/strong>: A templomi istentiszteletek a <em>A Testv\u00e9rek Nyitott Egyh\u00e1za<\/em> egyszer\u0171ek \u00e9s nem liturgikusak, nincsenek r\u00f6gz\u00edtett vall\u00e1si szertart\u00e1sok vagy hierarchi\u00e1k. A bibliatanulm\u00e1nyoz\u00e1sra, a k\u00f6z\u00f6s im\u00e1ra \u00e9s a pr\u00e9dik\u00e1ci\u00f3ra \u00f6sszpontos\u00edtanak. \u00c1ltal\u00e1ban nincs \u00e1lland\u00f3 pr\u00e9dik\u00e1tor, \u00e9s az istentisztelet megszervez\u00e9s\u00e9nek felel\u0151ss\u00e9ge gyakran a laikusokra h\u00e1rul. A hangs\u00faly Isten Ig\u00e9j\u00e9nek szabad hirdet\u00e9s\u00e9re helyez\u0151dik. Szerepv\u00e1llal\u00e1s.<\/li>\n\n\n\n<li><strong>A hit \u00e9lete<\/strong>Krisztus Egyh\u00e1za: er\u0151sen jellemzi az Istennel \u00e9s a k\u00f6z\u00f6ss\u00e9ggel val\u00f3 szem\u00e9lyes kapcsolat. A tagok a bibliai elvekkel \u00f6sszhangban l\u00e9v\u0151 \u00e9letre t\u00f6rekszenek. A hit\u00e9let k\u00f6zponti eleme a szem\u00e9lyes bibliaolvas\u00e1s \u00e9s a rendszeres im\u00e1ds\u00e1g, melynek sor\u00e1n a bibliatanulm\u00e1nyoz\u00e1sra mind mag\u00e1n\u00e9letben, mind a k\u00f6z\u00f6ss\u00e9gben sor ker\u00fcl. A h\u00edvek \u00e9lete arra ir\u00e1nyul, hogy tettekkel tegyenek tan\u00fas\u00e1got a kereszt\u00e9ny hitr\u0151l, ami mag\u00e1ban foglalja a j\u00f3t\u00e9konys\u00e1got, a t\u00e1rsadalmi felel\u0151ss\u00e9gv\u00e1llal\u00e1st \u00e9s az etikus magatart\u00e1st az \u00e9let minden ter\u00fclet\u00e9n.<br>A hit\u00e9let m\u00e1sik jellemz\u0151je a megszentel\u0151d\u00e9s gyakorl\u00e1sa - az egy\u00e9n folyamatos lelki \u00e9s erk\u00f6lcsi fejl\u0151d\u00e9se, hogy egyre ink\u00e1bb Krisztushoz hasonl\u00f3v\u00e1 v\u00e1ljon. A tagok elk\u00f6telezettek a k\u00f6z\u00f6ss\u00e9g \u00e9s a k\u00f6lcs\u00f6n\u00f6s t\u00e1mogat\u00e1s el\u0151mozd\u00edt\u00e1sa mellett a gy\u00fclekezeten bel\u00fcl, mivel a gy\u00fclekezetet lelki csal\u00e1dk\u00e9nt \u00e9rtelmezik.<br>Emellett a szeretet tudatos \u00e9let\u00e9t is \u00e1polj\u00e1k, amely k\u00fcl\u00f6nb\u00f6z\u0151 szoci\u00e1lis \u00e9s misszi\u00f3s tev\u00e9kenys\u00e9gekben jut kifejez\u00e9sre. A tagok gyakran r\u00e9szt vesznek a r\u00e1szorul\u00f3k megseg\u00edt\u00e9s\u00e9ben, \u00e9s igyekeznek hit\u00fcket a gyakorlatban is meg\u00e9lni.<\/li>\n\n\n\n<li><strong>K\u00fcldet\u00e9s:<\/strong> A misszi\u00f3 kiemelt priorit\u00e1st \u00e9lvez a <em>A Testv\u00e9rek Nyitott Egyh\u00e1za<\/em>. A h\u00edvek igyekeznek terjeszteni a hitet, mind a helyi k\u00f6rnyezet\u00fckben, mind a nemzetk\u00f6zi misszi\u00f3s munka r\u00e9v\u00e9n. Az evangeliz\u00e1ci\u00f3 mellett a szoci\u00e1lis \u00e9s humanit\u00e1rius projektekben v\u00e9gzett munka is szerepet j\u00e1tszik a kereszt\u00e9ny hit gyakorlati meg\u00e9l\u00e9s\u00e9ben.<\/li>\n\n\n\n<li><strong>Szerkezet: <\/strong><em>A Testv\u00e9rek Nyitott Egyh\u00e1za<\/em> decentraliz\u00e1lt strukt\u00fara jellemzi. Nincs hivatalos egyh\u00e1zi vezet\u00e9s vagy hierarchia; a gy\u00fclekezetek auton\u00f3mok \u00e9s f\u00fcggetlenek, a lelki vezet\u00e9s felel\u0151ss\u00e9ge gyakran az id\u0151sebb testv\u00e9rek vagy a gy\u00fclekezeti gy\u0171l\u00e9sek kez\u00e9ben van. A gy\u00fclekezetek laza kapcsolatban \u00e1llnak egym\u00e1ssal, \u00e9s rendszeresen cser\u00e9lnek inform\u00e1ci\u00f3t, de nincs k\u00f6zponti adminisztr\u00e1ci\u00f3 vagy \u00e1tfog\u00f3 szervezet.<\/li>\n<\/ul>\n\n\n\n<h5 class=\"wp-block-heading\"><span class=\"ez-toc-section\" id=\"Verbreitung_und_Fokus-10\"><\/span>Eloszt\u00e1s \u00e9s f\u00f3kusz<span class=\"ez-toc-section-end\"><\/span><\/h5>\n\n\n\n<p>A Ny\u00edlt Testv\u00e9rek Egyh\u00e1za vil\u00e1gszerte elterjedt, k\u00fcl\u00f6n\u00f6sen Eur\u00f3p\u00e1ban, \u00c9szak-Amerik\u00e1ban \u00e9s Ausztr\u00e1li\u00e1ban. Az egyik legnagyobb szabadegyh\u00e1z, amely f\u00fcggetlen strukt\u00far\u00e1j\u00e1r\u00f3l \u00e9s az egyes emberek szem\u00e9lyes felel\u0151ss\u00e9g\u00e9nek hangs\u00falyoz\u00e1s\u00e1r\u00f3l ismert a hitben.<\/p>","protected":false},"excerpt":{"rendered":"<p><span class=\"span-reading-time rt-reading-time\" style=\"display: block;\"><span class=\"rt-label rt-prefix\">Olvas\u00e1si id\u0151<\/span> <span class=\"rt-time\"> 14<\/span> <span class=\"rt-label rt-postfix\">percek<\/span><\/span> Was ist eigentlich der Unterschied zwischen der Landeskirche oder Volkskirche und einer Freikirche? Nachfolgend werden sowohl die Volkskirchen, als auch Freikirchen n\u00e4her beschrieben und damit Unterschiede aufgezeigt. Volkskirche In Deutschland entschieden zu fr\u00fcheren Zeiten, 1555, anl\u00e4sslich des Augsburger Religionsfriedens, die Landesherren \u00fcber den Glauben, den ihre Untertanen anzunehmen hatten. Seit dem 18.&hellip;&nbsp;<a href=\"https:\/\/csiag.de\/hu\/blog\/2025\/01\/21\/unterschied-landeskirche-vs-freikirche\/\" rel=\"bookmark\">Olvass tov\u00e1bb \"<span class=\"screen-reader-text\">K\u00fcl\u00f6nbs\u00e9g - nemzeti egyh\u00e1z vs. szabadegyh\u00e1z<\/span><\/a><\/p>","protected":false},"author":1,"featured_media":0,"comment_status":"open","ping_status":"open","sticky":false,"template":"","format":"standard","meta":{"_lmt_disableupdate":"","_lmt_disable":"","neve_meta_sidebar":"","neve_meta_container":"","neve_meta_enable_content_width":"","neve_meta_content_width":0,"neve_meta_title_alignment":"","neve_meta_author_avatar":"","neve_post_elements_order":"","neve_meta_disable_header":"","neve_meta_disable_footer":"","neve_meta_disable_title":"","footnotes":""},"categories":[4085],"tags":[],"class_list":["post-8969","post","type-post","status-publish","format-standard","hentry","category-themen-von-lesern-angeregt"],"modified_by":"Achim Goerner","_links":{"self":[{"href":"https:\/\/csiag.de\/hu\/wp-json\/wp\/v2\/posts\/8969","targetHints":{"allow":["GET"]}}],"collection":[{"href":"https:\/\/csiag.de\/hu\/wp-json\/wp\/v2\/posts"}],"about":[{"href":"https:\/\/csiag.de\/hu\/wp-json\/wp\/v2\/types\/post"}],"author":[{"embeddable":true,"href":"https:\/\/csiag.de\/hu\/wp-json\/wp\/v2\/users\/1"}],"replies":[{"embeddable":true,"href":"https:\/\/csiag.de\/hu\/wp-json\/wp\/v2\/comments?post=8969"}],"version-history":[{"count":0,"href":"https:\/\/csiag.de\/hu\/wp-json\/wp\/v2\/posts\/8969\/revisions"}],"wp:attachment":[{"href":"https:\/\/csiag.de\/hu\/wp-json\/wp\/v2\/media?parent=8969"}],"wp:term":[{"taxonomy":"category","embeddable":true,"href":"https:\/\/csiag.de\/hu\/wp-json\/wp\/v2\/categories?post=8969"},{"taxonomy":"post_tag","embeddable":true,"href":"https:\/\/csiag.de\/hu\/wp-json\/wp\/v2\/tags?post=8969"}],"curies":[{"name":"wp","href":"https:\/\/api.w.org\/{rel}","templated":true}]}}