{"id":13333,"date":"2026-04-01T11:32:21","date_gmt":"2026-04-01T11:32:21","guid":{"rendered":"https:\/\/csiag.de\/?p=13333"},"modified":"2026-04-13T14:53:02","modified_gmt":"2026-04-13T14:53:02","slug":"rakot-megerteni","status":"publish","type":"post","link":"https:\/\/csiag.de\/hu\/blog\/2026\/04\/01\/krebs-verstehen\/","title":{"rendered":"Meg\u00e9rteni a r\u00e1kot"},"content":{"rendered":"<div id=\"ez-toc-container\" class=\"ez-toc-v2_0_82_2 counter-hierarchy ez-toc-counter ez-toc-grey ez-toc-container-direction\">\n<div class=\"ez-toc-title-container\">\n<p class=\"ez-toc-title\" style=\"cursor:inherit\">Tartalomjegyz\u00e9k<\/p>\n<span class=\"ez-toc-title-toggle\"><\/span><\/div>\n<nav><ul class='ez-toc-list ez-toc-list-level-1' ><li class='ez-toc-page-1 ez-toc-heading-level-2'><a class=\"ez-toc-link ez-toc-heading-1\" href=\"https:\/\/csiag.de\/hu\/blog\/2026\/04\/01\/krebs-verstehen\/#Was_ist_Krebs\" >Mi a r\u00e1k?<\/a><ul class='ez-toc-list-level-3' ><li class='ez-toc-heading-level-3'><a class=\"ez-toc-link ez-toc-heading-2\" href=\"https:\/\/csiag.de\/hu\/blog\/2026\/04\/01\/krebs-verstehen\/#Mutationen_im_Erbgut\" >Mut\u00e1ci\u00f3k az \u00f6r\u00f6k\u00edt\u0151anyagban<\/a><\/li><li class='ez-toc-page-1 ez-toc-heading-level-3'><a class=\"ez-toc-link ez-toc-heading-3\" href=\"https:\/\/csiag.de\/hu\/blog\/2026\/04\/01\/krebs-verstehen\/#Ursachen_fur_diese_Schaden\" >Ennek a k\u00e1rnak az okai<\/a><\/li><\/ul><\/li><li class='ez-toc-page-1 ez-toc-heading-level-2'><a class=\"ez-toc-link ez-toc-heading-4\" href=\"https:\/\/csiag.de\/hu\/blog\/2026\/04\/01\/krebs-verstehen\/#Warum_Krebs_sich_verhalt_wie_Du_und_ich\" >Mi\u00e9rt viselkedik a r\u00e1k \u00fagy, mint te \u00e9s \u00e9n<\/a><ul class='ez-toc-list-level-3' ><li class='ez-toc-heading-level-3'><a class=\"ez-toc-link ez-toc-heading-5\" href=\"https:\/\/csiag.de\/hu\/blog\/2026\/04\/01\/krebs-verstehen\/#Naturliche_Selektion_im_Kleinen\" >Term\u00e9szetes szelekci\u00f3 kicsiben<\/a><\/li><\/ul><\/li><li class='ez-toc-page-1 ez-toc-heading-level-2'><a class=\"ez-toc-link ez-toc-heading-6\" href=\"https:\/\/csiag.de\/hu\/blog\/2026\/04\/01\/krebs-verstehen\/#Metastasierung_%E2%80%93_Krebs_auf_Reisen\" >Metaszt\u00e1zis \u2013 R\u00e1k \u00fatk\u00f6zben<\/a><ul class='ez-toc-list-level-3' ><li class='ez-toc-heading-level-3'><a class=\"ez-toc-link ez-toc-heading-7\" href=\"https:\/\/csiag.de\/hu\/blog\/2026\/04\/01\/krebs-verstehen\/#Wie_Metastasierung_entsteht\" >A metaszt\u00e1zis kialakul\u00e1sa<\/a><\/li><li class='ez-toc-page-1 ez-toc-heading-level-3'><a class=\"ez-toc-link ez-toc-heading-8\" href=\"https:\/\/csiag.de\/hu\/blog\/2026\/04\/01\/krebs-verstehen\/#Wann_und_warum_beginnt_die_Metastasierung\" >A metaszt\u00e1zis akkor kezd\u0151dik, amikor a r\u00e1kos sejtek lev\u00e1lnak az els\u0151dleges daganatr\u00f3l, bejutnak a v\u00e9r- vagy nyirokrendszerbe, \u00e9s elterjednek a test m\u00e1s r\u00e9szeire. Ez egy \u00f6sszetett folyamat, amelynek pontos id\u0151z\u00edt\u00e9se \u00e9s okai f\u00fcggenek a r\u00e1k t\u00edpus\u00e1t\u00f3l, az egy\u00e9n eg\u00e9szs\u00e9gi \u00e1llapot\u00e1t\u00f3l \u00e9s m\u00e1s t\u00e9nyez\u0151kt\u0151l.<\/a><\/li><\/ul><\/li><li class='ez-toc-page-1 ez-toc-heading-level-2'><a class=\"ez-toc-link ez-toc-heading-9\" href=\"https:\/\/csiag.de\/hu\/blog\/2026\/04\/01\/krebs-verstehen\/#Chemotherapie_%E2%80%93_Fluch_und_Segen\" >Kemoter\u00e1pia \u2013 \u00e1tok \u00e9s \u00e1ld\u00e1s<\/a><ul class='ez-toc-list-level-3' ><li class='ez-toc-heading-level-3'><a class=\"ez-toc-link ez-toc-heading-10\" href=\"https:\/\/csiag.de\/hu\/blog\/2026\/04\/01\/krebs-verstehen\/#Wie_funktioniert_klassische_Chemotherapie\" >Hogyan m\u0171k\u00f6dik a klasszikus kemoter\u00e1pia?<\/a><\/li><li class='ez-toc-page-1 ez-toc-heading-level-3'><a class=\"ez-toc-link ez-toc-heading-11\" href=\"https:\/\/csiag.de\/hu\/blog\/2026\/04\/01\/krebs-verstehen\/#Das_Problem_der_Selektion\" >A szelekci\u00f3 probl\u00e9m\u00e1ja<\/a><\/li><\/ul><\/li><li class='ez-toc-page-1 ez-toc-heading-level-2'><a class=\"ez-toc-link ez-toc-heading-12\" href=\"https:\/\/csiag.de\/hu\/blog\/2026\/04\/01\/krebs-verstehen\/#Fasten_als_biologischer_Verstarker\" >Zs\u00edrsavak mint biol\u00f3giai er\u0151s\u00edt\u0151k<\/a><ul class='ez-toc-list-level-3' ><li class='ez-toc-heading-level-3'><a class=\"ez-toc-link ez-toc-heading-13\" href=\"https:\/\/csiag.de\/hu\/blog\/2026\/04\/01\/krebs-verstehen\/#Das_Prinzip_%E2%80%93_Differential_Stress_Resistance\" >Az elv \u2013 Differenci\u00e1lis fesz\u00fclts\u00e9g\u00e1ll\u00f3s\u00e1g<\/a><\/li><li class='ez-toc-page-1 ez-toc-heading-level-3'><a class=\"ez-toc-link ez-toc-heading-14\" href=\"https:\/\/csiag.de\/hu\/blog\/2026\/04\/01\/krebs-verstehen\/#Was_passiert_nach_dem_Fasten_%E2%80%93_wenn_gesunde_Zellen_%E2%80%9Eaufwachen%E2%80%9C\" >Mi t\u00f6rt\u00e9nik az \u00e9hez\u00e9s ut\u00e1n \u2013 amikor \u201efel\u00e9brednek\u201c az eg\u00e9szs\u00e9ges sejtek?<\/a><\/li><\/ul><\/li><li class='ez-toc-page-1 ez-toc-heading-level-2'><a class=\"ez-toc-link ez-toc-heading-15\" href=\"https:\/\/csiag.de\/hu\/blog\/2026\/04\/01\/krebs-verstehen\/#Adaptive_Therapie_%E2%80%93_Paradigmenwechsel\" >Adapt\u00edv Ter\u00e1pia \u2013 Paradigmat\u00edv\u00e1lt\u00e1s<\/a><ul class='ez-toc-list-level-3' ><li class='ez-toc-heading-level-3'><a class=\"ez-toc-link ez-toc-heading-16\" href=\"https:\/\/csiag.de\/hu\/blog\/2026\/04\/01\/krebs-verstehen\/#Den_Feind_nicht_ausrotten_sondern_beherrschen\" >Az ellens\u00e9get nem kiirtani, hanem leig\u00e1zni<\/a><\/li><\/ul><\/li><li class='ez-toc-page-1 ez-toc-heading-level-2'><a class=\"ez-toc-link ez-toc-heading-17\" href=\"https:\/\/csiag.de\/hu\/blog\/2026\/04\/01\/krebs-verstehen\/#Der_evolutionare_Doppelbind_%E2%80%93_Forschung_2026\" >Az evol\u00faci\u00f3s kett\u0151s k\u00f6t\u00e9s \u2013 Kutat\u00e1s 2026<\/a><ul class='ez-toc-list-level-3' ><li class='ez-toc-heading-level-3'><a class=\"ez-toc-link ez-toc-heading-18\" href=\"https:\/\/csiag.de\/hu\/blog\/2026\/04\/01\/krebs-verstehen\/#Metronomische_Chemotherapie\" >Metron\u00f3m chemot\u00f3pia<\/a><\/li><li class='ez-toc-page-1 ez-toc-heading-level-3'><a class=\"ez-toc-link ez-toc-heading-19\" href=\"https:\/\/csiag.de\/hu\/blog\/2026\/04\/01\/krebs-verstehen\/#Welche_Kliniken_bieten_metronomische_Chemo_an\" >Melyik klinik\u00e1k k\u00edn\u00e1lnak metron\u00f3m kemoter\u00e1pi\u00e1t?<\/a><\/li><\/ul><\/li><li class='ez-toc-page-1 ez-toc-heading-level-2'><a class=\"ez-toc-link ez-toc-heading-20\" href=\"https:\/\/csiag.de\/hu\/blog\/2026\/04\/01\/krebs-verstehen\/#Schlafende_Metastasen_%E2%80%93_wecken_und_eliminieren\" >Alv\u00f3 \u00e1tt\u00e9tek \u2013 fel\u00e9breszt\u00e9s \u00e9s elimin\u00e1l\u00e1s<\/a><ul class='ez-toc-list-level-3' ><li class='ez-toc-heading-level-3'><a class=\"ez-toc-link ez-toc-heading-21\" href=\"https:\/\/csiag.de\/hu\/blog\/2026\/04\/01\/krebs-verstehen\/#Was_halt_sie_im_Schlaf_%E2%80%93_was_weckt_sie_auf\" >Mi tartja \u0151ket \u00e1lomban \u2013 mi \u00e9breszti fel \u0151ket?<\/a><\/li><\/ul><\/li><li class='ez-toc-page-1 ez-toc-heading-level-2'><a class=\"ez-toc-link ez-toc-heading-22\" href=\"https:\/\/csiag.de\/hu\/blog\/2026\/04\/01\/krebs-verstehen\/#Apoptose_in_schlafenden_Zellen_auslosen\" >Apopt\u00f3zis induk\u00e1l\u00e1sa alv\u00f3 sejtekben<\/a><ul class='ez-toc-list-level-3' ><li class='ez-toc-heading-level-3'><a class=\"ez-toc-link ez-toc-heading-23\" href=\"https:\/\/csiag.de\/hu\/blog\/2026\/04\/01\/krebs-verstehen\/#BCL-2BAX-Gleichgewicht_%E2%80%93_mitochondrialer_Todesschalter\" >BCL-2\/BAX egyens\u00faly \u2013 mitokondri\u00e1lis hal\u00e1lkapcsol\u00f3<\/a><\/li><li class='ez-toc-page-1 ez-toc-heading-level-3'><a class=\"ez-toc-link ez-toc-heading-24\" href=\"https:\/\/csiag.de\/hu\/blog\/2026\/04\/01\/krebs-verstehen\/#TRAIL-Weg_%E2%80%93_der_externe_Todesruf\" >TRAIL-Weg \u2013 a k\u00fcls\u0151 hal\u00e1lh\u00f6rd\u00f6glet<\/a><\/li><li class='ez-toc-page-1 ez-toc-heading-level-3'><a class=\"ez-toc-link ez-toc-heading-25\" href=\"https:\/\/csiag.de\/hu\/blog\/2026\/04\/01\/krebs-verstehen\/#Autophagie-Hemmung_%E2%80%93_dem_Schlafer_den_Strom_abdrehen\" >Autof\u00e1gia g\u00e1tl\u00e1sa \u2013 lekapcsolni az \u00e1ramot az alv\u00f3hoz<\/a><\/li><\/ul><\/li><li class='ez-toc-page-1 ez-toc-heading-level-2'><a class=\"ez-toc-link ez-toc-heading-26\" href=\"https:\/\/csiag.de\/hu\/blog\/2026\/04\/01\/krebs-verstehen\/#Heilpilze_und_Naturstoffe_als_adjuvante_Wirkstoffe\" >Gy\u00f3gygomb\u00e1k \u00e9s term\u00e9szetes anyagok, mint adjuv\u00e1ns hat\u00f3anyagok<\/a><ul class='ez-toc-list-level-3' ><li class='ez-toc-heading-level-3'><a class=\"ez-toc-link ez-toc-heading-27\" href=\"https:\/\/csiag.de\/hu\/blog\/2026\/04\/01\/krebs-verstehen\/#Huaier_Trametes_robiniophila_Murr\" >Huaier (Trametes robiniophila Murr)<\/a><\/li><li class='ez-toc-page-1 ez-toc-heading-level-3'><a class=\"ez-toc-link ez-toc-heading-28\" href=\"https:\/\/csiag.de\/hu\/blog\/2026\/04\/01\/krebs-verstehen\/#Reishi_Ganoderma_lucidum\" >Reishi (Ganoderma lucidum)<\/a><\/li><li class='ez-toc-page-1 ez-toc-heading-level-3'><a class=\"ez-toc-link ez-toc-heading-29\" href=\"https:\/\/csiag.de\/hu\/blog\/2026\/04\/01\/krebs-verstehen\/#Weitere_adjuvante_Naturstoffe_im_Uberblick\" >Tov\u00e1bbi adjuv\u00e1ns term\u00e9szetes anyagok \u00e1ttekint\u00e9se<\/a><\/li><\/ul><\/li><li class='ez-toc-page-1 ez-toc-heading-level-2'><a class=\"ez-toc-link ez-toc-heading-30\" href=\"https:\/\/csiag.de\/hu\/blog\/2026\/04\/01\/krebs-verstehen\/#Intelligente_Gesamtstrategie_statt_Angriff\" >Intelligens \u00e1ltal\u00e1nos strat\u00e9gia t\u00e1mad\u00e1s helyett<\/a><ul class='ez-toc-list-level-3' ><li class='ez-toc-heading-level-3'><a class=\"ez-toc-link ez-toc-heading-31\" href=\"https:\/\/csiag.de\/hu\/blog\/2026\/04\/01\/krebs-verstehen\/#Praktischer_Rahmen_%E2%80%93_was_ist_adjuvant_sinnvoll\" >Gyakorlati keretrendszer \u2013 mi \u00e9rtelme van a mell\u00e9kesnek?<\/a><\/li><\/ul><\/li><\/ul><\/nav><\/div>\n<span class=\"span-reading-time rt-reading-time\" style=\"display: block;\"><span class=\"rt-label rt-prefix\">Olvas\u00e1si id\u0151<\/span> <span class=\"rt-time\"> 10<\/span> <span class=\"rt-label rt-postfix\">percek<\/span><\/span>\n<p>A r\u00e1k meg\u00e9rt\u00e9se az effekt\u00edv \u00e9s kev\u00e9s mell\u00e9khat\u00e1ssal j\u00e1r\u00f3, holisztikus, \u00e1tfog\u00f3 ter\u00e1pia alapja.<\/p>\n\n\n\n<p>Ha a mechanizmusokat gondolatilag felm\u00e9rj\u00fck, \u00e9s az \u00e1ltal specifikus t\u00e9nyeket ismerj\u00fck, akkor c\u00e9lzott ter\u00e1pi\u00e1k fejleszthet\u0151k, amelyek a keletkez\u00e9st\u0151l, az \u00e1tt\u00e9tk\u00e9pz\u0151d\u00e9sen \u00e1t az \u00faj ter\u00e1pi\u00e1s megk\u00f6zel\u00edt\u00e9sekig minden szempontot figyelembe vesznek.<\/p>\n\n\n\n<h2 class=\"wp-block-heading\"><span class=\"ez-toc-section\" id=\"Was_ist_Krebs\"><\/span>Mi a r\u00e1k?<span class=\"ez-toc-section-end\"><\/span><\/h2>\n\n\n\n<p>A test minden egyes sejtje egy prec\u00edz szab\u00e1lyrendszert k\u00f6vet: n\u00f6vekszik, oszt\u00f3dik, bet\u00f6lti a feladat\u00e1t, \u00e9s v\u00e9g\u00fcl rendezetten elpusztul, hogy helyet teremtsen az \u00faj, eg\u00e9szs\u00e9ges sejteknek. Ez a szab\u00e1lyrendszer naponta milli\u00e1rdnyi alkalommal akad\u00e1lytalanul m\u0171k\u00f6dik.<br>Ha egy sejt nem tartja be ezeket a szab\u00e1lyokat, pontosan ebben a pillanatban r\u00e1k alakul ki.<\/p>\n\n\n\n<h3 class=\"wp-block-heading\"><span class=\"ez-toc-section\" id=\"Mutationen_im_Erbgut\"><\/span>Mut\u00e1ci\u00f3k az \u00f6r\u00f6k\u00edt\u0151anyagban<span class=\"ez-toc-section-end\"><\/span><\/h3>\n\n\n\n<p>Minden egyes testsejt\u00fcnk a magj\u00e1ban hordozza az \u00e9let teljes \u00e9p\u00edt\u00e9si \u00fatmutat\u00f3j\u00e1t, a DNS-t (r\u00f6vid\u00edt\u00e9se az angolnak). <em>dezoxiribonukleinsav<\/em>).<br>Az ilyen DNS-k\u00e1rosod\u00e1sokat mut\u00e1ci\u00f3nak nevezz\u00fck. A legt\u00f6bb esetben a sejt maga ismeri fel ezeket a hib\u00e1kat, \u00e9s kijav\u00edtja azokat, vagy ha a jav\u00edt\u00e1si mechanizmus kudarcot vall, akkor a sejt elind\u00edtja a saj\u00e1t, programozott sejthal\u00e1l\u00e1t<em>Apopt\u00f3zis<\/em>ennek hat\u00e1s\u00e1ra az elfajzott sejtek oszt\u00f3d\u00e1sa meg\u00e1ll.<\/p>\n\n\n\n<p>Ahhoz, hogy r\u00e1k alakuljon ki, <strong>k\u00e9tf\u00e9le szab\u00e1lyoz\u00f3 g\u00e9n<\/strong> egyszerre kudarcot vall<\/p>\n\n\n\n<ul class=\"wp-block-list\">\n<li><strong>Proto-onkog\u00e9n <\/strong><br>mut\u00e1ci\u00f3 r\u00e9v\u00e9n tart\u00f3san aktiv\u00e1lt n\u00f6veked\u00e9si motorokk\u00e1 v\u00e1lnak, mint egy beragadt \u201eg\u00e1zped\u00e1l\u201c, amely nem enged el.\".<\/li>\n\n\n\n<li><strong>Tumorszuppresszor g\u00e9n<\/strong><br>(pl. p53, BRCA1\/2) \u00e1ltal\u00e1ban a sejtoszt\u00f3d\u00e1s \u201ef\u00e9k\u00e9t\u201c jelentik: ha ezek meghib\u00e1sodnak, megsz\u0171nik a kontroll, \u00e9s a sejtoszt\u00f3d\u00e1s felgyorsul.<\/li>\n<\/ul>\n\n\n\n<h3 class=\"wp-block-heading\"><span class=\"ez-toc-section\" id=\"Ursachen_fur_diese_Schaden\"><\/span>Ennek a k\u00e1rnak az okai<span class=\"ez-toc-section-end\"><\/span><\/h3>\n\n\n\n<figure class=\"wp-block-table\"><table class=\"has-fixed-layout\"><tbody><tr><td><strong>Kateg\u00f3ria<\/strong><\/td><td><strong>P\u00e9ld\u00e1k<\/strong><\/td><td><strong>\u00c9rintett r\u00e1kt\u00edpusok<\/strong><\/td><\/tr><tr><td>Vegyi anyagok<\/td><td>Doh\u00e1nyf\u00fcst, azbeszt, benzol, alkohol<\/td><td>T\u00fcd\u0151, m\u00e1j, vese, torok<\/td><\/tr><tr><td>Sug\u00e1rz\u00e1s<\/td><td>UV-f\u00e9ny, r\u00f6ntgensug\u00e1rz\u00e1s, radon<\/td><td>B\u0151rr\u00e1k, leuk\u00e9mia<\/td><\/tr><tr><td>Biol\u00f3giai<\/td><td>HPV-v\u00edrus, Helicobacter pylori<\/td><td>M\u00e9hnyak-, gyomorr\u00e1k<\/td><\/tr><tr><td>Kr\u00f3nikus gyullad\u00e1s<\/td><td>Crohn-betegs\u00e9g, kr\u00f3nikus colitis<\/td><td>Vastagb\u00e9lr\u00e1k<\/td><\/tr><tr><td>Genetikai hajlam<\/td><td>BRCA1\/2 mut\u00e1ci\u00f3k, Lynch-szindr\u00f3ma<\/td><td>Mell-, petef\u00e9szek-, b\u00e9lr\u00e1k<\/td><\/tr><tr><td>Kor<\/td><td>Felhalmoz\u00f3dott mut\u00e1ci\u00f3k \u00e9vtizedek alatt<\/td><td>Szinte minden r\u00e1kt\u00edpus<\/td><\/tr><\/tbody><\/table><\/figure>\n\n\n\n<blockquote class=\"wp-block-quote is-layout-flow wp-block-quote-is-layout-flow\">\n<p>A r\u00e1k nem idegen betolakod\u00f3, mint egy bakt\u00e9rium vagy v\u00edrus, hanem a saj\u00e1t sejtekb\u0151l alakul ki.<br>A probl\u00e9m\u00e1k: Az immunrendszernek meg kell tanulnia k\u00fcl\u00f6nbs\u00e9get tenni az \u201eeg\u00e9szs\u00e9ges\u201c \u00e9s a \u201ebeteg\u201c \u00e9nje k\u00f6z\u00f6tt, \u00e9s a ter\u00e1pi\u00e1knak el kell tal\u00e1lniuk a daganatsejteket an\u00e9lk\u00fcl, hogy a v\u00f6r\u00f6s v\u00e9rsejteket elpuszt\u00edtan\u00e1k.<\/p>\n<\/blockquote>\n\n\n\n<h2 class=\"wp-block-heading\"><span class=\"ez-toc-section\" id=\"Warum_Krebs_sich_verhalt_wie_Du_und_ich\"><\/span>Mi\u00e9rt viselkedik a r\u00e1k \u00fagy, mint te \u00e9s \u00e9n<span class=\"ez-toc-section-end\"><\/span><\/h2>\n\n\n\n<p>Ez a r\u00e1kbiol\u00f3gia egyik legleny\u0171g\u00f6z\u0151bb \u2013 \u00e9s legijeszt\u0151bb \u2013 aspektusa. B\u00e1r a r\u00e1kos sejteknek nincs sem akaratuk, sem tudatuk, sem sz\u00e1nd\u00e9kuk, mindig arra t\u00f6rekszenek, hogy t\u00fal\u00e9ljenek \u00e9s terjeszkedjenek.<\/p>\n\n\n\n<h3 class=\"wp-block-heading\"><span class=\"ez-toc-section\" id=\"Naturliche_Selektion_im_Kleinen\"><\/span>Term\u00e9szetes szelekci\u00f3 kicsiben<span class=\"ez-toc-section-end\"><\/span><\/h3>\n\n\n\n<p><em>Charles Darwin<\/em> le\u00edrta, hogyan maradnak fenn \u00e9s szaporodnak a term\u00e9szetben pontosan azok az egyedek, amelyek a legjobban alkalmazkodtak k\u00f6rnyezet\u00fckh\u00f6z.<br>Ugyan\u00edgy tesznek a daganatsejtek is: v\u00e9letlenszer\u0171en mut\u00e1l\u00f3dnak, \u00e9s alkalmank\u00e9nt egy olyan mut\u00e1ci\u00f3 j\u00f6n l\u00e9tre, amely t\u00fal\u00e9l\u00e9si el\u0151nyt biztos\u00edt a sejtnek, p\u00e9ld\u00e1ul az\u00e1ltal, hogy gyorsabban oszt\u00f3dik, elker\u00fcli az immunrendszert, vagy ak\u00e1r oxig\u00e9nhi\u00e1nyban is t\u00fal\u00e9l. Ez a sejt domin\u00e1l, \u00e9s tulajdons\u00e1gait minden le\u00e1nysejtnek tov\u00e1bbadja.<\/p>\n\n\n\n<p>Az evol\u00faci\u00f3biol\u00f3gus <em>Athena Aktipis<\/em> r\u00e1kot tal\u00e1l\u00f3an \u00fagy jellemez, mint <em>\u201er\u00e9gi k\u00f3d aktiv\u00e1l\u00e1sa\u201c<\/em>Az egysejt\u0171 \u00e9let kezdeti \u00e1llapot\u00e1ban hasznos t\u00fal\u00e9l\u00e9si strat\u00e9gi\u00e1k visszat\u00e9rnek egy t\u00f6bbsejt\u0171 szervezetben, ami \u00e1rtalmas r\u00e1juk.<\/p>\n\n\n\n<blockquote class=\"wp-block-quote is-layout-flow wp-block-quote-is-layout-flow\">\n<p>A norm\u00e1lis sejtviselked\u00e9s az egy\u00fcttm\u0171k\u00f6d\u00e9sen alapul. Minden sejt lemond a m\u00e9rt\u00e9ktelen n\u00f6veked\u00e9sr\u0151l a szervezet jav\u00e1ra, \u00e9s betartja a szab\u00e1lyokat.<br>A r\u00e1kos sejt azonban visszat\u00e9r egy \u0151si \u00e1llapotba: N\u00f6vekedj, oszd magad, \u00e9ld t\u00fal, \u2013 b\u00e1rmi \u00e1r\u00e1n.<br>Nem egy hiba ellen k\u00fczd\u00fcnk, hanem az \u00e9let alapvet\u0151 logik\u00e1ja ellen.<\/p>\n<\/blockquote>\n\n\n\n<h2 class=\"wp-block-heading\"><span class=\"ez-toc-section\" id=\"Metastasierung_%E2%80%93_Krebs_auf_Reisen\"><\/span>Metaszt\u00e1zis \u2013 R\u00e1k \u00fatk\u00f6zben<span class=\"ez-toc-section-end\"><\/span><\/h2>\n\n\n\n<p>Az els\u0151dleges daganat, vagyis az eredeti r\u00e1k a keletkez\u00e9si hely\u00e9n, \u00e1ltal\u00e1ban nem a t\u00e9nyleges probl\u00e9ma. A r\u00e1khal\u00e1loz\u00e1sok t\u00f6bb mint 90 sz\u00e1zal\u00e9ka nem az els\u0151dleges daganatnak tulajdon\u00edthat\u00f3, hanem m\u00e1s szervekbe t\u00f6rt\u00e9n\u0151 \u00e1tt\u00e9teinek: az \u00e1tt\u00e9teknek.<\/p>\n\n\n\n<h3 class=\"wp-block-heading\"><span class=\"ez-toc-section\" id=\"Wie_Metastasierung_entsteht\"><\/span>A metaszt\u00e1zis kialakul\u00e1sa<span class=\"ez-toc-section-end\"><\/span><\/h3>\n\n\n\n<ul class=\"wp-block-list\">\n<li><strong>Helyi inv\u00e1zi\u00f3<\/strong><br>A daganatsejtek enzimeket termelnek<em>M\u00e1trixmetalloprotein\u00e1zok<\/em>amelyek a k\u00f6rnyez\u0151 sz\u00f6veteket old\u00f3szerk\u00e9nt feloldj\u00e1k, \u00e9s eredeti elhelyezked\u00e9s\u00fckb\u0151l kiszak\u00edtj\u00e1k \u0151ket.<\/li>\n\n\n\n<li><strong>Bel\u00e9p\u00e9s a v\u00e9rbe<\/strong><br>A daganatsejtek behatolnak a v\u00e9r- vagy nyirokerekbe, \u00e9s kering\u0151 daganatsejtekk\u00e9nt (angolul CTC-k,<em>Kering\u0151 tumorsejtek<\/em>) a v\u00e9r\u00e1ramban.<\/li>\n\n\n\n<li><strong>T\u00fal\u00e9l\u00e9s a v\u00e9r\u00e1ramban<\/strong><br>A legt\u00f6bb daganatsejt elpusztul, de a legellen\u00e1ll\u00f3bbak t\u00fal\u00e9lnek\u2026<\/li>\n\n\n\n<li><strong>Leteleped\u00e9s<\/strong><br>T\u00fal\u00e9l\u0151 sejtek kil\u00e9pnek a v\u00e9r\u00e1ramb\u00f3l, behatolnak egy idegen szervbe, \u00e9s gyakran \u00e9vekig tart\u00f3 v\u00e1rakoz\u00e1s ut\u00e1n n\u00f6vekedni kezdenek.<\/li>\n<\/ul>\n\n\n\n<h3 class=\"wp-block-heading\"><span class=\"ez-toc-section\" id=\"Wann_und_warum_beginnt_die_Metastasierung\"><\/span>A metaszt\u00e1zis akkor kezd\u0151dik, amikor a r\u00e1kos sejtek lev\u00e1lnak az els\u0151dleges daganatr\u00f3l, bejutnak a v\u00e9r- vagy nyirokrendszerbe, \u00e9s elterjednek a test m\u00e1s r\u00e9szeire. Ez egy \u00f6sszetett folyamat, amelynek pontos id\u0151z\u00edt\u00e9se \u00e9s okai f\u00fcggenek a r\u00e1k t\u00edpus\u00e1t\u00f3l, az egy\u00e9n eg\u00e9szs\u00e9gi \u00e1llapot\u00e1t\u00f3l \u00e9s m\u00e1s t\u00e9nyez\u0151kt\u0151l.<span class=\"ez-toc-section-end\"><\/span><\/h3>\n\n\n\n<p>Az \u00e1tt\u00e9tk\u00e9pz\u0151d\u00e9s nem v\u00e9letlenszer\u0171 folyamat, hanem stressz v\u00e1ltja ki. Amikor a daganat nyom\u00e1s al\u00e1 ker\u00fcl, \u201efelder\u00edt\u0151ket\u201c k\u00fcld ki (mert att\u00f3l tart, hogy elhal, \u00e9s \u00e9letben akar maradni), ez\u00e9rt:<\/p>\n\n\n\n<ul class=\"wp-block-list\">\n<li><strong>Oxig\u00e9nhi\u00e1ny (hipoxia)<\/strong><br>gyorsabban n\u0151, mint a v\u00e9rell\u00e1t\u00e1sa, ez\u00e9rt azok a sejtek, amelyek t\u00fal kev\u00e9s oxig\u00e9nt kapnak, menek\u00fcl\u00e9si programokat aktiv\u00e1lnak \u00e9s elv\u00e1ndorolnak.<\/li>\n\n\n\n<li><strong>Immunangriff<\/strong><br>a t\u00e1mad\u00f3 immunrendszert megker\u00fcli, \u00e9s a sejtek m\u00e1shol mened\u00e9ket keresnek. Azok, akiknek ez siker\u00fcl, a legellen\u00e1ll\u00f3bbak, \u00e9s \u00edgy m\u00e9g nehezebben t\u00e1madhat\u00f3k.<\/li>\n\n\n\n<li><strong>T\u00e1panyaghi\u00e1ny<\/strong><br>\u201ejobb\u201c nisht keresnek a testben, hogy elker\u00fclj\u00e9k a t\u00e1panyaghi\u00e1nyt.<\/li>\n\n\n\n<li><strong>Ter\u00e1pi\u00e1s stressz<\/strong><br>gyorsan kiv\u00e1ltja az \u00e1tt\u00e9tes rohamokat, amikor a kem\u00e9ny kemoter\u00e1pia miatt l\u00e9tfontoss\u00e1g\u00fa sz\u00fcks\u00e9gbe ker\u00fcl.<\/li>\n<\/ul>\n\n\n\n<blockquote class=\"wp-block-quote is-layout-flow wp-block-quote-is-layout-flow\">\n<p>A tumorsejtek egy nyom\u00e1s alatt l\u00e9v\u0151 szervet ut\u00e1noznak: min\u00e9l er\u0151sebb a t\u00e1mad\u00e1s (pl. kem\u00f3, immunrendszer, t\u00e1panyaghi\u00e1ny), ann\u00e1l er\u0151sebb a t\u00fal\u00e9l\u00e9shez sz\u00fcks\u00e9ges terjeszked\u00e9s (metaszt\u00e1zis) impulzusa.<br>Ez megmagyar\u00e1zza, mi\u00e9rt d\u00f6nt\u0151 a ter\u00e1pia t\u00edpusa \u00e9s intenzit\u00e1sa.<\/p>\n<\/blockquote>\n\n\n\n<h2 class=\"wp-block-heading\"><span class=\"ez-toc-section\" id=\"Chemotherapie_%E2%80%93_Fluch_und_Segen\"><\/span>Kemoter\u00e1pia \u2013 \u00e1tok \u00e9s \u00e1ld\u00e1s<span class=\"ez-toc-section-end\"><\/span><\/h2>\n\n\n\n<p>A kemoter\u00e1pia \u00e9vtizedek \u00f3ta a r\u00e1kgy\u00f3gy\u00e1szat leger\u0151sebb eszk\u00f6ze. \u00c9letet ment, de van egy biol\u00f3giailag megmagyar\u00e1zhat\u00f3 Achilles-sarka is, amelyet a klasszikus onkol\u00f3gi\u00e1ban sok\u00e1ig al\u00e1becs\u00fcltek.<\/p>\n\n\n\n<h3 class=\"wp-block-heading\"><span class=\"ez-toc-section\" id=\"Wie_funktioniert_klassische_Chemotherapie\"><\/span>Hogyan m\u0171k\u00f6dik a klasszikus kemoter\u00e1pia?<span class=\"ez-toc-section-end\"><\/span><\/h3>\n\n\n\n<p>A kemoter\u00e1pi\u00e1s szerek egy olyan konkr\u00e9t tulajdons\u00e1gra ir\u00e1nyulnak, ami megk\u00fcl\u00f6nb\u00f6zteti a daganatsejteket az eg\u00e9szs\u00e9gesekt\u0151l: azok ellen\u0151rizetlen\u00fcl \u00e9s gyorsan oszt\u00f3dnak. <br>A kemoter\u00e1pi\u00e1s hat\u00f3anyagok el\u0151nyben r\u00e9szes\u00edtik a gyorsan oszt\u00f3d\u00f3 sejtek elpuszt\u00edt\u00e1s\u00e1t.<br>Azonban: A testben sok eg\u00e9szs\u00e9ges sejt is gyorsan oszt\u00f3dik, mint p\u00e9ld\u00e1ul a csontvel\u0151ben, a b\u00e9lny\u00e1lkah\u00e1rty\u00e1ban, a hajhagym\u00e1kban, az immunsejtekben, amib\u0151l a kemoter\u00e1pia ismert mell\u00e9khat\u00e1sai sz\u00e1rmaznak, mint p\u00e9ld\u00e1ul hajhull\u00e1s, h\u00e1nyinger, legyeng\u00fclt immunrendszer.<\/p>\n\n\n\n<h3 class=\"wp-block-heading\"><span class=\"ez-toc-section\" id=\"Das_Problem_der_Selektion\"><\/span>A szelekci\u00f3 probl\u00e9m\u00e1ja<span class=\"ez-toc-section-end\"><\/span><\/h3>\n\n\n\n<p>A klasszikus megk\u00f6zel\u00edt\u00e9s kritikus biol\u00f3giai t\u00e9ved\u00e9se a saj\u00e1t logik\u00e1j\u00e1ban rejlik: <strong>Maxim\u00e1lis adag a lehet\u0151 legt\u00f6bb tumorell\u0151 sejtek elpuszt\u00edt\u00e1s\u00e1ra.<\/strong> Ez \u00e9rtelmesnek hangzik, de nem veszi figyelembe a kor\u00e1bban le\u00edrt evol\u00faci\u00f3s dinamik\u00e1t:<\/p>\n\n\n\n<ul class=\"wp-block-list\">\n<li>A daganatban mindig van egy kis kisebbs\u00e9gnyi sejt, amely term\u00e9szet\u00e9b\u0151l fogva ellen\u00e1ll\u00f3bb.<\/li>\n\n\n\n<li>A nagy d\u00f3zis\u00fa kemoter\u00e1pia elpuszt\u00edtja az \u00f6sszes \u00e9rz\u00e9keny sejtet, csak az ellen\u00e1ll\u00f3ak maradnak \u00e9letben.<\/li>\n\n\n\n<li>Most hi\u00e1nyzik a verseny, ami lehet\u0151v\u00e9 teszi az ellen\u00e1ll\u00f3 sejtek akad\u00e1lytalan terjed\u00e9s\u00e9t.<\/li>\n\n\n\n<li>A k\u00f6vetkez\u0151 daganat szinte csak rezisztens sejtekb\u0151l \u00e1ll, \u00edgy nehezebben kezelhet\u0151, mint valaha.<\/li>\n<\/ul>\n\n\n\n<p>A kutat\u00f3k ezt a hat\u00e1st nevezik <strong>\u201eVersenyk\u00e9pes kibocs\u00e1t\u00e1s\u201c<\/strong>A ter\u00e1pia \u00e1ltal megsz\u00fcntetett rivaliz\u00e1l\u00e1s a rezisztens \u00e9s a rezisztens sejtek k\u00f6z\u00f6tt \u2013 ez az ellen\u00e1ll\u00f3knak kedvez.<\/p>\n\n\n\n<blockquote class=\"wp-block-quote is-layout-flow wp-block-quote-is-layout-flow\">\n<p>N\u00e9h\u00e1ny r\u00e1kt\u00edpusn\u00e1l, pl. heretumorokn\u00e1l, limf\u00f3m\u00e1kn\u00e1l, leuk\u00e9mi\u00e1kn\u00e1l a kemoter\u00e1pia gy\u00f3gy\u00edt\u00f3.<br>K\u00fcl\u00f6n\u00f6sen probl\u00e9m\u00e1s az alkalmaz\u00e1sa el\u0151rehaladott szolid daganatok eset\u00e9ben, maxim\u00e1lis d\u00f3zis\u00fa protokollokkal, mivel itt a szelekci\u00f3s hat\u00e1sok gyakran fel\u00fclm\u00falj\u00e1k a sz\u00e1nd\u00e9kolt el\u0151nyt.<\/p>\n<\/blockquote>\n\n\n\n<h2 class=\"wp-block-heading\"><span class=\"ez-toc-section\" id=\"Fasten_als_biologischer_Verstarker\"><\/span>Zs\u00edrsavak mint biol\u00f3giai er\u0151s\u00edt\u0151k<span class=\"ez-toc-section-end\"><\/span><\/h2>\n\n\n\n<p>Az elm\u00falt \u00e9vek r\u00e1kkutat\u00e1s\u00e1nak egyik legmeglep\u0151bb felfedez\u00e9se: a kemoter\u00e1pia el\u0151tt \u00e9s alatt tartott, egyenk\u00e9nt k\u00f6r\u00fclbel\u00fcl 9 \u00f3r\u00e1s r\u00f6vid b\u00f6jtperi\u00f3dusok jelent\u0151sen n\u00f6velhetik a kezel\u00e9s hat\u00e9konys\u00e1g\u00e1t, mik\u00f6zben v\u00e9dik az eg\u00e9szs\u00e9ges sejteket.<\/p>\n\n\n\n<h3 class=\"wp-block-heading\"><span class=\"ez-toc-section\" id=\"Das_Prinzip_%E2%80%93_Differential_Stress_Resistance\"><\/span>Az elv \u2013 Differenci\u00e1lis fesz\u00fclts\u00e9g\u00e1ll\u00f3s\u00e1g<span class=\"ez-toc-section-end\"><\/span><\/h3>\n\n\n\n<p>El\u0151sz\u00f6r ellentmond\u00e1sosnak t\u0171nik. A kutat\u00f3 <em>Valter Longo<\/em> (University of Southern California) \u00f6sszehasonl\u00edt\u00e1sk\u00e9ppen \u00edgy \u00edrta le:<\/p>\n\n\n\n<figure class=\"wp-block-table\"><table class=\"has-fixed-layout\"><tbody><tr><td><strong>Eg\u00e9szs\u00e9ges sejt b\u00f6jt\u00f6l\u00e9skor<\/strong><br>\u2013 \u00e1tmegy k\u00e9szenl\u00e9ti m\u00f3dba<br>\u2013 le\u00e1ll a sejtoszt\u00f3d\u00e1s<br>\u2013 aktiv\u00e1lja a jav\u00edt\u00e1si programokat<br>\u2013 kev\u00e9sb\u00e9 \u00e9rz\u00e9keny a kemotoxikumokra<br>\u2013 gyorsan regener\u00e1l\u00f3dik b\u00f6jt ut\u00e1n<\/td><td><strong>Daganatsejt b\u00f6jt\u00f6l\u00e9skor<\/strong><br>\u2013 nem tud abbahagyni a n\u00f6veked\u00e9st<br>\u2013 akt\u00edv \u00e9s oszt\u00f3d\u00f3k\u00e9pes marad<br>\u2013 nincs v\u00e9delmi m\u00f3d<br>\u2013 k\u00e9moter\u00e1pi\u00e1ra m\u00e9g s\u00e9r\u00fcl\u00e9kenyebb lesz<br>\u2013 nem tudja ellens\u00falyozni a b\u00f6jt stressz\u00e9t<\/td><\/tr><\/tbody><\/table><\/figure>\n\n\n\n<p>Ez az aszimmetrikus hat\u00e1s tudom\u00e1nyosan megalapozott. A DIRECT (de Groot, Longo et al., Nature Communications 2020) elnevez\u00e9s\u0171 randomiz\u00e1lt, 2. f\u00e1zis\u00fa, 131 eml\u0151r\u00e1kos beteg r\u00e9szv\u00e9tel\u00e9vel v\u00e9gzett vizsg\u00e1lat kimutatta:<br>Egy FMD (<em>b\u00f6jt\u00f6t ut\u00e1nz\u00f3 \u00e9trend <\/em>\u2013 kal\u00f3riacs\u00f6kkentett n\u00f6v\u00e9nyi \u00e9trenddel), amely a testet b\u00f6jt \u00fczemm\u00f3dba \u00e1ll\u00edtja, h\u00e1rom-n\u00e9gyszeres\u00e9re (90-100% ar\u00e1nyban) n\u00f6velte a teljes vagy nagym\u00e9rt\u00e9k\u0171 daganatpusztul\u00e1s val\u00f3sz\u00edn\u0171s\u00e9g\u00e9t a norm\u00e1l \u00e9trendhez k\u00e9pest.<\/p>\n\n\n\n<p><strong>Forr\u00e1s<\/strong>:<\/p>\n\n\n\n<ul class=\"wp-block-list\">\n<li>de Groot Stefanie, \u00e9s mtsai \u2013 2020.06.23. \u2013 <a href=\"https:\/\/www.nature.com\/articles\/s41467-020-16138-3\" target=\"_blank\" rel=\"noreferrer noopener\">A b\u00f6jt\u00f6t imit\u00e1l\u00f3 di\u00e9ta mint kieg\u00e9sz\u00edt\u0151 kezel\u00e9s az eml\u0151r\u00e1k neoadjuv\u00e1ns kemoter\u00e1pi\u00e1ja mellett a t\u00f6bbk\u00f6zpont\u00fa, randomiz\u00e1lt DIRECT 2. f\u00e1zis\u00fa vizsg\u00e1latban<\/a><\/li>\n\n\n\n<li>Finicle Brendan T. \u2013 2018.10. \u2013 <a href=\"https:\/\/pubmed.ncbi.nlm.nih.gov\/30097614\/\" target=\"_blank\" rel=\"noreferrer noopener\">T\u00e1panyag-visszanyer\u00e9s r\u00e1kban<\/a><\/li>\n<\/ul>\n\n\n\n<h3 class=\"wp-block-heading\"><span class=\"ez-toc-section\" id=\"Was_passiert_nach_dem_Fasten_%E2%80%93_wenn_gesunde_Zellen_%E2%80%9Eaufwachen%E2%80%9C\"><\/span>Mi t\u00f6rt\u00e9nik az \u00e9hez\u00e9s ut\u00e1n \u2013 amikor \u201efel\u00e9brednek\u201c az eg\u00e9szs\u00e9ges sejtek?<span class=\"ez-toc-section-end\"><\/span><\/h3>\n\n\n\n<p>Az eg\u00e9szs\u00e9ges sejtek t\u00e1pl\u00e1lkoz\u00e1s ut\u00e1n \u00e9brednek, m\u00edg a daganatos sejtek a kemoter\u00e1pia miatt k\u00e1rosodtak, \u00e9s lassabban regener\u00e1l\u00f3dnak. Ebben az id\u0151ablakban a szervezet el\u0151nyben van, \u00e9s meger\u0151s\u00edtve \u00fajra aktiv\u00e1lhatja immunrendszer\u00e9t:<\/p>\n\n\n\n<ul class=\"wp-block-list\">\n<li><strong>Immunfiatal\u00edt\u00e1s<\/strong><br>Az \u00e9hez\u00e9s induk\u00e1lja az autof\u00e1gi\u00e1t, amely sor\u00e1n a sejtek lebontj\u00e1k az \u00f6reg, diszfunkcion\u00e1lis immunsejteket, mik\u00f6zben az \u00e9trend \u00fajrafelv\u00e9tele ut\u00e1n \u00faj, friss sejtek keletkeznek. <em>T-sejtek<\/em> \u00e9s <em>NK sejtek<\/em> (term\u00e9szetes \u00f6l\u0151sejtek), amelyek agressz\u00edvebben reag\u00e1lhatnak a daganatsejtekre.<\/li>\n\n\n\n<li><strong>K\u00f6rnyezet normaliz\u00e1l\u00e1sa<\/strong><br><em>IGF-1<\/em> (n\u00f6veked\u00e9si hormon) \u00e9s az inzulinszint cs\u00f6kken, ami kedvez a daganatn\u00f6veked\u00e9s g\u00e1tl\u00e1s\u00e1nak, mert az autof\u00e1gi\u00e1t el\u0151seg\u00edti. Az \u00e9hez\u00e9s ut\u00e1n ezek az \u00e9rt\u00e9kek \u00e1tmenetileg alacsonyak maradnak.<\/li>\n\n\n\n<li><strong>Nincs t\u00f6bb stresszjelz\u00e9s<\/strong><br>Az eg\u00e9szs\u00e9ges sejtek m\u00e1r nem k\u00fcldenek stresszjelz\u00e9seket, amelyek tumorsejteket ind\u00edthatn\u00e1nak el az \u00e1tt\u00e9tk\u00e9pz\u00e9sre.<\/li>\n<\/ul>\n\n\n\n<h2 class=\"wp-block-heading\"><span class=\"ez-toc-section\" id=\"Adaptive_Therapie_%E2%80%93_Paradigmenwechsel\"><\/span>Adapt\u00edv Ter\u00e1pia \u2013 Paradigmat\u00edv\u00e1lt\u00e1s<span class=\"ez-toc-section-end\"><\/span><\/h2>\n\n\n\n<p><em>Robert Gatenby<\/em>, kutat\u00f3k a <em>Moffitt R\u00e1kcenter Tampa<\/em> (Florida), felmer\u00fclt egy eretnek k\u00e9rd\u00e9s: <em>Mi lenne, ha a c\u00e9l nem a daganat elpuszt\u00edt\u00e1sa lenne, hanem a kontroll\u00e1l\u00e1sa?<\/em><\/p>\n\n\n\n<h3 class=\"wp-block-heading\"><span class=\"ez-toc-section\" id=\"Den_Feind_nicht_ausrotten_sondern_beherrschen\"><\/span>Az ellens\u00e9get nem kiirtani, hanem leig\u00e1zni<span class=\"ez-toc-section-end\"><\/span><\/h3>\n\n\n\n<p>A klasszikus strat\u00e9gi\u00e1ban maxim\u00e1lis er\u0151vel harcolunk, am\u00edg a daganat elpusztul, vagy rezisztens sejtek \u00e1tveszik az uralmat. <em>Gatenby<\/em> valami m\u00e1st javasol: A daganatsejtek stabil, kontroll\u00e1lt daganat \u00e1llapot\u00e1t, kezelhet\u0151 egyens\u00faly\u00e1t kapj\u00e1k.<\/p>\n\n\n\n<p>A m\u00f6g\u00f6ttes logika: A daganatban \u00e9rz\u00e9keny \u00e9s rezisztens r\u00e1kos sejtek versengenek az er\u0151forr\u00e1sok\u00e9rt. Az \u00e9rz\u00e9keny sejtek sz\u00e1mszer\u0171en nagyobbak \u00e9s \u00e9letk\u00e9pesebbek, mindaddig, am\u00edg azokat nem puszt\u00edtj\u00e1k el (l\u00f6k\u00e9sszer\u0171en magas d\u00f3zis\u00fa kem\u00f3val). Ha egy alacsonyabb d\u00f3zis\u00fa kemoter\u00e1pi\u00e1s kezel\u00e9st sz\u00fcneteltetnek, amikor a daganat zsugorodik, az \u00e9rz\u00e9keny sejtek \u00e9letben maradnak, \u00e9s f\u00e9ken tartj\u00e1k a rezisztens sejteket. A daganat megmarad, de nincs n\u00f6veked\u00e9si \u00f6szt\u00f6nz\u0151je, \u00e9s \u00edgy kontroll alatt van.<\/p>\n\n\n\n<p><strong>Klinikai tanulm\u00e1ny eredm\u00e9nyei \u2013 Moffitt R\u00e1kkutat\u00f3 K\u00f6zpont<\/strong><br>Egy k\u00eds\u00e9rleti tanulm\u00e1nyban (Nature Communications 2017 \u00e9s eLife 2022 (NCT02415621)) 17, \u00e1tt\u00e9tes prosztatar\u00e1kban szenved\u0151 beteg eset\u00e9ben <em>Abirateron<\/em> (egy hormonp\u00f3tl\u00f3 ter\u00e1pi\u00e1s szer) nem folyamatosan, hanem csak akkor adj\u00e1k, amikor a <em>PSA<\/em>-Wert (tumormarker) emelkedett, sz\u00fcnetelt, ha elegend\u0151en cs\u00f6kkent.<br>Hat \u00e9ve tart\u00f3 megfigyel\u00e9s ut\u00e1n a meggy\u0151z\u0151 eredm\u00e9ny:<\/p>\n\n\n\n<ul class=\"wp-block-list\">\n<li><strong>Medi\u00e1n progresszi\u00f3-mentes t\u00fal\u00e9l\u00e9s<\/strong><br>33,5 h\u00f3nap (a standard ter\u00e1pia 14,3 h\u00f3napj\u00e1val szemben)<\/li>\n\n\n\n<li><strong>Kumulat\u00edv gy\u00f3gyszerd\u00f3zis<\/strong><br>um 60% cs\u00f6kkentve<\/li>\n\n\n\n<li><strong>El\u0151ny<\/strong><br>A modell szerint a kontrollcsoport minden p\u00e1ciense profit\u00e1lt az adapt\u00edv ter\u00e1pi\u00e1b\u00f3l.<\/li>\n<\/ul>\n\n\n\n<p><strong>Forr\u00e1sok<\/strong>:<\/p>\n\n\n\n<ul class=\"wp-block-list\">\n<li>Jingsong Zhang, e.a. \u2013 2017.11.28. \u2013 <a href=\"https:\/\/www.nature.com\/articles\/s41467-017-01968-5\" target=\"_blank\" rel=\"noreferrer noopener\">Az evol\u00faci\u00f3s dinamika integr\u00e1l\u00e1sa a metasztatikus kasztr\u00e1ci\u00f3rezisztens prosztatar\u00e1k kezel\u00e9s\u00e9be<\/a><\/li>\n\n\n\n<li>Jingsong Zhang et al. \u2013 2022.06.28. \u2013 <a href=\"http:\/\/Evolution-based mathematical models significantly prolong response to abiraterone in metastatic castrate-resistant prostate cancer and identify strategies to further improve outcomes\" target=\"_blank\" rel=\"noreferrer noopener\">Az evol\u00faci\u00f3n alapul\u00f3 matematikai modellek jelent\u0151sen meghosszabb\u00edtj\u00e1k a v\u00e1laszreakci\u00f3t az abirateronra metasztatikus kasztr\u00e1ci\u00f3-rezisztens prosztatar\u00e1k eset\u00e9n, \u00e9s strat\u00e9gi\u00e1kat azonos\u00edtanak a tov\u00e1bbi eredm\u00e9nyek jav\u00edt\u00e1s\u00e1ra<\/a><\/li>\n\n\n\n<li>Gatenby Robert A., e.a. \u2013 2009.06.01. \u2013 <a href=\"https:\/\/pmc.ncbi.nlm.nih.gov\/articles\/PMC3728826\/\" target=\"_blank\" rel=\"noreferrer noopener\">Adapt\u00edv ter\u00e1pia<\/a><\/li>\n\n\n\n<li>Moffitt H. Lee, e.a. \u2013 2025.12.04 \u2013 <strong>fut\u00f3 tanulm\u00e1ny<\/strong> - <a href=\"https:\/\/clinicaltrials.gov\/study\/NCT02415621\" target=\"_blank\" rel=\"noreferrer noopener\">Adapt\u00edv abirateron-ter\u00e1pia metasztatikus kasztr\u00e1ci\u00f3-rezisztens prosztata r\u00e1kban<\/a><\/li>\n\n\n\n<li>Moffitt H. Lee, e.a. \u2013 2026.02.23. \u2013 <a href=\"https:\/\/www.moffitt.org\/newsroom\/news-releases\/moffitt-researchers-help-demonstrate-new-strategy-to-overcome--treatment-resistance-in-prostate-cancer\/\" target=\"_blank\" rel=\"noreferrer noopener\">Moffitt kutat\u00f3i seg\u00edtenek \u00faj strat\u00e9gia demonstr\u00e1l\u00e1s\u00e1ban a prosztatar\u00e1k kezel\u00e9s\u00e9vel szembeni rezisztencia lek\u00fczd\u00e9s\u00e9re<\/a><\/li>\n<\/ul>\n\n\n\n<h2 class=\"wp-block-heading\"><span class=\"ez-toc-section\" id=\"Der_evolutionare_Doppelbind_%E2%80%93_Forschung_2026\"><\/span>Az evol\u00faci\u00f3s kett\u0151s k\u00f6t\u00e9s \u2013 Kutat\u00e1s 2026<span class=\"ez-toc-section-end\"><\/span><\/h2>\n\n\n\n<p>Egy \u00fajabb \u00fatt\u00f6r\u0151 felfedez\u00e9s a Moffitt R\u00e1kcentrumb\u00f3l 2026 febru\u00e1rj\u00e1b\u00f3l<br>Amikor a r\u00e1kos sejtek ellen\u00e1ll\u00f3v\u00e1 v\u00e1lnak a sug\u00e1rter\u00e1pi\u00e1val szemben, megv\u00e1ltoztatj\u00e1k a felsz\u00edn\u00fcket, ami a term\u00e9szetes \u00f6l\u0151sejtek sz\u00e1m\u00e1ra (<em>NK<\/em>Az immunrendszert rendk\u00edv\u00fcl s\u00e9r\u00fcl\u00e9kenny\u00e9 teszi. Az egyik ter\u00e1pi\u00e1val szembeni rezisztencia sebezhet\u0151v\u00e9 teszi \u0151ket egy m\u00e1sikkal szemben. Ezt a strat\u00e9gi\u00e1t \u201eevol\u00faci\u00f3s kett\u0151s csapda\u201c-nak nevezik.<\/p>\n\n\n\n<h3 class=\"wp-block-heading\"><span class=\"ez-toc-section\" id=\"Metronomische_Chemotherapie\"><\/span>Metron\u00f3m chemot\u00f3pia<span class=\"ez-toc-section-end\"><\/span><\/h3>\n\n\n\n<p>Egy m\u00e1sik alternat\u00edva a maxim\u00e1lis d\u00f3zis megk\u00f6zel\u00edt\u00e9ssel szemben: alacsony d\u00f3zis\u00fa, folyamatos kemoter\u00e1pia, az \u00fagynevezett. <em>metron\u00f3m kemoter\u00e1pia<\/em>.<br>A nagy d\u00f3zisok nagy id\u0151k\u00f6z\u00f6nk\u00e9nt (ami regener\u00e1ci\u00f3s sz\u00fcneteket enged a daganatnak) helyett egy hat\u00f3anyagot kis mennyis\u00e9gben, folyamatosan alkalmaznak.<\/p>\n\n\n\n<p>A m\u0171k\u00f6d\u00e9s m\u00f3dja itt m\u00e1s: nem els\u0151sorban a daganatsejteket t\u00e1madj\u00e1k, hanem a tumort ell\u00e1t\u00f3 v\u00e9rereket.<br>Ezek az endothelsejtek genetikailag stabilabbak, mint a daganatsejtek, mivel alig fejlesztenek ellen\u00e1ll\u00e1st. Ugyanakkor a metron\u00f3m k\u00e9mia aktiv\u00e1lja az immunrendszert, ahelyett, hogy a nagy d\u00f3zis\u00fa k\u00e9mia, mint a nagy d\u00f3zis\u00fa k\u00e9mia k\u00e1ros\u00edtan\u00e1 \u00e9s elnyomn\u00e1 azt.<\/p>\n\n\n\n<figure class=\"wp-block-table\"><table class=\"has-fixed-layout\"><tbody><tr><td>&nbsp;<\/td><td><strong>Nagy d\u00f3zis\u00fa kemoter\u00e1pia (MTD)<\/strong><\/td><td><strong>Metron\u00f3m chemo<\/strong><\/td><\/tr><tr><td>D\u00f3zis<\/td><td>Maxim\u00e1lisan toler\u00e1lhat\u00f3<\/td><td>1\/10-t\u0151l 1\/3-ig az MTD<\/td><\/tr><tr><td>Ritmus<\/td><td>2\u20134 hetente, azt\u00e1n sz\u00fcnet<\/td><td>Napi vagy heti t\u00f6bb alkalommal<\/td><\/tr><tr><td>F\u0151 c\u00e9l<\/td><td>Daganatsejtek k\u00f6zvetlen\u00fcl<\/td><td>Daganatos erezet + Immunmodul\u00e1ci\u00f3<\/td><\/tr><tr><td>Rezisztencia kock\u00e1zat<\/td><td>Magas (v\u00e1laszt\u00e9k)<\/td><td>Jelent\u0151sen kisebb<\/td><\/tr><tr><td>Mell\u00e9khat\u00e1sok<\/td><td>Neh\u00e9z-er\u0151s<\/td><td>T\u00f6bbnyire enyhe<\/td><\/tr><tr><td>Metaszt\u00e1zis kock\u00e1zat<\/td><td>Megn\u00f6vekedhet<\/td><td>Tanulm\u00e1nyokban cs\u00f6kkent<\/td><\/tr><\/tbody><\/table><\/figure>\n\n\n\n<p><strong>Forr\u00e1s<\/strong>:<\/p>\n\n\n\n<ul class=\"wp-block-list\">\n<li>Kareva Irina, e.a. \u2013 2016. 03. 28. \u2013 <a href=\"https:\/\/pmc.ncbi.nlm.nih.gov\/articles\/PMC4666022\/\" target=\"_blank\" rel=\"noreferrer noopener\">Metron\u00f3m kemoter\u00e1pia: vonz\u00f3 alternat\u00edva a maxim\u00e1lisan toler\u00e1lhat\u00f3 d\u00f3zis\u00fa ter\u00e1pi\u00e1val szemben, amely aktiv\u00e1lhatja a daganatellenes immunit\u00e1st \u00e9s minimaliz\u00e1lhatja a ter\u00e1pi\u00e1s rezisztenci\u00e1t<\/a><\/li>\n\n\n\n<li>Vives Marta \u00e9s t\u00e1rsai \u2013 2013.05.07. \u2013 <a href=\"https:\/\/onlinelibrary.wiley.com\/doi\/10.1002\/ijc.28259\" target=\"_blank\" rel=\"noreferrer noopener\">A metron\u00f3m kemoter\u00e1pia a maxim\u00e1lisan toler\u00e1lhat\u00f3 d\u00f3zist k\u00f6vet\u0151en hat\u00e9kony daganatellenes ter\u00e1pia, amely befoly\u00e1solja az angiogenezist, a daganat terjed\u00e9s\u00e9t \u00e9s a r\u00e1kkelt\u0151 \u0151ssejteket.<\/a><\/li>\n<\/ul>\n\n\n\n<h3 class=\"wp-block-heading\"><span class=\"ez-toc-section\" id=\"Welche_Kliniken_bieten_metronomische_Chemo_an\"><\/span>Melyik klinik\u00e1k k\u00edn\u00e1lnak metron\u00f3m kemoter\u00e1pi\u00e1t?<span class=\"ez-toc-section-end\"><\/span><\/h3>\n\n\n\n<p>Csak NEM mag\u00e1nklinik\u00e1k szerepelnek a list\u00e1n. Az ok:<\/p>\n\n\n\n<p><strong>Minden, betegbiztos\u00edt\u00f3 \u00e1ltal finansz\u00edrozott n\u00e9met klinika t\u00f6rv\u00e9nyileg k\u00f6teles \u00e9ves min\u0151s\u00e9gi jelent\u00e9seket k\u00f6zz\u00e9tenni.<\/strong>, amelyek adatai k\u00e9ts\u00e9g eset\u00e9n megb\u00edzhat\u00f3bbak, mint a mag\u00e1nrendel\u0151k vagy klinik\u00e1k weboldalain tal\u00e1lhat\u00f3 marketingnyilatkozatok.\u00a0<\/p>\n\n\n\n<p>Ezekben a nyilv\u00e1nos jelent\u00e9sekben objekt\u00edv adatok tal\u00e1lhat\u00f3ak a\u00a0<strong>Kezel\u00e9si gyakoris\u00e1g<\/strong>\u00a0(Esetek sz\u00e1ma \u00e9vente) \u00e9s <strong>interdiszciplin\u00e1ris egy\u00fcttm\u0171k\u00f6d\u00e9s<\/strong>\u00a0felder, amelyek meghat\u00e1rozz\u00e1k egy klinika szak\u00e9rtelm\u00e9nek kulcsfontoss\u00e1g\u00fa mutat\u00f3it. Ezenk\u00edv\u00fcl a k\u00f6telez\u0151en biztos\u00edtottak sz\u00e1m\u00e1ra a hozz\u00e1f\u00e9r\u00e9s\u00a0<strong>modern ter\u00e1pi\u00e1s sztenderdek<\/strong>,\u00a0<strong>tudom\u00e1nyos tanulm\u00e1nyok<\/strong>\u00a0\u00e9s\u00a0<strong>szakos\u00edtott ambulanci\u00e1k<\/strong>\u00a0ezekben az int\u00e9zm\u00e9nyekben k\u00f6zvetlen\u00fcl \u00e9s tov\u00e1bbi k\u00f6lts\u00e9gek n\u00e9lk\u00fcl biztos\u00edtott.<\/p>\n\n\n\n<ul class=\"wp-block-list\">\n<li>UKE Hamburg \u2013 Egyetemi R\u00e1kkutat\u00f3 K\u00f6zpont (UCCH)<br>II. Belgy\u00f3gy\u00e1szati Klinika \u2013 Keleti \u00e9p\u00fclet 43., F\u00f6ldszint vagy O24<br>Martinistra\u00dfe 52 \u2013 20246 Hamburg<br>+49 (0) 40 7410-52960<br><a href=\"mailto:a.darimont@uke.de\">a.darimont@uke.de<\/a><\/li>\n\n\n\n<li>Clinicum St. Georg<br>Rosenheimer utca 6-8 \u2013 83043 Bad Aibling<br>+49 (0) 80 61-398-0<br><a href=\"mailto:info@clinicum-stgeorg.de\">info@clinicum-stgeorg.de<\/a><\/li>\n\n\n\n<li>Regensburgi Egyetemi K\u00f3rh\u00e1z (UKR)<br>Franz-Josef-Strau\u00df-Allee 11 \u2013 93053 Regensburg<br>+49 (0) 941 944-00941 \/ +49 (0) 941 944-4488<br><a href=\"javascript:linkTo_UnCryptMailto(%27ocknvq%2CkphqBwmt0fg%27);\">info@ukr.de<\/a><\/li>\n<\/ul>\n\n\n\n<h2 class=\"wp-block-heading\"><span class=\"ez-toc-section\" id=\"Schlafende_Metastasen_%E2%80%93_wecken_und_eliminieren\"><\/span>Alv\u00f3 \u00e1tt\u00e9tek \u2013 fel\u00e9breszt\u00e9s \u00e9s elimin\u00e1l\u00e1s<span class=\"ez-toc-section-end\"><\/span><\/h2>\n\n\n\n<p>A r\u00e1kbiol\u00f3gia egyik legvesz\u00e9lyesebb \u00e9s egyben legleny\u0171g\u00f6z\u0151bb jelens\u00e9ge: a metasztatiz\u00e1l\u00f3 sejtek gyakran \u00e9vekkel vagy ak\u00e1r \u00e9vtizedekkel klinikai megjelen\u00e9s\u00fck el\u0151tt idegen szervekbe v\u00e1ndorolnak, \u00e9s ott szunnyadva maradnak.<em>Tumoralv\u00e1s vagy dormancia<\/em>), alig t\u00e1pl\u00e1lkoznak, lass\u00edtj\u00e1k anyagcser\u00e9j\u00fcket (metabolizmusukat), \u00edgy a legt\u00f6bb ter\u00e1pia sz\u00e1m\u00e1ra l\u00e1thatatlann\u00e1 \u00e9s el\u00e9rhetetlenn\u00e9 v\u00e1lnak.<\/p>\n\n\n\n<p>Ez magyar\u00e1zza, mi\u00e9rt tekintenek egyes betegeket \u201egy\u00f3gyultnak\u201c, de t\u00edz \u00e9vvel k\u00e9s\u0151bb m\u00e9gis \u00e1tt\u00e9t alakul ki n\u00e1luk.<\/p>\n\n\n\n<h3 class=\"wp-block-heading\"><span class=\"ez-toc-section\" id=\"Was_halt_sie_im_Schlaf_%E2%80%93_was_weckt_sie_auf\"><\/span>Mi tartja \u0151ket \u00e1lomban \u2013 mi \u00e9breszti fel \u0151ket?<span class=\"ez-toc-section-end\"><\/span><\/h3>\n\n\n\n<figure class=\"wp-block-table\"><table class=\"has-fixed-layout\"><tbody><tr><td><strong>Alv\u00e1s k\u00f6zben tartja<\/strong><br>\u2013 egy \u00e9p immunrendszer<br>\u2013 egy kedvez\u0151tlen mikrok\u00f6rnyezet<br>  (daganatsejt k\u00f6rnyezete)<br>\u2013 hi\u00e1nyz\u00f3 n\u00f6veked\u00e9si jel<br>\u2013 el\u00e9gtelen v\u00e9rell\u00e1t\u00e1s &nbsp;<\/td><td><strong>Fel\u00e9brednek, mert \u0151ket<\/strong><br>\u2013 Immunsuppresszi\u00f3 (Stressz, \u00c9letkor)<br>\u2013 kr\u00f3nikus gyullad\u00e1s<br>\u2013 seb\u00e9szeti beavatkoz\u00e1sok<br>\u2013 n\u00e9h\u00e1ny kemoter\u00e1pia &nbsp;<br>  <\/td><\/tr><\/tbody><\/table><\/figure>\n\n\n\n<h2 class=\"wp-block-heading\"><span class=\"ez-toc-section\" id=\"Apoptose_in_schlafenden_Zellen_auslosen\"><\/span>Apopt\u00f3zis induk\u00e1l\u00e1sa alv\u00f3 sejtekben<span class=\"ez-toc-section-end\"><\/span><\/h2>\n\n\n\n<p>Az apopt\u00f3zis, azaz a programozott sejthal\u00e1l, az eg\u00e9szs\u00e9ges sejtekben t\u00f6k\u00e9letesen m\u0171k\u00f6dik. A r\u00e1ksejtek megtanult\u00e1k kij\u00e1tszani ezt a v\u00e9delmi mechanizmust. A latens \u00e1tt\u00e9ti sejtekben ez k\u00fcl\u00f6n\u00f6sen er\u0151sen blokkolt. A tudom\u00e1ny ma m\u00e1r ismeri a pontos molekul\u00e1ris z\u00e1rakat, \u00e9s kulcsokat keres hozz\u00e1juk.<\/p>\n\n\n\n<h3 class=\"wp-block-heading\"><span class=\"ez-toc-section\" id=\"BCL-2BAX-Gleichgewicht_%E2%80%93_mitochondrialer_Todesschalter\"><\/span>BCL-2\/BAX egyens\u00faly \u2013 mitokondri\u00e1lis hal\u00e1lkapcsol\u00f3<span class=\"ez-toc-section-end\"><\/span><\/h3>\n\n\n\n<p>Minden sejtben vannak feh\u00e9rj\u00e9k, amelyek a hal\u00e1lt okozz\u00e1k<em>BAX \u2013 <em>Asszoci\u00e1lt X,apopt\u00f3zis-szab\u00e1lyoz\u00f3<\/em>, BAK<\/em> - <em>BCL2 Homol\u00f3g Antagonista\/Gyilkos<\/em>) \u00e9s akik meg akarj\u00e1k akad\u00e1lyozni<em>BCL-2 \u2013 <em>B-sejtes limf\u00f3ma 2<\/em>, BCL-xL<\/em> - <em>B-sejtes limf\u00f3ma-X nagym\u00e9ret\u0171<\/em>).<br>Eg\u00e9szs\u00e9ges sejtekben egyens\u00faly uralkodik. R\u00e1kos sejtekben, k\u00fcl\u00f6n\u00f6sen a nyugalmi \u00e1llapot\u00faakban, a t\u00fal\u00e9l\u0151 feh\u00e9rj\u00e9k domin\u00e1lnak<em>BCL-2<\/em>) nyilv\u00e1nval\u00f3.<br>A hat\u00f3anyagok, amelyek <em>BCL-2<\/em> g\u00e1tolja, billentse ezt az egyens\u00falyt az apopt\u00f3zis fel\u00e9. A gy\u00f3gyszer <em>Venetoclax<\/em> m\u00e1r klinikailag enged\u00e9lyezett, \u00e9s pontosan ugyan\u00fagy hat.<\/p>\n\n\n\n<h3 class=\"wp-block-heading\"><span class=\"ez-toc-section\" id=\"TRAIL-Weg_%E2%80%93_der_externe_Todesruf\"><\/span>TRAIL-Weg \u2013 a k\u00fcls\u0151 hal\u00e1lh\u00f6rd\u00f6glet<span class=\"ez-toc-section-end\"><\/span><\/h3>\n\n\n\n<p>Az immunrendszer k\u00edv\u00fclr\u0151l is k\u00e9pes a r\u00e1kos sejtek hal\u00e1l\u00e1ra utas\u00edtani, m\u00e9ghozz\u00e1 a jelmolekula seg\u00edts\u00e9g\u00e9vel <em>\u00d6sv\u00e9ny<\/em> (<em>Daganatnekr\u00f3zissal \u00f6sszef\u00fcgg\u0151 apoptozist kiv\u00e1lt\u00f3 ligand<\/em>), amely specifikus \u201ehal\u00e1lreceptorokhoz\u201c k\u00f6t\u0151dik a sejtfelsz\u00ednen, \u00edgy elind\u00edtva az apopt\u00f3zis kaszk\u00e1dot.<br>A szunnyad\u00f3 sejtek gyakran lecs\u00f6kkentik ezen receptorok mennyis\u00e9g\u00e9t, de megtehetik az \u00fagynevezett. <em>\u00c9rz\u00e9keny\u00edt\u0151<\/em> \u00fajra hozz\u00e1f\u00e9rhet\u0151v\u00e9 tehet\u0151k az\u00e1ltal, hogy beavatkoznak a sejt belsej\u00e9ben zajl\u00f3 jel\u00e1tviteli utakba. Ezen szenzitiz\u00e1torok f\u0151bb oszt\u00e1lyai k\u00f6z\u00e9 tartoznak a jel\u00e1tviteli \u00fatvonal-inhibitorok, a k\u00e1liumcsatorna-inhibitorok \u00e9s a Bcl-2-g\u00e1tl\u00f3k.<\/p>\n\n\n\n<h3 class=\"wp-block-heading\"><span class=\"ez-toc-section\" id=\"Autophagie-Hemmung_%E2%80%93_dem_Schlafer_den_Strom_abdrehen\"><\/span>Autof\u00e1gia g\u00e1tl\u00e1sa \u2013 lekapcsolni az \u00e1ramot az alv\u00f3hoz<span class=\"ez-toc-section-end\"><\/span><\/h3>\n\n\n\n<p>A szunnyad\u00f3 r\u00e1kos sejtek autof\u00e1gi\u00e1t, a sejtek \u00f6nem\u00e9szt\u0151 folyamat\u00e1t haszn\u00e1lj\u00e1k energiaforr\u00e1sk\u00e9nt a nyugalmi \u00e1llapotban. Ennek a folyamatnak a g\u00e1tl\u00e1sa kiiktatja a legfontosabb t\u00fal\u00e9l\u00e9si strat\u00e9gi\u00e1jukat, \u00e9s \u00e9rz\u00e9kenny\u00e9 teszi \u0151ket az apopt\u00f3zisra. <em>Klorokin<\/em> (egy j\u00f3l ismert mal\u00e1ria elleni szer) vizsg\u00e1lj\u00e1k m\u00e1s ter\u00e1pi\u00e1kkal kombin\u00e1lva.<\/p>\n\n\n\n<p><strong>Forr\u00e1s<\/strong>:<\/p>\n\n\n\n<ul class=\"wp-block-list\">\n<li>Bui Dhin Kahn, e.a. \u2013 2025.07.31. \u2013 <a href=\"https:\/\/bmrat.biomedpress.org\/index.php\/BMRAT\/article\/view\/994\" target=\"_blank\" rel=\"noreferrer noopener\">R\u00e1kmegmarad\u00e1sos sejtek szunnyad\u00e1sa: Friss\u00edt\u00e9s 2025-re<\/a><\/li>\n\n\n\n<li>Pistritto Giuseppa, ea \u2013 2016.03.27. \u2013 <a href=\"https:\/\/pmc.ncbi.nlm.nih.gov\/articles\/PMC4925817\/\" target=\"_blank\" rel=\"noreferrer noopener\">Az apoptozis mint r\u00e1kellenes mechanizmus: a modul\u00e1torok m\u0171k\u00f6d\u00e9se \u00e9s m\u0171k\u00f6d\u00e9szavarai, valamint c\u00e9lzott ter\u00e1pi\u00e1s strat\u00e9gi\u00e1k<\/a><\/li>\n\n\n\n<li>Xiaobing Tian, e.a. \u2013 2024.07.15. \u2013 <a href=\"https:\/\/www.jci.org\/articles\/view\/179570\" target=\"_blank\" rel=\"noreferrer noopener\">Apoptotikus \u00fatvonalak c\u00e9lbajut\u00e1sa a r\u00e1kter\u00e1pi\u00e1ban<\/a><\/li>\n<\/ul>\n\n\n\n<h2 class=\"wp-block-heading\"><span class=\"ez-toc-section\" id=\"Heilpilze_und_Naturstoffe_als_adjuvante_Wirkstoffe\"><\/span>Gy\u00f3gygomb\u00e1k \u00e9s term\u00e9szetes anyagok, mint adjuv\u00e1ns hat\u00f3anyagok<span class=\"ez-toc-section-end\"><\/span><\/h2>\n\n\n\n<p>Itt j\u00f6n k\u00e9pbe a Huaier gomba \u00e9s a Reishi, k\u00e9t hagyom\u00e1nyos gy\u00f3gygomba, amelyeket a nyugati orvosl\u00e1s sok\u00e1ig len\u00e9zett, de m\u00e1ra m\u00e1r j\u00f3l dokument\u00e1lt molekul\u00e1ris hat\u00e1smechanizmusokat mutattak ki.<\/p>\n\n\n\n<h3 class=\"wp-block-heading\"><span class=\"ez-toc-section\" id=\"Huaier_Trametes_robiniophila_Murr\"><\/span>Huaier (Trametes robiniophila Murr)<span class=\"ez-toc-section-end\"><\/span><\/h3>\n\n\n\n<p>A Huaier egy homokbarna gomba, amelyet t\u00f6bb mint 1600 \u00e9ve haszn\u00e1lnak a hagyom\u00e1nyos k\u00ednai orvosl\u00e1sban. A K\u00ednai Gy\u00f3gyszer\u00fcgyi Hat\u00f3s\u00e1g j\u00f3v\u00e1hagyta r\u00e1kellenes gy\u00f3gyszerk\u00e9nt, m\u00edg az EU-ban \u00e9trend-kieg\u00e9sz\u00edt\u0151k\u00e9nt tartj\u00e1k sz\u00e1mon. Mi rejlik ennek a h\u00e1tter\u00e9ben?<\/p>\n\n\n\n<ul class=\"wp-block-list\">\n<li><strong>BCL-2\/BAX-tengely<\/strong><br>Huaier kivonat cs\u00f6kkenti <em>BCL-2<\/em> (T\u00fal\u00e9l\u00e9si jel) \u00e9s n\u00f6vel <em>BAX<\/em> (hal\u00e1ljel), pontosan ugyanaz a mechanizmus, amelyet a gy\u00f3gyszer <em>Venetoclax<\/em> haszn\u00e1l. Tov\u00e1bb\u00e1 <em>Casp\u00e1z-3<\/em> aktiv\u00e1l, a sejthal\u00e1lban r\u00e9szt vev\u0151 enzim.<\/li>\n\n\n\n<li><strong>p53 aktiv\u00e1l\u00e1s<\/strong><br>A Huaier aktiv\u00e1lva <em>p53<\/em>, a legfontosabb daganatg\u00e1tl\u00f3 g\u00e9n, amely a sejt \u00f6npusztul\u00e1s\u00e1t id\u00e9zi el\u0151.<\/li>\n\n\n\n<li><strong>Immunmodul\u00e1ci\u00f3<\/strong><br>Huaier emel <em>CD4+-T-sejtek<\/em> Fel\u00fcleti jel\u00f6l\u0151 <em>CD-4<\/em>) \u00e9s <em>NK sejtek<\/em>, mindkett\u0151 az immunrendszer f\u0151 fegyvere a daganatsejtek ellen.<\/li>\n\n\n\n<li><strong>\u00c1tt\u00e9tg\u00e1tl\u00e1s<\/strong><br>A Huaier g\u00e1tolja a sz\u00f6veteket lebont\u00f3 \u00e9s \u00edgy a daganatsejteknek teret teremt\u0151 enzimeket (m\u00e1trix-metalloprotein\u00e1zokat).<\/li>\n\n\n\n<li><strong>Anti-angiogenezis<\/strong><br>A Huaier g\u00e1tolja az \u00faj v\u00e9rereknek a daganat fel\u00e9 t\u00f6rt\u00e9n\u0151 k\u00e9pz\u0151d\u00e9s\u00e9t, ez\u00e1ltal gyeng\u00edtve annak \u00e9letben marad\u00e1s\u00e1\u00e9rt felel\u0151s ell\u00e1t\u00e1s\u00e1t.<\/li>\n<\/ul>\n\n\n\n<blockquote class=\"wp-block-quote is-layout-flow wp-block-quote-is-layout-flow\">\n<p><strong>Klinikai bizony\u00edt\u00e9kok a Huaier-r\u0151l<\/strong>: <br>Rendszeres \u00e1ttekint\u00e9s (2023, PubMed): A 39 klinikai vizsg\u00e1latb\u00f3l, amelyek 12 k\u00fcl\u00f6nb\u00f6z\u0151 gombak\u00e9sz\u00edtm\u00e9nyt vizsg\u00e1ltak, a Huaier volt az egyetlen, amely egy\u00e9rtelm\u0171 t\u00fal\u00e9l\u00e9si el\u0151nyt mutatott, k\u00e9t m\u00e1jr\u00e1k \u00e9s egy mellr\u00e1k vizsg\u00e1latban.<\/p>\n<\/blockquote>\n\n\n\n<p><strong>Forr\u00e1s<\/strong>:<\/p>\n\n\n\n<ul class=\"wp-block-list\">\n<li>Quian Cheng \u00e9s mtsai \u2013 2018.11. \u2013 <a href=\"https:\/\/gut.bmj.com\/content\/67\/11\/2006.long\" target=\"_blank\" rel=\"noreferrer noopener\">A Huaier granul\u00e1tum hat\u00e1sa a kurat\u00edv rezekci\u00f3t k\u00f6vet\u0151 HCC ki\u00fajul\u00e1s\u00e1ra: multicentrikus, randomiz\u00e1lt klinikai vizsg\u00e1lat<\/a><\/li>\n\n\n\n<li>Zhang, e.a. \u2013 2010.11. \u2013 <a href=\"https:\/\/pmc.ncbi.nlm.nih.gov\/articles\/PMC11159254\/\" target=\"_blank\" rel=\"noreferrer noopener\">A Huaier vizes kivonata g\u00e1tolja az eml\u0151r\u00e1k sejtek szaporod\u00e1s\u00e1t az apopt\u00f3zis indukci\u00f3j\u00e1n kereszt\u00fcl<\/a><\/li>\n\n\n\n<li>Song Xiaojin, e.a. \u2013 2015.07. \u2013 <a href=\"https:\/\/www.spandidos-publications.com\/or\/34\/1\/12\" target=\"_blank\" rel=\"noreferrer noopener\">A Huaier r\u00e1kellenes hat\u00e1sa (Szakirodalmi \u00e1ttekint\u00e9s)<\/a><\/li>\n\n\n\n<li>Narayanan Santhosshi \u2013 2023.03.30. \u2013 <a href=\"https:\/\/link.springer.com\/article\/10.1007\/s11912-023-01408-2\" target=\"_blank\" rel=\"noreferrer noopener\">Gy\u00f3gygomba-kieg\u00e9sz\u00edt\u0151k r\u00e1kban: Klinikai tanulm\u00e1nyok szisztematikus \u00e1ttekint\u00e9se<\/a><\/li>\n<\/ul>\n\n\n\n<h3 class=\"wp-block-heading\"><span class=\"ez-toc-section\" id=\"Reishi_Ganoderma_lucidum\"><\/span>Reishi (Ganoderma lucidum)<span class=\"ez-toc-section-end\"><\/span><\/h3>\n\n\n\n<p>A reishi \u00e9vezredek \u00f3ta ismert Kelet-\u00c1zsi\u00e1ban mint a \u201ehalhatatlans\u00e1g gomb\u00e1ja\u201c. A k\u00f6zelm\u00faltbeli kutat\u00e1sok azonos\u00edtott\u00e1k a molekul\u00e1ris ujjlenyomat\u00e1t:<\/p>\n\n\n\n<ul class=\"wp-block-list\">\n<li><strong>Mitokondri\u00e1lis \u00fat<\/strong><br>Hogyan t\u00e1mad a Huaier, Reishi a <em>BCL-2\/BCL-xL-<\/em>feh\u00e9rj\u00e9ket \u00e9s n\u00f6veli a <em>BAX\/BCL-2<\/em>-ar\u00e1nyban \u00e1ll, \u00e9s el\u0151seg\u00edti a sejthal\u00e1lt.<\/li>\n\n\n\n<li><strong>NF-\u03baB g\u00e1tl\u00e1s<\/strong><br><em>NF-\u03baB<\/em> a r\u00e1kos sejtek k\u00f6zponti t\u00fal\u00e9l\u00e9si kapcsol\u00f3ja. A Reishi hat\u00e9konyan g\u00e1tolja ezt, ami a r\u00e1kos sejteket fog\u00e9konyabb\u00e1 teszi az apopt\u00f3zissal szemben.<\/li>\n\n\n\n<li><strong>MMP-9-g\u00e1tl\u00e1s<\/strong><br>Reishi cs\u00f6kkenti <em>MMP-9<\/em>, egy enzim, amelyre a daganatsejteknek sz\u00fcks\u00e9g\u00fck van az inv\u00e1zi\u00f3hoz \u00e9s az \u00e1tt\u00e9tek k\u00e9pz\u00e9s\u00e9hez.<\/li>\n\n\n\n<li><strong>Szelektivit\u00e1s<\/strong><br>A Reishi gomba tanulm\u00e1nyokban nem k\u00e1ros\u00edtja az eg\u00e9szs\u00e9ges sejteket (pl. eml\u0151h\u00e1msz\u00f6vet), csak a daganatos sejtek \u00e9letk\u00e9pess\u00e9g\u00e9t cs\u00f6kkentette.<\/li>\n<\/ul>\n\n\n\n<p><strong>Forr\u00e1s<\/strong>:<\/p>\n\n\n\n<ul class=\"wp-block-list\">\n<li>Mart\u00ednez-Montemayor \u00e9s t\u00e1rsai \u2013 2011.10.25. \u2013 <a href=\"https:\/\/pmc.ncbi.nlm.nih.gov\/articles\/PMC3201987\/\" target=\"_blank\" rel=\"noreferrer noopener\">Ganoderma lucidum (Reishi) g\u00e1tolja a r\u00e1kos sejtek n\u00f6veked\u00e9s\u00e9t \u00e9s a gyullad\u00e1sos eml\u0151r\u00e1k kulcsmolekul\u00e1inak expresszi\u00f3j\u00e1t<\/a><\/li>\n\n\n\n<li>Jiahua Jiang \u00e9s mtsai \u2013 2004.05. \u2013 <a href=\"https:\/\/pubmed.ncbi.nlm.nih.gov\/15067330\/\" target=\"_blank\" rel=\"noreferrer noopener\">A Ganoderma lucidum g\u00e1tolja a prolifer\u00e1ci\u00f3t \u00e9s induk\u00e1lja az apopt\u00f3zist emberi prosztatar\u00e1kos PC-3 sejtekben<\/a><\/li>\n<\/ul>\n\n\n\n<h3 class=\"wp-block-heading\"><span class=\"ez-toc-section\" id=\"Weitere_adjuvante_Naturstoffe_im_Uberblick\"><\/span>Tov\u00e1bbi adjuv\u00e1ns term\u00e9szetes anyagok \u00e1ttekint\u00e9se<span class=\"ez-toc-section-end\"><\/span><\/h3>\n\n\n\n<figure class=\"wp-block-table\"><table class=\"has-fixed-layout\"><tbody><tr><td><strong>Anyag<\/strong><\/td><td><strong>Forr\u00e1s<\/strong><\/td><td><strong>A hat\u00e1smechanizmus<\/strong><\/td><td><strong>Bizony\u00edt\u00e9kok<\/strong><\/td><\/tr><tr><td>Kvercetin<\/td><td>Hagyma, kapribogy\u00f3, alma<\/td><td>PI3K\/AKT g\u00e1tl\u00e1sa, BCL-2\u2193, BAX\u2191, Kaszp\u00e1z-3\u2191<\/td><td>Preklinikailag er\u0151s<\/td><\/tr><tr><td>Kurkumin<\/td><td>Kurkuma<\/td><td>NF-\u03baB cs\u00f6kken\u00e9se, mTOR cs\u00f6kken\u00e9se, p53 aktiv\u00e1l\u00f3d\u00e1sa<\/td><td>J\u00f3l preklinikai, biol\u00f3giai hasznosul\u00e1s problematikus<\/td><\/tr><tr><td>EGCG<\/td><td>Z\u00f6ld tea<\/td><td>PI3K\/AKT\/mTOR\u2193, Apopt\u00f3zis indukci\u00f3<\/td><td>Preklinikailag igazolt<\/td><\/tr><tr><td>Berbetin<\/td><td>Berberis n\u00f6v\u00e9ny<\/td><td>AMPK aktiv\u00e1l\u00e1s, mTOR\u2193, mitokondri\u00e1lis \u00fatvonal<\/td><td>N\u00f6vekv\u0151 klinikai adatok<\/td><\/tr><tr><td>Artemizin<\/td><td>V\u00e9rk\u00f6p\u00e9s<\/td><td>ROS-indukci\u00f3, ferropt\u00f3zis kiv\u00e1lt\u00f3, NF-\u03baB\u2193<\/td><td>Preklinikailag nagyon akt\u00edv<\/td><\/tr><tr><td>PSK (Poliszacharid-K)<\/td><td>Korallvir\u00e1g gomba<\/td><td>Immunmodul\u00e1ci\u00f3, T-sejt aktiv\u00e1ci\u00f3<\/td><td>Klinikailag igazolt (gyomorr\u00e1k adjuv\u00e1nsk\u00e9nt)<\/td><\/tr><\/tbody><\/table><\/figure>\n\n\n\n<h2 class=\"wp-block-heading\"><span class=\"ez-toc-section\" id=\"Intelligente_Gesamtstrategie_statt_Angriff\"><\/span>Intelligens \u00e1ltal\u00e1nos strat\u00e9gia t\u00e1mad\u00e1s helyett<span class=\"ez-toc-section-end\"><\/span><\/h2>\n\n\n\n<p>A vez\u00e9rfonal minden felismer\u00e9se egy k\u00e9pet alkot: A klasszikus megk\u00f6zel\u00edt\u00e9s \u2013 maxim\u00e1lis t\u00e1mad\u00e1s egy evol\u00faci\u00f3san alkalmazkod\u00f3 ellens\u00e9g ellen \u2013 gyakran nem a legokosabb strat\u00e9gia. A modernebb n\u00e9z\u0151pont a r\u00e1kot dinamikus rendszernek tekinti, amelyet okosan kell ir\u00e1ny\u00edtani, ha er\u0151re akarunk kaptatni.<\/p>\n\n\n\n<blockquote class=\"wp-block-quote is-layout-flow wp-block-quote-is-layout-flow\">\n<p><strong>Az \u00faj paradigma n\u00e9gy mondatban: Az \u00faj paradigm\u00e1t nem egyetlen t\u00e9nyez\u0151 hat\u00e1rozza meg, hanem a t\u00e9nyez\u0151k komplex interakci\u00f3ja. Ez mag\u00e1ban foglalja a technol\u00f3giai fejl\u0151d\u00e9st, a v\u00e1ltoz\u00f3 gazdas\u00e1gi er\u0151ket, a t\u00e1rsadalmi elv\u00e1r\u00e1sokat \u00e9s a glob\u00e1lis kih\u00edv\u00e1sokat is. Ezenk\u00edv\u00fcl az \u00faj paradigm\u00e1t a gyorsas\u00e1g \u00e9s a v\u00e1ltoz\u00e9konys\u00e1g jellemzi, ami folyamatos alkalmazkod\u00e1st ig\u00e9nyel. V\u00e9g\u00fcl pedig a megk\u00f6zel\u00edt\u00e9snek rugalmasnak, innovat\u00edvnak \u00e9s proakt\u00edvnak kell lennie, hogy sikeresen navig\u00e1ljunk a j\u00f6v\u0151ben.<\/strong><br>1. Ne puszt\u00edtsd el, hanem ir\u00e1ny\u00edtsd.<br>\u2013 az adapt\u00edv ter\u00e1pia \u00e9letben tartja az \u00e9rz\u00e9keny daganatsejteket, hogy feltart\u00f3ztassa az ellen\u00e1ll\u00f3kat.<\/p>\n\n\n\n<p>2. Ne t\u00e1madj, hanem v\u00e1ltoztasd meg a felt\u00e9teleket<br>\u2013 Az FMD, a metron\u00f3m ter\u00e1pia \u00e9s a metabolikus beavatkoz\u00e1sok an\u00e9lk\u00fcl v\u00e1ltoztatj\u00e1k meg a tumork\u00f6rnyezetet, hogy hatalmas szelekci\u00f3s nyom\u00e1st fejten\u00e9nek ki.<\/p>\n\n\n\n<p>3. Az immunrendszer mint a leger\u0151sebb fegyver<br>\u2013 Az immunter\u00e1pia, az \u00e9hez\u00e9s \u00e1ltali immunfiatal\u00edt\u00e1s \u00e9s a gy\u00f3gygomb\u00e1kkal t\u00f6rt\u00e9n\u0151 NK-sejt aktiv\u00e1l\u00e1s hossz\u00fa t\u00e1von hat\u00e9konyabb, mint a k\u00fcls\u0151 kemotoxikus anyagok.<\/p>\n\n\n\n<p>4. Ne \u00e9bressze fel a szunnyad\u00f3 \u00e1tt\u00e9teket<br>\u2013 hanem azokat a felt\u00e9teleket fenntartva, amelyek lehet\u0151v\u00e9 teszik sz\u00e1mukra az alv\u00e1st:<br>er\u0151s immunrendszer, alacsony gyullad\u00e1s \u00e9s IGF-1-szint.<\/p>\n<\/blockquote>\n\n\n\n<h3 class=\"wp-block-heading\"><span class=\"ez-toc-section\" id=\"Praktischer_Rahmen_%E2%80%93_was_ist_adjuvant_sinnvoll\"><\/span>Gyakorlati keretrendszer \u2013 mi \u00e9rtelme van a mell\u00e9kesnek?<span class=\"ez-toc-section-end\"><\/span><\/h3>\n\n\n\n<p>Az itt le\u00edrt \u00f6sszes term\u00e9szetes anyag \u00e9s di\u00e9t\u00e1s megk\u00f6zel\u00edt\u00e9s kieg\u00e9sz\u00edt\u0151 int\u00e9zked\u00e9s. Nem helyettes\u00edtik a orvosi kezel\u00e9st, de hasznosak lehetnek k\u00eds\u00e9r\u0151 ter\u00e1piak\u00e9nt, ha azt az orvossal egyeztetik:<\/p>\n\n\n\n<ul class=\"wp-block-list\">\n<li><strong>FMD-ciklusok<\/strong><br>(3\u20135 napig kal\u00f3riacs\u00f6kkentett \u00e9trend a kemoter\u00e1pia el\u0151tt), az eg\u00e9szs\u00e9ges sejtek v\u00e9delme \u00e9s a daganat\u00e9rz\u00e9kenys\u00e9g n\u00f6vel\u00e9se \u00e9rdek\u00e9ben<br>A DIRECT tanulm\u00e1ny 3\u20134-szeres magasabb remisszi\u00f3s r\u00e1t\u00e1kat mutat<\/li>\n\n\n\n<li><strong>Huaier-granul\u00e1tum<\/strong><br>BCL-2 g\u00e1tl\u00e1s, immunmodul\u00e1ci\u00f3, \u00e1tt\u00e9tk\u00e9pz\u0151d\u00e9s g\u00e1tl\u00e1sa<\/li>\n\n\n\n<li><strong>Reishi kivonat<\/strong><br>BCL-2\/BCL-xL g\u00e1tl\u00e1s, NF-\u03baB blokkol\u00e1s, szelekt\u00edv toxicit\u00e1s daganatsejtekre<\/li>\n\n\n\n<li><strong>EGCG (Z\u00f6ld tea kivonat) + Kvercetin<\/strong><br>Szinergikus hat\u00e1s a PI3K\/AKT\/mTOR \u00fatvonalon<\/li>\n\n\n\n<li><strong>Ketog\u00e9n vagy alacsony glik\u00e9mi\u00e1s \u00e9trend<\/strong><br>Az IGF-1 \u00e9s az inzulin tart\u00f3s g\u00e1tl\u00e1sa kedvez\u0151tlen\u00fcl megv\u00e1ltoztatja a metabolikus k\u00f6rnyezetet a daganatsejtek sz\u00e1m\u00e1ra an\u00e9lk\u00fcl, hogy akut stresszt okozna<\/li>\n\n\n\n<li><strong>Rendszeres mozg\u00e1s<\/strong><br>Cs\u00f6kkenti az IGF-1-et, cs\u00f6kkenti a kr\u00f3nikus gyullad\u00e1st, er\u0151s\u00edti az NK-sejtek aktivit\u00e1s\u00e1t, az egyik legjobban dokument\u00e1lt adjuv\u00e1ns hat\u00e1sa.<\/li>\n<\/ul>\n\n\n\n<blockquote class=\"wp-block-quote is-layout-flow wp-block-quote-is-layout-flow\">\n<p>Ez az \u00fatmutat\u00f3 a kutat\u00e1sok 2025\/2026. \u00e9vi \u00e1llapot\u00e1t foglalja \u00f6ssze. C\u00e9lja az inform\u00e1l\u00e1s, \u00e9s nem helyettes\u00edti az orvosi tan\u00e1csad\u00e1st. Minden ter\u00e1pi\u00e1s d\u00f6nt\u00e9st meg kell besz\u00e9lni egy k\u00e9pzett onkol\u00f3gussal, csak\u00fagy, mint a fent eml\u00edtett kieg\u00e9sz\u00edt\u0151 int\u00e9zked\u00e9seket, mint pl. gy\u00f3gygomb\u00e1k, FMD, \u00e9trendi beavatkoz\u00e1sok, a folyamatban l\u00e9v\u0151 ter\u00e1pi\u00e1kkal val\u00f3 esetleges k\u00f6lcs\u00f6nhat\u00e1sok elker\u00fcl\u00e9se \u00e9rdek\u00e9ben.<\/p>\n<\/blockquote>","protected":false},"excerpt":{"rendered":"<p><span class=\"span-reading-time rt-reading-time\" style=\"display: block;\"><span class=\"rt-label rt-prefix\">Olvas\u00e1si id\u0151<\/span> <span class=\"rt-time\"> 10<\/span> <span class=\"rt-label rt-postfix\">percek<\/span><\/span>Krebs verstehen ist die Grundlage f\u00fcr eine wirksame und nebenwirkungsarme, ganzheitlich umfassende Therapie. Sind Mechanismen gedanklich erfasst und tumorspezifische Fakten bekannt, lassen sich gezielt Therapien entwickeln, die alle Sachverhalte, von der Entstehung \u00fcber die Metastasierung bis zu neuen Therapieans\u00e4tzen ber\u00fccksichtigen. Was ist Krebs? Jede Zelle im K\u00f6rper folgt einem pr\u00e4zisen Regelwerk: Sie w\u00e4chst, teilt sich,&hellip;&nbsp;<a href=\"https:\/\/csiag.de\/hu\/blog\/2026\/04\/01\/krebs-verstehen\/\" rel=\"bookmark\">Olvass tov\u00e1bb \"<span class=\"screen-reader-text\">Meg\u00e9rteni a r\u00e1kot<\/span><\/a><\/p>","protected":false},"author":1,"featured_media":0,"comment_status":"open","ping_status":"open","sticky":false,"template":"","format":"standard","meta":{"_lmt_disableupdate":"","_lmt_disable":"","neve_meta_sidebar":"","neve_meta_container":"","neve_meta_enable_content_width":"","neve_meta_content_width":0,"neve_meta_title_alignment":"","neve_meta_author_avatar":"","neve_post_elements_order":"","neve_meta_disable_header":"","neve_meta_disable_footer":"","neve_meta_disable_title":"","footnotes":""},"categories":[1078],"tags":[],"class_list":["post-13333","post","type-post","status-publish","format-standard","hentry","category-medizin"],"modified_by":"Achim Goerner","_links":{"self":[{"href":"https:\/\/csiag.de\/hu\/wp-json\/wp\/v2\/posts\/13333","targetHints":{"allow":["GET"]}}],"collection":[{"href":"https:\/\/csiag.de\/hu\/wp-json\/wp\/v2\/posts"}],"about":[{"href":"https:\/\/csiag.de\/hu\/wp-json\/wp\/v2\/types\/post"}],"author":[{"embeddable":true,"href":"https:\/\/csiag.de\/hu\/wp-json\/wp\/v2\/users\/1"}],"replies":[{"embeddable":true,"href":"https:\/\/csiag.de\/hu\/wp-json\/wp\/v2\/comments?post=13333"}],"version-history":[{"count":2,"href":"https:\/\/csiag.de\/hu\/wp-json\/wp\/v2\/posts\/13333\/revisions"}],"predecessor-version":[{"id":13709,"href":"https:\/\/csiag.de\/hu\/wp-json\/wp\/v2\/posts\/13333\/revisions\/13709"}],"wp:attachment":[{"href":"https:\/\/csiag.de\/hu\/wp-json\/wp\/v2\/media?parent=13333"}],"wp:term":[{"taxonomy":"category","embeddable":true,"href":"https:\/\/csiag.de\/hu\/wp-json\/wp\/v2\/categories?post=13333"},{"taxonomy":"post_tag","embeddable":true,"href":"https:\/\/csiag.de\/hu\/wp-json\/wp\/v2\/tags?post=13333"}],"curies":[{"name":"wp","href":"https:\/\/api.w.org\/{rel}","templated":true}]}}