{"id":12553,"date":"2026-04-05T15:51:31","date_gmt":"2026-04-05T15:51:31","guid":{"rendered":"https:\/\/csiag.de\/?p=12553"},"modified":"2026-04-06T18:01:06","modified_gmt":"2026-04-06T18:01:06","slug":"sebastian-kneipp","status":"publish","type":"post","link":"https:\/\/csiag.de\/es\/blog\/2026\/04\/05\/sebastian-kneipp\/","title":{"rendered":"Sebasti\u00e1n Kneipp"},"content":{"rendered":"<div id=\"ez-toc-container\" class=\"ez-toc-v2_0_82_2 counter-hierarchy ez-toc-counter ez-toc-grey ez-toc-container-direction\">\n<div class=\"ez-toc-title-container\">\n<p class=\"ez-toc-title\" style=\"cursor:inherit\">Tabla de contenido<\/p>\n<span class=\"ez-toc-title-toggle\"><\/span><\/div>\n<nav><ul class='ez-toc-list ez-toc-list-level-1' ><li class='ez-toc-page-1 ez-toc-heading-level-2'><a class=\"ez-toc-link ez-toc-heading-1\" href=\"https:\/\/csiag.de\/es\/blog\/2026\/04\/05\/sebastian-kneipp\/#Leben_zwischen_Armut_Glaube_und_Naturheilkunde\" >Vivir entre la pobreza, la fe y la medicina natural.<\/a><\/li><li class='ez-toc-page-1 ez-toc-heading-level-2'><a class=\"ez-toc-link ez-toc-heading-2\" href=\"https:\/\/csiag.de\/es\/blog\/2026\/04\/05\/sebastian-kneipp\/#Kneipps_Heilsystem_Die_funf_Saulen\" >El sistema de curaci\u00f3n de Kneipp: Los cinco pilares<\/a><ul class='ez-toc-list-level-3' ><li class='ez-toc-heading-level-3'><a class=\"ez-toc-link ez-toc-heading-3\" href=\"https:\/\/csiag.de\/es\/blog\/2026\/04\/05\/sebastian-kneipp\/#Ubersicht_des_Systems\" >Vista general del sistema<\/a><\/li><li class='ez-toc-page-1 ez-toc-heading-level-3'><a class=\"ez-toc-link ez-toc-heading-4\" href=\"https:\/\/csiag.de\/es\/blog\/2026\/04\/05\/sebastian-kneipp\/#Hydrotherapie_Wasseranwendungen\" >Hidroterapia (aplicaciones de agua)<\/a><\/li><li class='ez-toc-page-1 ez-toc-heading-level-3'><a class=\"ez-toc-link ez-toc-heading-5\" href=\"https:\/\/csiag.de\/es\/blog\/2026\/04\/05\/sebastian-kneipp\/#Phytotherapie_Pflanzenheilkunde\" >Fitoterapia (medicina herbal)<\/a><\/li><li class='ez-toc-page-1 ez-toc-heading-level-3'><a class=\"ez-toc-link ez-toc-heading-6\" href=\"https:\/\/csiag.de\/es\/blog\/2026\/04\/05\/sebastian-kneipp\/#Bewegungstherapie\" >Terapia de movimiento<\/a><\/li><li class='ez-toc-page-1 ez-toc-heading-level-3'><a class=\"ez-toc-link ez-toc-heading-7\" href=\"https:\/\/csiag.de\/es\/blog\/2026\/04\/05\/sebastian-kneipp\/#Ernahrungstherapie\" >Terapia nutricional<\/a><\/li><li class='ez-toc-page-1 ez-toc-heading-level-3'><a class=\"ez-toc-link ez-toc-heading-8\" href=\"https:\/\/csiag.de\/es\/blog\/2026\/04\/05\/sebastian-kneipp\/#Ordnungstherapie_Lebensordnung\" >Terapia del orden (orden vital)<\/a><\/li><\/ul><\/li><li class='ez-toc-page-1 ez-toc-heading-level-2'><a class=\"ez-toc-link ez-toc-heading-9\" href=\"https:\/\/csiag.de\/es\/blog\/2026\/04\/05\/sebastian-kneipp\/#Kneipps_Hauptwerke\" >Obras principales de Kneipp<\/a><ul class='ez-toc-list-level-3' ><li class='ez-toc-heading-level-3'><a class=\"ez-toc-link ez-toc-heading-10\" href=\"https:\/\/csiag.de\/es\/blog\/2026\/04\/05\/sebastian-kneipp\/#%E2%80%9EMeine_Wasserkur%E2%80%9C_1886\" >\u201eMi cura de agua\u201c (1886)<\/a><\/li><li class='ez-toc-page-1 ez-toc-heading-level-3'><a class=\"ez-toc-link ez-toc-heading-11\" href=\"https:\/\/csiag.de\/es\/blog\/2026\/04\/05\/sebastian-kneipp\/#%E2%80%9ESo_sollt_ihr_leben%E2%80%9C_1889\" >\u201e\u00a1As\u00ed deb\u00e9is vivir!\u201c<\/a><\/li><li class='ez-toc-page-1 ez-toc-heading-level-3'><a class=\"ez-toc-link ez-toc-heading-12\" href=\"https:\/\/csiag.de\/es\/blog\/2026\/04\/05\/sebastian-kneipp\/#%E2%80%9EMein_Testament_fur_Gesunde_und_Kranke%E2%80%9C_1894\" >\u201eMi testamento para sanos y enfermos\u201c (1894)<\/a><\/li><li class='ez-toc-page-1 ez-toc-heading-level-3'><a class=\"ez-toc-link ez-toc-heading-13\" href=\"https:\/\/csiag.de\/es\/blog\/2026\/04\/05\/sebastian-kneipp\/#Weitere_Schriften\" >Otras escrituras<\/a><\/li><\/ul><\/li><li class='ez-toc-page-1 ez-toc-heading-level-2'><a class=\"ez-toc-link ez-toc-heading-14\" href=\"https:\/\/csiag.de\/es\/blog\/2026\/04\/05\/sebastian-kneipp\/#Kneipp-Methoden_%E2%80%93_wissenschaftlich_betrachtet\" >M\u00e9todos Kneipp: una perspectiva cient\u00edfica<\/a><ul class='ez-toc-list-level-3' ><li class='ez-toc-heading-level-3'><a class=\"ez-toc-link ez-toc-heading-15\" href=\"https:\/\/csiag.de\/es\/blog\/2026\/04\/05\/sebastian-kneipp\/#Hydrotherapie_%E2%80%93_Wasseranwendungen\" >Hidroterapia - tratamientos acu\u00e1ticos<\/a><ul class='ez-toc-list-level-4' ><li class='ez-toc-heading-level-4'><a class=\"ez-toc-link ez-toc-heading-16\" href=\"https:\/\/csiag.de\/es\/blog\/2026\/04\/05\/sebastian-kneipp\/#Grundprinzip_Thermoregulation\" >Principio fundamental: Termorregulaci\u00f3n<\/a><\/li><li class='ez-toc-page-1 ez-toc-heading-level-4'><a class=\"ez-toc-link ez-toc-heading-17\" href=\"https:\/\/csiag.de\/es\/blog\/2026\/04\/05\/sebastian-kneipp\/#Spezifische_Anwendungen\" >Aplicaciones espec\u00edficas<\/a><\/li><li class='ez-toc-page-1 ez-toc-heading-level-4'><a class=\"ez-toc-link ez-toc-heading-18\" href=\"https:\/\/csiag.de\/es\/blog\/2026\/04\/05\/sebastian-kneipp\/#Risiken_der_Hydrotherapie\" >Riesgos de la hidroterapia<\/a><\/li><\/ul><\/li><li class='ez-toc-page-1 ez-toc-heading-level-3'><a class=\"ez-toc-link ez-toc-heading-19\" href=\"https:\/\/csiag.de\/es\/blog\/2026\/04\/05\/sebastian-kneipp\/#Phytotherapie_Pflanzenheilkunde-2\" >Fitoterapia (medicina herbal)<\/a><ul class='ez-toc-list-level-4' ><li class='ez-toc-heading-level-4'><a class=\"ez-toc-link ez-toc-heading-20\" href=\"https:\/\/csiag.de\/es\/blog\/2026\/04\/05\/sebastian-kneipp\/#Johanniskraut_Hypericum_perforatum\" >Hierba de San Juan (Hypericum perforatum)<\/a><\/li><li class='ez-toc-page-1 ez-toc-heading-level-4'><a class=\"ez-toc-link ez-toc-heading-21\" href=\"https:\/\/csiag.de\/es\/blog\/2026\/04\/05\/sebastian-kneipp\/#Baldrian_Valeriana_officinalis\" >Valeriana (Valeriana officinalis)<\/a><\/li><li class='ez-toc-page-1 ez-toc-heading-level-4'><a class=\"ez-toc-link ez-toc-heading-22\" href=\"https:\/\/csiag.de\/es\/blog\/2026\/04\/05\/sebastian-kneipp\/#Arnika_Arnica_montana\" >\u00c1rnica (Arnica montana)<\/a><\/li><li class='ez-toc-page-1 ez-toc-heading-level-4'><a class=\"ez-toc-link ez-toc-heading-23\" href=\"https:\/\/csiag.de\/es\/blog\/2026\/04\/05\/sebastian-kneipp\/#Kamille_Matricaria_chamomilla\" >Manzanilla (Matricaria chamomilla)<\/a><\/li><\/ul><\/li><li class='ez-toc-page-1 ez-toc-heading-level-3'><a class=\"ez-toc-link ez-toc-heading-24\" href=\"https:\/\/csiag.de\/es\/blog\/2026\/04\/05\/sebastian-kneipp\/#Bewegungstherapie-2\" >Terapia de movimiento<\/a><\/li><li class='ez-toc-page-1 ez-toc-heading-level-3'><a class=\"ez-toc-link ez-toc-heading-25\" href=\"https:\/\/csiag.de\/es\/blog\/2026\/04\/05\/sebastian-kneipp\/#Ernahrungstherapie-2\" >Terapia nutricional<\/a><ul class='ez-toc-list-level-4' ><li class='ez-toc-heading-level-4'><a class=\"ez-toc-link ez-toc-heading-26\" href=\"https:\/\/csiag.de\/es\/blog\/2026\/04\/05\/sebastian-kneipp\/#Vollwertkost_und_pflanzenbetonte_Ernahrung\" >Dieta integral y dieta basada en plantas<\/a><\/li><li class='ez-toc-page-1 ez-toc-heading-level-4'><a class=\"ez-toc-link ez-toc-heading-27\" href=\"https:\/\/csiag.de\/es\/blog\/2026\/04\/05\/sebastian-kneipp\/#Hafer_speziell\" >Avena especial<\/a><\/li><\/ul><\/li><li class='ez-toc-page-1 ez-toc-heading-level-3'><a class=\"ez-toc-link ez-toc-heading-28\" href=\"https:\/\/csiag.de\/es\/blog\/2026\/04\/05\/sebastian-kneipp\/#Ordnungstherapie_Lebensordnung-2\" >Terapia del orden (orden vital)<\/a><ul class='ez-toc-list-level-4' ><li class='ez-toc-heading-level-4'><a class=\"ez-toc-link ez-toc-heading-29\" href=\"https:\/\/csiag.de\/es\/blog\/2026\/04\/05\/sebastian-kneipp\/#Chronobiologie_und_Tagesrhythmus\" >Cronobiolog\u00eda y ritmo circadiano<\/a><\/li><li class='ez-toc-page-1 ez-toc-heading-level-4'><a class=\"ez-toc-link ez-toc-heading-30\" href=\"https:\/\/csiag.de\/es\/blog\/2026\/04\/05\/sebastian-kneipp\/#Naturkontakt_und_Gesundheit\" >Contacto con la naturaleza y salud<\/a><\/li><li class='ez-toc-page-1 ez-toc-heading-level-4'><a class=\"ez-toc-link ez-toc-heading-31\" href=\"https:\/\/csiag.de\/es\/blog\/2026\/04\/05\/sebastian-kneipp\/#Soziale_Einbindung\" >Integraci\u00f3n social<\/a><\/li><li class='ez-toc-page-1 ez-toc-heading-level-4'><a class=\"ez-toc-link ez-toc-heading-32\" href=\"https:\/\/csiag.de\/es\/blog\/2026\/04\/05\/sebastian-kneipp\/#Mind-Body-Medizin\" >Medicina Mente-Cuerpo<\/a><\/li><\/ul><\/li><\/ul><\/li><li class='ez-toc-page-1 ez-toc-heading-level-2'><a class=\"ez-toc-link ez-toc-heading-33\" href=\"https:\/\/csiag.de\/es\/blog\/2026\/04\/05\/sebastian-kneipp\/#Wissenschaftliche_Bewertung\" >Evaluaci\u00f3n cient\u00edfica<\/a><ul class='ez-toc-list-level-3' ><li class='ez-toc-heading-level-3'><a class=\"ez-toc-link ez-toc-heading-34\" href=\"https:\/\/csiag.de\/es\/blog\/2026\/04\/05\/sebastian-kneipp\/#Evidenzstarke_der_funf_Saulen\" >Fuerza de la evidencia de los cinco pilares<\/a><\/li><li class='ez-toc-page-1 ez-toc-heading-level-3'><a class=\"ez-toc-link ez-toc-heading-35\" href=\"https:\/\/csiag.de\/es\/blog\/2026\/04\/05\/sebastian-kneipp\/#Was_war_Kneipps_eigene_Leistung\" >\u00bfCu\u00e1l fue el logro del propio Kneipp?<\/a><\/li><\/ul><\/li><li class='ez-toc-page-1 ez-toc-heading-level-2'><a class=\"ez-toc-link ez-toc-heading-36\" href=\"https:\/\/csiag.de\/es\/blog\/2026\/04\/05\/sebastian-kneipp\/#Kritische_Stimmen_und_Kontroversen\" >Voces cr\u00edticas y controversias<\/a><ul class='ez-toc-list-level-3' ><li class='ez-toc-heading-level-3'><a class=\"ez-toc-link ez-toc-heading-37\" href=\"https:\/\/csiag.de\/es\/blog\/2026\/04\/05\/sebastian-kneipp\/#Zeitgenossische_Kritik_19_Jahrhundert\" >Cr\u00edtica contempor\u00e1nea (siglo XIX)<\/a><\/li><li class='ez-toc-page-1 ez-toc-heading-level-3'><a class=\"ez-toc-link ez-toc-heading-38\" href=\"https:\/\/csiag.de\/es\/blog\/2026\/04\/05\/sebastian-kneipp\/#Moderne_wissenschaftliche_Kritik\" >Cr\u00edtica cient\u00edfica moderna<\/a><\/li><li class='ez-toc-page-1 ez-toc-heading-level-3'><a class=\"ez-toc-link ez-toc-heading-39\" href=\"https:\/\/csiag.de\/es\/blog\/2026\/04\/05\/sebastian-kneipp\/#Kritik_an_kommerzieller_%E2%80%9EKneipp-Industrie%E2%80%9C\" >Cr\u00edtica a la \u201eindustria Kneipp\u201c comercial\u201c<\/a><\/li><li class='ez-toc-page-1 ez-toc-heading-level-3'><a class=\"ez-toc-link ez-toc-heading-40\" href=\"https:\/\/csiag.de\/es\/blog\/2026\/04\/05\/sebastian-kneipp\/#Risiken_bei_falscher_Anwendung\" >Riesgos de un uso incorrecto<\/a><\/li><li class='ez-toc-page-1 ez-toc-heading-level-3'><a class=\"ez-toc-link ez-toc-heading-41\" href=\"https:\/\/csiag.de\/es\/blog\/2026\/04\/05\/sebastian-kneipp\/#Gefahr_der_Alternativmedizin-Falle\" >Peligro de la trampa de la medicina alternativa<\/a><\/li><\/ul><\/li><li class='ez-toc-page-1 ez-toc-heading-level-2'><a class=\"ez-toc-link ez-toc-heading-42\" href=\"https:\/\/csiag.de\/es\/blog\/2026\/04\/05\/sebastian-kneipp\/#Kneipp_in_der_modernen_medizinischen_Praxis\" >Kneipp en la pr\u00e1ctica m\u00e9dica moderna<\/a><ul class='ez-toc-list-level-3' ><li class='ez-toc-heading-level-3'><a class=\"ez-toc-link ez-toc-heading-43\" href=\"https:\/\/csiag.de\/es\/blog\/2026\/04\/05\/sebastian-kneipp\/#Integration_in_Schulmedizin\" >Integraci\u00f3n en la medicina acad\u00e9mica<\/a><\/li><li class='ez-toc-page-1 ez-toc-heading-level-3'><a class=\"ez-toc-link ez-toc-heading-44\" href=\"https:\/\/csiag.de\/es\/blog\/2026\/04\/05\/sebastian-kneipp\/#Kneipp-Zertifizierungen\" >Certificaciones Kneipp<\/a><\/li><li class='ez-toc-page-1 ez-toc-heading-level-3'><a class=\"ez-toc-link ez-toc-heading-45\" href=\"https:\/\/csiag.de\/es\/blog\/2026\/04\/05\/sebastian-kneipp\/#Wissenschaftliche_Forschung_heute\" >Investigaci\u00f3n cient\u00edfica hoy<\/a><\/li><\/ul><\/li><li class='ez-toc-page-1 ez-toc-heading-level-2'><a class=\"ez-toc-link ez-toc-heading-46\" href=\"https:\/\/csiag.de\/es\/blog\/2026\/04\/05\/sebastian-kneipp\/#Kneipps_Bildungsweg_und_intellektuelle_Entwicklung\" >Trayectoria educativa y desarrollo intelectual de Kneipp<\/a><ul class='ez-toc-list-level-3' ><li class='ez-toc-heading-level-3'><a class=\"ez-toc-link ez-toc-heading-47\" href=\"https:\/\/csiag.de\/es\/blog\/2026\/04\/05\/sebastian-kneipp\/#Autodidaktisches_Lernen\" >Aprendizaje autodidacta<\/a><\/li><li class='ez-toc-page-1 ez-toc-heading-level-3'><a class=\"ez-toc-link ez-toc-heading-48\" href=\"https:\/\/csiag.de\/es\/blog\/2026\/04\/05\/sebastian-kneipp\/#Systematisierung_des_Wissens\" >Sistematizaci\u00f3n del conocimiento<\/a><\/li><\/ul><\/li><li class='ez-toc-page-1 ez-toc-heading-level-2'><a class=\"ez-toc-link ez-toc-heading-49\" href=\"https:\/\/csiag.de\/es\/blog\/2026\/04\/05\/sebastian-kneipp\/#Religiose_Dimensionen_bei_Kneipp\" >Dimensiones religiosas de Kneipp<\/a><ul class='ez-toc-list-level-3' ><li class='ez-toc-heading-level-3'><a class=\"ez-toc-link ez-toc-heading-50\" href=\"https:\/\/csiag.de\/es\/blog\/2026\/04\/05\/sebastian-kneipp\/#Kneipp_als_katholischer_Priester\" >Kneipp como sacerdote cat\u00f3lico<\/a><\/li><li class='ez-toc-page-1 ez-toc-heading-level-3'><a class=\"ez-toc-link ez-toc-heading-51\" href=\"https:\/\/csiag.de\/es\/blog\/2026\/04\/05\/sebastian-kneipp\/#Unterschied_zu_esoterischen_Ansatzen\" >Diferencia con enfoques esot\u00e9ricos<\/a><\/li><\/ul><\/li><li class='ez-toc-page-1 ez-toc-heading-level-2'><a class=\"ez-toc-link ez-toc-heading-52\" href=\"https:\/\/csiag.de\/es\/blog\/2026\/04\/05\/sebastian-kneipp\/#Kneipp-Bewegung_und_gesellschaftlicher_Einfluss\" >Movimiento Kneipp e influencia social<\/a><ul class='ez-toc-list-level-3' ><li class='ez-toc-heading-level-3'><a class=\"ez-toc-link ez-toc-heading-53\" href=\"https:\/\/csiag.de\/es\/blog\/2026\/04\/05\/sebastian-kneipp\/#Lebensreformbewegung\" >Movimiento de reforma de la vida<\/a><\/li><li class='ez-toc-page-1 ez-toc-heading-level-3'><a class=\"ez-toc-link ez-toc-heading-54\" href=\"https:\/\/csiag.de\/es\/blog\/2026\/04\/05\/sebastian-kneipp\/#Kneipp-Vereine\" >Asociaciones Kneipp<\/a><\/li><li class='ez-toc-page-1 ez-toc-heading-level-3'><a class=\"ez-toc-link ez-toc-heading-55\" href=\"https:\/\/csiag.de\/es\/blog\/2026\/04\/05\/sebastian-kneipp\/#Bad_Worishofen_als_Kneipp-Kurort\" >Bad W\u00f6rishofen como balneario Kneipp<\/a><\/li><\/ul><\/li><li class='ez-toc-page-1 ez-toc-heading-level-2'><a class=\"ez-toc-link ez-toc-heading-56\" href=\"https:\/\/csiag.de\/es\/blog\/2026\/04\/05\/sebastian-kneipp\/#Kritische_Gesamtbewertung\" >Evaluaci\u00f3n general cr\u00edtica<\/a><ul class='ez-toc-list-level-3' ><li class='ez-toc-heading-level-3'><a class=\"ez-toc-link ez-toc-heading-57\" href=\"https:\/\/csiag.de\/es\/blog\/2026\/04\/05\/sebastian-kneipp\/#Starken_von_Kneipps_System\" >Puntos fuertes del sistema Kneipp<\/a><\/li><li class='ez-toc-page-1 ez-toc-heading-level-3'><a class=\"ez-toc-link ez-toc-heading-58\" href=\"https:\/\/csiag.de\/es\/blog\/2026\/04\/05\/sebastian-kneipp\/#Schwachen_und_Limitationen\" >Debilidades y limitaciones<\/a><\/li><li class='ez-toc-page-1 ez-toc-heading-level-3'><a class=\"ez-toc-link ez-toc-heading-59\" href=\"https:\/\/csiag.de\/es\/blog\/2026\/04\/05\/sebastian-kneipp\/#Moderne_Einordnung\" >Categorizaci\u00f3n moderna<\/a><\/li><\/ul><\/li><li class='ez-toc-page-1 ez-toc-heading-level-2'><a class=\"ez-toc-link ez-toc-heading-60\" href=\"https:\/\/csiag.de\/es\/blog\/2026\/04\/05\/sebastian-kneipp\/#Wissenschaftliche_Quellen_und_weiterfuhrende_Literatur\" >Fuentes cient\u00edficas y lecturas complementarias<\/a><ul class='ez-toc-list-level-3' ><li class='ez-toc-heading-level-3'><a class=\"ez-toc-link ez-toc-heading-61\" href=\"https:\/\/csiag.de\/es\/blog\/2026\/04\/05\/sebastian-kneipp\/#Systematische_Reviews_und_Meta-Analysen\" >Revisiones sistem\u00e1ticas y metaan\u00e1lisis<\/a><\/li><li class='ez-toc-page-1 ez-toc-heading-level-3'><a class=\"ez-toc-link ez-toc-heading-62\" href=\"https:\/\/csiag.de\/es\/blog\/2026\/04\/05\/sebastian-kneipp\/#Bucher_und_Monographien\" >Libros y monograf\u00edas<\/a><\/li><li class='ez-toc-page-1 ez-toc-heading-level-3'><a class=\"ez-toc-link ez-toc-heading-63\" href=\"https:\/\/csiag.de\/es\/blog\/2026\/04\/05\/sebastian-kneipp\/#Kritische_Literatur\" >Literatura cr\u00edtica<\/a><\/li><li class='ez-toc-page-1 ez-toc-heading-level-3'><a class=\"ez-toc-link ez-toc-heading-64\" href=\"https:\/\/csiag.de\/es\/blog\/2026\/04\/05\/sebastian-kneipp\/#Institutionelle_Quellen\" >Fuentes institucionales<\/a><\/li><li class='ez-toc-page-1 ez-toc-heading-level-3'><a class=\"ez-toc-link ez-toc-heading-65\" href=\"https:\/\/csiag.de\/es\/blog\/2026\/04\/05\/sebastian-kneipp\/#Sebastian_Kneipp_aus_wissenschaftlicher_Sicht\" >Sebasti\u00e1n Kneipp desde una perspectiva cient\u00edfica<\/a><\/li><li class='ez-toc-page-1 ez-toc-heading-level-3'><a class=\"ez-toc-link ez-toc-heading-66\" href=\"https:\/\/csiag.de\/es\/blog\/2026\/04\/05\/sebastian-kneipp\/#Relevanz_heute\" >Relevancia hoy<\/a><\/li><\/ul><\/li><\/ul><\/nav><\/div>\n<span class=\"span-reading-time rt-reading-time\" style=\"display: block;\"><span class=\"rt-label rt-prefix\">Tiempo de leer<\/span> <span class=\"rt-time\"> 13<\/span> <span class=\"rt-label rt-postfix\">minutos<\/span><\/span><div class=\"pdfprnt-buttons pdfprnt-buttons-post pdfprnt-top-right\"><a href=\"https:\/\/csiag.de\/es\/wp-json\/wp\/v2\/posts\/12553?print=pdf\" class=\"pdfprnt-button pdfprnt-button-pdf\" target=\"_blank\" ><\/a><a href=\"https:\/\/csiag.de\/es\/wp-json\/wp\/v2\/posts\/12553?print=print\" class=\"pdfprnt-button pdfprnt-button-print\" target=\"_blank\" ><img decoding=\"async\" src=\"https:\/\/csiag.de\/wp-content\/plugins\/pdf-print\/images\/print.png\" alt=\"imagen_imprimir\" title=\"Imprimir contenido\" \/><span class=\"pdfprnt-button-title pdfprnt-button-print-title\">Imprimir<\/span><\/a><\/div>\n<h2 class=\"wp-block-heading\"><span class=\"ez-toc-section\" id=\"Leben_zwischen_Armut_Glaube_und_Naturheilkunde\"><\/span>Vivir entre la pobreza, la fe y la medicina natural.<span class=\"ez-toc-section-end\"><\/span><\/h2>\n\n\n\n<p><em>Sebasti\u00e1n Kneipp<\/em> naci\u00f3 el 17 de mayo de 1821 en Stephansried, cerca de Ottobeuren, en Baviera. Su familia viv\u00eda en condiciones modestas.<br>El padre <em>Javier<\/em> war Weber, die Mutter <em>Rosina<\/em> cuidaban de los muchos ni\u00f1os. Como era habitual entonces en las familias de obreros rurales, Sebastian ayudaba desde temprano, como pastor y ayudante de tejedor; la educaci\u00f3n escolar era casi impensable.<\/p>\n\n\n\n<p>Sin embargo, persigui\u00f3 con tenacidad el deseo de ser sacerdote. A los 23 a\u00f1os, el capell\u00e1n le permiti\u00f3 <em>Matthias Merkle<\/em> la entrada tard\u00eda al gimnasio, y Kneipp recuper\u00f3 lo que otros hab\u00edan aprendido de ni\u00f1os. A partir de 1848, estudi\u00f3 teolog\u00eda en Dillingen y M\u00fanich.<\/p>\n\n\n\n<p>Durante sus estudios contrajo tuberculosis. En busca de alivio, encontr\u00f3 un escrito del m\u00e9dico <em>Johann Siegemund Hahn<\/em>, a quien se atribuye el efecto curativo de las aplicaciones de agua fr\u00eda. Kneipp prob\u00f3 el m\u00e9todo en s\u00ed mismo, con ba\u00f1os en el Danubio, y atribuy\u00f3 su recuperaci\u00f3n a esta pr\u00e1ctica. En 1852 fue ordenado sacerdote.<\/p>\n\n\n\n<p>Tras algunos a\u00f1os como capell\u00e1n, en 1855 lleg\u00f3 al monasterio de dominicas de W\u00f6rishofen como confesor. All\u00ed sigui\u00f3 desarrollando sus aplicaciones de agua y trat\u00f3 cada vez m\u00e1s a enfermos de la zona. La afluencia creci\u00f3 constantemente y, a partir de la d\u00e9cada de 1880, Bad W\u00f6rishofen se convirti\u00f3 en un conocido balneario. Kneipp fue nombrado p\u00e1rroco en 1881 y monse\u00f1or en 1889.<\/p>\n\n\n\n<p>Muri\u00f3 el 17 de junio de 1897 a la edad de 76 a\u00f1os. Sus m\u00e9todos de curaci\u00f3n natural, hoy conocidos como la cura Kneipp, se aplican hasta el d\u00eda de hoy.<\/p>\n\n\n\n<h2 class=\"wp-block-heading\"><span class=\"ez-toc-section\" id=\"Kneipps_Heilsystem_Die_funf_Saulen\"><\/span>El sistema de curaci\u00f3n de Kneipp: Los cinco pilares<span class=\"ez-toc-section-end\"><\/span><\/h2>\n\n\n\n<h3 class=\"wp-block-heading\"><span class=\"ez-toc-section\" id=\"Ubersicht_des_Systems\"><\/span>Vista general del sistema<span class=\"ez-toc-section-end\"><\/span><\/h3>\n\n\n\n<p>Kneipp desarroll\u00f3 un <strong>terapia naturista integral<\/strong> con cinco elementos:<\/p>\n\n\n\n<ol class=\"wp-block-list\">\n<li><strong>Hidroterapia<\/strong> (Aplicaciones acu\u00e1ticas)<\/li>\n\n\n\n<li><strong>Fitoterapia<\/strong> (Fitoterapia)<\/li>\n\n\n\n<li><strong>Terapia de movimiento<\/strong><\/li>\n\n\n\n<li><strong>Terapia nutricional<\/strong> Diet\u00e9tica<\/li>\n\n\n\n<li><strong>Terapia de orden<\/strong> Orden de vida<\/li>\n<\/ol>\n\n\n\n<p><strong>Importante:<\/strong> Este fue un <strong>Sistema completo<\/strong>, \u00a1no solo \u201episar agua\u201c!<\/p>\n\n\n\n<h3 class=\"wp-block-heading\"><span class=\"ez-toc-section\" id=\"Hydrotherapie_Wasseranwendungen\"><\/span>Hidroterapia (aplicaciones de agua)<span class=\"ez-toc-section-end\"><\/span><\/h3>\n\n\n\n<p><strong>Principio b\u00e1sico:<\/strong> Est\u00edmulos de temperatura con agua fr\u00eda\/c\u00e1lida para el endurecimiento y la estimulaci\u00f3n del organismo.<\/p>\n\n\n\n<p><strong>Aplicaciones principales<\/strong><\/p>\n\n\n\n<p><strong>Wassertreten (\u201eandar de cig\u00fce\u00f1a\u201c):<\/strong><\/p>\n\n\n\n<ul class=\"wp-block-list\">\n<li>En agua fr\u00eda (10-18\u00b0C)<\/li>\n\n\n\n<li>A la altura de la rodilla<\/li>\n\n\n\n<li>Movimientos de gritos<\/li>\n\n\n\n<li>30 segundos a pocos minutos<\/li>\n\n\n\n<li><strong>Efecto declarado:<\/strong> Favorece la circulaci\u00f3n sangu\u00ednea, fortalece y refuerza el sistema inmunitario<\/li>\n<\/ul>\n\n\n\n<p><strong>Gastos:<\/strong><\/p>\n\n\n\n<ul class=\"wp-block-list\">\n<li>Riego Kneipp con agua fr\u00eda sobre diversas partes del cuerpo<\/li>\n\n\n\n<li>Fundici\u00f3n de brazos, fundici\u00f3n de muslos, fundici\u00f3n de rodilla, fundici\u00f3n de espalda<\/li>\n\n\n\n<li>T\u00e9cnicas espec\u00edficas (presi\u00f3n, temperatura, duraci\u00f3n)<\/li>\n<\/ul>\n\n\n\n<p><strong>Envoltorios y paquetes:<\/strong><\/p>\n\n\n\n<ul class=\"wp-block-list\">\n<li>Compresas fr\u00edas y h\u00famedas o calientes<\/li>\n\n\n\n<li>Para diferentes partes del cuerpo<\/li>\n\n\n\n<li><strong>Efecto declarado:<\/strong> Dependiendo de la temperatura, activador o calmante<\/li>\n<\/ul>\n\n\n\n<p><strong>Ba\u00f1os<\/strong><\/p>\n\n\n\n<ul class=\"wp-block-list\">\n<li>Ba\u00f1os parciales, completos, de brazos<\/li>\n\n\n\n<li>Diferentes temperaturas<\/li>\n\n\n\n<li>A menudo con aditivos de hierbas<\/li>\n<\/ul>\n\n\n\n<p><strong>Rechazar:<\/strong><\/p>\n\n\n\n<ul class=\"wp-block-list\">\n<li>Caminar descalzo sobre la hierba cubierta de roc\u00edo<\/li>\n\n\n\n<li>Ma\u00f1ana<\/li>\n<\/ul>\n\n\n\n<p><strong>Nieve corriendo:<\/strong><\/p>\n\n\n\n<ul class=\"wp-block-list\">\n<li>Caminar descalzo sobre la nieve en invierno<\/li>\n\n\n\n<li>Corto (segundos a minutos)<\/li>\n<\/ul>\n\n\n\n<h3 class=\"wp-block-heading\"><span class=\"ez-toc-section\" id=\"Phytotherapie_Pflanzenheilkunde\"><\/span>Fitoterapia (medicina herbal)<span class=\"ez-toc-section-end\"><\/span><\/h3>\n\n\n\n<p><strong>El enfoque de Kneipp:<\/strong> Uso de plantas medicinales locales como t\u00e9s, ung\u00fcentos y aditivos para el ba\u00f1o.<\/p>\n\n\n\n<p><strong>Plantas importantes:<\/strong><\/p>\n\n\n\n<ul class=\"wp-block-list\">\n<li><strong>Arnika:<\/strong> Lesiones, inflamaciones<\/li>\n\n\n\n<li><strong>Valeriana<\/strong> Calma, sue\u00f1o<\/li>\n\n\n\n<li><strong>Hierba de San Juan:<\/strong> \u201eTrastornos nerviosos\u201c, estado de \u00e1nimo<\/li>\n\n\n\n<li><strong>Manzanilla:<\/strong> Molestias gastrointestinales, inflamaci\u00f3n<\/li>\n\n\n\n<li><strong>Cal\u00e9ndula<\/strong> curaci\u00f3n de heridas<\/li>\n\n\n\n<li><strong>Milenrama:<\/strong> Digesti\u00f3n, dolencias femeninas<\/li>\n\n\n\n<li><strong>Enebro<\/strong> Circulaci\u00f3n, reuma<\/li>\n<\/ul>\n\n\n\n<p><strong>Formulario de solicitud<\/strong><\/p>\n\n\n\n<ul class=\"wp-block-list\">\n<li><strong>Camisetas<\/strong> (interiormente)<\/li>\n\n\n\n<li><strong>Aditivos para ba\u00f1os<\/strong> (externo)<\/li>\n\n\n\n<li><strong>Cremas y aceites<\/strong><\/li>\n\n\n\n<li><strong>Envoltura<\/strong> (con decocci\u00f3n de hierbas)<\/li>\n<\/ul>\n\n\n\n<h3 class=\"wp-block-heading\"><span class=\"ez-toc-section\" id=\"Bewegungstherapie\"><\/span>Terapia de movimiento<span class=\"ez-toc-section-end\"><\/span><\/h3>\n\n\n\n<p><strong>El principio de Kneipp:<\/strong> \u201eEl movimiento es vida\u201c \u2013 actividad f\u00edsica regular y moderada.<\/p>\n\n\n\n<p><strong>Actividades recomendadas:<\/strong><\/p>\n\n\n\n<ul class=\"wp-block-list\">\n<li><strong>Paseos<\/strong> (diariamente, en la naturaleza)<\/li>\n\n\n\n<li><strong>Caminar descalzo<\/strong> (Reflexolog\u00eda podal)<\/li>\n\n\n\n<li><strong>Gimnasia ligera<\/strong><\/li>\n\n\n\n<li><strong>Jardiner\u00eda<\/strong><\/li>\n\n\n\n<li><strong>Bailar<\/strong><\/li>\n<\/ul>\n\n\n\n<p><strong>Importante:<\/strong> No te esfuerces demasiado <strong>moderado<\/strong> \u00a1Mu\u00e9vete!<\/p>\n\n\n\n<h3 class=\"wp-block-heading\"><span class=\"ez-toc-section\" id=\"Ernahrungstherapie\"><\/span>Terapia nutricional<span class=\"ez-toc-section-end\"><\/span><\/h3>\n\n\n\n<p><strong>Principios nutricionales de Kneipp:<\/strong><\/p>\n\n\n\n<ol class=\"wp-block-list\">\n<li><strong>Dieta sencilla y natural:<\/strong>\n<ul class=\"wp-block-list\">\n<li>Pan integral en lugar de pan blanco<\/li>\n\n\n\n<li>Verduras, frutas<\/li>\n\n\n\n<li>Poca carne<\/li>\n\n\n\n<li>Evitar los \u201evenenos de lujo\u201c (alcohol, tabaco)<\/li>\n<\/ul>\n<\/li>\n\n\n\n<li><strong>Moderaci\u00f3n:<\/strong>\n<ul class=\"wp-block-list\">\n<li>No comer en exceso<\/li>\n\n\n\n<li>Comer despacio<\/li>\n\n\n\n<li>\u201eEl hombre es lo que come\u201c<\/li>\n<\/ul>\n<\/li>\n\n\n\n<li><strong>Productos regionales y de temporada:<\/strong>\n<ul class=\"wp-block-list\">\n<li>Lo que crece en la regi\u00f3n<\/li>\n\n\n\n<li>Fresco y sin procesar<\/li>\n<\/ul>\n<\/li>\n\n\n\n<li><strong>La avena como alimento b\u00e1sico:<\/strong>\n<ul class=\"wp-block-list\">\n<li>Avena, gachas<\/li>\n\n\n\n<li>\u201eLa avena es el mejor pienso concentrado.\u201c<\/li>\n<\/ul>\n<\/li>\n<\/ol>\n\n\n\n<p><strong>Cr\u00edtica a la alimentaci\u00f3n contempor\u00e1nea:<\/strong><\/p>\n\n\n\n<ul class=\"wp-block-list\">\n<li>Demasiada carne<\/li>\n\n\n\n<li>Demasiados alimentos \u201eartificiales<\/li>\n\n\n\n<li>Demasiado alcohol<\/li>\n<\/ul>\n\n\n\n<h3 class=\"wp-block-heading\"><span class=\"ez-toc-section\" id=\"Ordnungstherapie_Lebensordnung\"><\/span>Terapia del orden (orden vital)<span class=\"ez-toc-section-end\"><\/span><\/h3>\n\n\n\n<p><strong>Enfoque hol\u00edstico:<\/strong> Equilibrio an\u00edmico y vida ordenada como base de la salud.<\/p>\n\n\n\n<p><strong>Elementos:<\/strong><\/p>\n\n\n\n<ol class=\"wp-block-list\">\n<li><strong>Ritmo diario regular:<\/strong>\n<ul class=\"wp-block-list\">\n<li>Tiempos felices para dormir, comer, trabajar<\/li>\n\n\n\n<li>Lev\u00e1ntate temprano, acu\u00e9state temprano<\/li>\n<\/ul>\n<\/li>\n\n\n\n<li><strong>Trabajo y ocio en equilibrio:<\/strong>\n<ul class=\"wp-block-list\">\n<li>Ocupaci\u00f3n significativa (no ociosidad)<\/li>\n\n\n\n<li>Pero tambi\u00e9n descanso y relajaci\u00f3n<\/li>\n<\/ul>\n<\/li>\n\n\n\n<li><strong>Higiene mental:<\/strong>\n<ul class=\"wp-block-list\">\n<li>Evitar el estr\u00e9s, el enojo, las preocupaciones<\/li>\n\n\n\n<li>Pensamientos positivos<\/li>\n\n\n\n<li>Oraci\u00f3n y meditaci\u00f3n (de influencia cristiana)<\/li>\n<\/ul>\n<\/li>\n\n\n\n<li><strong>Integraci\u00f3n social<\/strong>\n<ul class=\"wp-block-list\">\n<li>Familia, Comunidad<\/li>\n\n\n\n<li>Servicialidad<\/li>\n<\/ul>\n<\/li>\n\n\n\n<li><strong>Cercan\u00eda a la naturaleza:<\/strong>\n<ul class=\"wp-block-list\">\n<li>Pasar tiempo en la naturaleza<\/li>\n\n\n\n<li>Observar los ritmos estacionales<\/li>\n<\/ul>\n<\/li>\n<\/ol>\n\n\n\n<p><strong>Cita de Kneipp:<\/strong><\/p>\n\n\n\n<blockquote class=\"wp-block-quote is-layout-flow wp-block-quote-is-layout-flow\">\n<p>\u201eSolo cuando empec\u00e9 a poner orden en las almas de mis pacientes, tuve pleno \u00e9xito.\u201c<\/p>\n<\/blockquote>\n\n\n\n<h2 class=\"wp-block-heading\"><span class=\"ez-toc-section\" id=\"Kneipps_Hauptwerke\"><\/span>Obras principales de Kneipp<span class=\"ez-toc-section-end\"><\/span><\/h2>\n\n\n\n<h3 class=\"wp-block-heading\"><span class=\"ez-toc-section\" id=\"%E2%80%9EMeine_Wasserkur%E2%80%9C_1886\"><\/span>\u201eMi cura de agua\u201c (1886)<span class=\"ez-toc-section-end\"><\/span><\/h3>\n\n\n\n<p><strong>Contenido:<\/strong><\/p>\n\n\n\n<ul class=\"wp-block-list\">\n<li>Representaci\u00f3n sistem\u00e1tica de la hidroterapia<\/li>\n\n\n\n<li>M\u00e1s de 120 aplicaciones de agua diferentes<\/li>\n\n\n\n<li>Indicaciones y contraindicaciones<\/li>\n\n\n\n<li>Orientaciones pr\u00e1cticas<\/li>\n<\/ul>\n\n\n\n<p><strong>Un \u00e9xito:<\/strong><\/p>\n\n\n\n<ul class=\"wp-block-list\">\n<li>Bestseller (m\u00e1s de un mill\u00f3n de ejemplares vendidos hasta 1900)<\/li>\n\n\n\n<li>Traducido a 14 idiomas<\/li>\n\n\n\n<li>Hizo que Kneipp fuera conocido internacionalmente<\/li>\n<\/ul>\n\n\n\n<h3 class=\"wp-block-heading\"><span class=\"ez-toc-section\" id=\"%E2%80%9ESo_sollt_ihr_leben%E2%80%9C_1889\"><\/span>\u201e\u00a1As\u00ed deb\u00e9is vivir!\u201c<span class=\"ez-toc-section-end\"><\/span><\/h3>\n\n\n\n<p><strong>Contenido:<\/strong><\/p>\n\n\n\n<ul class=\"wp-block-list\">\n<li>Consejos para una vida sana<\/li>\n\n\n\n<li>Alimentaci\u00f3n, ropa, vivienda<\/li>\n\n\n\n<li>Crianza de los hijos<\/li>\n\n\n\n<li>Prevenci\u00f3n de enfermedades<\/li>\n<\/ul>\n\n\n\n<p><strong>Personaje<\/strong><\/p>\n\n\n\n<ul class=\"wp-block-list\">\n<li>Ciencia popular<\/li>\n\n\n\n<li>Anecd\u00f3tico<\/li>\n\n\n\n<li>Caracterizaci\u00f3n moral y religiosa<\/li>\n<\/ul>\n\n\n\n<h3 class=\"wp-block-heading\"><span class=\"ez-toc-section\" id=\"%E2%80%9EMein_Testament_fur_Gesunde_und_Kranke%E2%80%9C_1894\"><\/span>\u201eMi testamento para sanos y enfermos\u201c (1894)<span class=\"ez-toc-section-end\"><\/span><\/h3>\n\n\n\n<p><strong>Contenido:<\/strong><\/p>\n\n\n\n<ul class=\"wp-block-list\">\n<li>Resumen de la obra de su vida<\/li>\n\n\n\n<li>Experiencias personales<\/li>\n\n\n\n<li>Sabidur\u00eda de vida<\/li>\n<\/ul>\n\n\n\n<h3 class=\"wp-block-heading\"><span class=\"ez-toc-section\" id=\"Weitere_Schriften\"><\/span>Otras escrituras<span class=\"ez-toc-section-end\"><\/span><\/h3>\n\n\n\n<ul class=\"wp-block-list\">\n<li>Art\u00edculos de revistas<\/li>\n\n\n\n<li>Folletos<\/li>\n\n\n\n<li>Correspondencia<\/li>\n<\/ul>\n\n\n\n<h2 class=\"wp-block-heading\"><span class=\"ez-toc-section\" id=\"Kneipp-Methoden_%E2%80%93_wissenschaftlich_betrachtet\"><\/span>M\u00e9todos Kneipp: una perspectiva cient\u00edfica<span class=\"ez-toc-section-end\"><\/span><\/h2>\n\n\n\n<h3 class=\"wp-block-heading\"><span class=\"ez-toc-section\" id=\"Hydrotherapie_%E2%80%93_Wasseranwendungen\"><\/span>Hidroterapia - tratamientos acu\u00e1ticos<span class=\"ez-toc-section-end\"><\/span><\/h3>\n\n\n\n<h4 class=\"wp-block-heading\"><span class=\"ez-toc-section\" id=\"Grundprinzip_Thermoregulation\"><\/span>Principio fundamental: Termorregulaci\u00f3n<span class=\"ez-toc-section-end\"><\/span><\/h4>\n\n\n\n<p><strong>Mecanismo fisiol\u00f3gico:<\/strong><\/p>\n\n\n\n<p>Cuando el agua fr\u00eda toca la piel:<\/p>\n\n\n\n<ol class=\"wp-block-list\">\n<li><strong>Vasoconstricci\u00f3n<\/strong> (Vasoconstricci\u00f3n) \u2192 La sangre es atra\u00edda desde la periferia hacia el interior del cuerpo<\/li>\n\n\n\n<li>Despu\u00e9s del est\u00edmulo: <strong>Hiperemia reactiva<\/strong> (Vasodilataci\u00f3n) \u2192 aumento del flujo sangu\u00edneo<\/li>\n\n\n\n<li><strong>Activaci\u00f3n del sistema nervioso simp\u00e1tico<\/strong> Liberaci\u00f3n de adrenalina<\/li>\n\n\n\n<li><strong>Termog\u00e9nesis<\/strong> \u2192 El cuerpo genera calor<\/li>\n<\/ol>\n\n\n\n<p><strong>Est\u00edmulos fr\u00edos repetidos<\/strong><\/p>\n\n\n\n<ul class=\"wp-block-list\">\n<li><strong>Efecto de la formaci\u00f3n<\/strong> sobre termorregulaci\u00f3n<\/li>\n\n\n\n<li><strong>Mejora de la reactividad vascular<\/strong><\/li>\n\n\n\n<li>Posiblemente <strong>Refuerzo de las defensas inmunitarias<\/strong> (disputado)<\/li>\n<\/ul>\n\n\n\n<p><strong>Estudios cient\u00edficos:<\/strong><\/p>\n\n\n\n<p><strong>Buijze et al. (2016)<\/strong> - <em>PLOS ONE<\/em>: \u201e<a href=\"https:\/\/pmc.ncbi.nlm.nih.gov\/articles\/PMC5025014\/\" target=\"_blank\" rel=\"noreferrer noopener\">El efecto de las duchas fr\u00edas en la salud y el trabajo: un ensayo controlado aleatorizado<\/a>\u201e<\/p>\n\n\n\n<ul class=\"wp-block-list\">\n<li>3018 participantes<\/li>\n\n\n\n<li>Intervenci\u00f3n: 30-90 segundos de ducha fr\u00eda al d\u00eda<\/li>\n\n\n\n<li>Resultado: <strong>29% Reducci\u00f3n de d\u00edas de enfermedad<\/strong><\/li>\n\n\n\n<li>Ninguna reducci\u00f3n de la incidencia de la enfermedad, sino una menor duraci\u00f3n de la enfermedad<\/li>\n\n\n\n<li><strong>Interpretaci\u00f3n:<\/strong> Posible mejora subjetiva del bienestar<\/li>\n<\/ul>\n\n\n\n<p><strong>Mooventhan y Nivethitha (2014)<\/strong> - <em>North American Journal of Medical Sciences<\/em>: \u201e<a href=\"https:\/\/pubmed.ncbi.nlm.nih.gov\/24926444\/\" target=\"_blank\" rel=\"noreferrer noopener\">Efectos de la hidroterapia en diversos sistemas corporales basados en pruebas cient\u00edficas<\/a>\u201e<\/p>\n\n\n\n<ul class=\"wp-block-list\">\n<li>Revisi\u00f3n de diversas aplicaciones hidroterap\u00e9uticas<\/li>\n\n\n\n<li>Evidencia para: <strong>Reducci\u00f3n del dolor<\/strong>, <strong>Mejora de la circulaci\u00f3n sangu\u00ednea<\/strong>, <strong>Relajaci\u00f3n<\/strong><\/li>\n\n\n\n<li>Evidencia moderada para: <strong>Inmunomodulaci\u00f3n<\/strong><\/li>\n\n\n\n<li><strong>Conclusi\u00f3n:<\/strong> La hidroterapia tiene efectos fisiol\u00f3gicos demostrables<\/li>\n<\/ul>\n\n\n\n<p><strong>Emma Moore et al. (14.02.2022)<\/strong> - \u201e<em>Revista Europea de Fisiolog\u00eda Aplicada<\/em>: \u201e<a href=\"https:\/\/link.springer.com\/article\/10.1007\/s40279-022-01644-9\" target=\"_blank\" rel=\"noreferrer noopener\">Impacto de la Inmersi\u00f3n en Agua Fr\u00eda en Comparaci\u00f3n con la Recuperaci\u00f3n Pasiva Despu\u00e9s de un \u00danico Episodio de Ejercicio Extenuante en el Rendimiento Atl\u00e9tico en Participantes F\u00edsicamente Activos: Una Revisi\u00f3n Sistem\u00e1tica con Metan\u00e1lisis y Metaregresi\u00f3n<\/a>\u201e<\/p>\n\n\n\n<p>\u201eLa CWI fue una herramienta de recuperaci\u00f3n eficaz despu\u00e9s del entrenamiento de alta intensidad, mostrando resultados positivos en la fuerza muscular, el dolor muscular, la CK y la recuperaci\u00f3n percibida 24 horas despu\u00e9s del ejercicio. Sin embargo, despu\u00e9s del entrenamiento exc\u00e9ntrico, la CWI solo fue eficaz para influir positivamente en la fuerza muscular 24 horas despu\u00e9s del ejercicio. Se observaron relaciones dosis-respuesta que influyeron positivamente en el rendimiento de la resistencia y redujeron la CK s\u00e9rica. Esto sugiere que per\u00edodos m\u00e1s cortos y temperaturas m\u00e1s bajas pueden mejorar la eficacia de la CWI cuando se aplica despu\u00e9s de un entrenamiento de alta intensidad.\u201c<\/p>\n\n\n\n<h4 class=\"wp-block-heading\"><span class=\"ez-toc-section\" id=\"Spezifische_Anwendungen\"><\/span>Aplicaciones espec\u00edficas<span class=\"ez-toc-section-end\"><\/span><\/h4>\n\n\n\n<p><strong>Marcha en el agua y duchas<\/strong><\/p>\n\n\n\n<p>Una revisi\u00f3n sistem\u00e1tica reciente sobre la hidroterapia Kneipp (20 ECR, N = 4.247) muestra efectos positivos en la insuficiencia venosa cr\u00f3nica, los trastornos vasculares y el bienestar subjetivo, pero al mismo tiempo se\u00f1ala una alta heterogeneidad y deficiencias metodol\u00f3gicas en los estudios individuales.<br>Los resultados se ubican as\u00ed dentro de un \u00e1rea de evidencia moderada. En cuanto a las inyecciones, existe un estudio temprano de Ernst (1990) \u201e<a href=\"https:\/\/pmc.ncbi.nlm.nih.gov\/articles\/PMC7131604\/\" target=\"_blank\" rel=\"noreferrer noopener\">Prevenci\u00f3n de los resfriados comunes mediante hidroterapia: un estudio prospectivo controlado a largo plazo<\/a>\u201cvor, que proporcion\u00f3 indicios de efectos circulatorios y una reducci\u00f3n en la frecuencia de resfriados, pero metodol\u00f3gicamente con una muestra peque\u00f1a (25 personas por grupo) y sin ciego.\".<\/p>\n\n\n\n<p><strong>Caminar descalzo<\/strong><\/p>\n\n\n\n<p>Robbins &amp; Hanna (1987) demostraron en un estudio con 17 corredores que la actividad descalza induce adaptaciones en el arco del pie que pueden mejorar la amortiguaci\u00f3n. Identificaron la retroalimentaci\u00f3n sensorial propioceptiva a trav\u00e9s de la planta del pie como un mecanismo central. El estudio \u201e<a href=\"https:\/\/pubmed.ncbi.nlm.nih.gov\/2883551\/\" target=\"_blank\" rel=\"noreferrer noopener\">Prevenci\u00f3n de lesiones relacionadas con la carrera mediante adaptaciones al correr descalzo<\/a>\u201cse  en <em>Medicina y Ciencia en el Deporte y el Ejercicio<\/em> no <em>Pie y Tobillo<\/em> publicado.<\/p>\n\n\n\n<p><strong>Efectos inmunol\u00f3gicos: la cuesti\u00f3n controvertida<\/strong><\/p>\n\n\n\n<p>Jansk\u00fd et al. (1996) investigaron en el estudio \u201e<a href=\"https:\/\/pubmed.ncbi.nlm.nih.gov\/2883551\/\" target=\"_blank\" rel=\"noreferrer noopener\">Sistema inmunol\u00f3gico de humanos expuestos y adaptados al fr\u00edo<\/a>\u201cel efecto de inmersiones regulares en agua fr\u00eda (14 \u00b0C, tres veces por semana durante 6 semanas) en el sistema inmunol\u00f3gico de j\u00f3venes atletas. Encontraron un aumento peque\u00f1o pero significativo en monocitos, ciertos linfocitos (CD25) y el factor de necrosis tumoral (TNF)-alfa, pero no hubo una declaraci\u00f3n clara sobre si esto conduce a menos infecciones cl\u00ednicamente.<\/p>\n\n\n\n<p>Castellani y Tipton (2015) llegan en su en <em>Fisiolog\u00eda Integral<\/em> aparecido, revisi\u00f3n exhaustiva \u201e<a href=\"https:\/\/pubmed.ncbi.nlm.nih.gov\/26756639\/\" target=\"_blank\" rel=\"noreferrer noopener\">Efectos del estr\u00e9s por fr\u00edo en la tolerancia a la exposici\u00f3n y el rendimiento en el ejercicio<\/a>\u201cllegando a la conclusi\u00f3n de que la adaptaci\u00f3n al fr\u00edo es real, pero principalmente de naturaleza termorreguladora y no necesariamente efectiva inmunol\u00f3gicamente.<\/p>\n\n\n\n<p>La revisi\u00f3n Cochrane, tan citada, \u201e<a href=\"https:\/\/www.cochranelibrary.com\/cdsr\/doi\/10.1002\/14651858.CD006207.pub6\/full\" target=\"_blank\" rel=\"noreferrer noopener\">Intervenciones f\u00edsicas para interrumpir o reducir la propagaci\u00f3n de virus respiratorios<\/a>\u201csobre medidas f\u00edsicas contra virus respiratorios (Jefferson et al.) trata sobre mascarillas, higiene de manos y distanciamiento, no sobre la exposici\u00f3n al fr\u00edo como medida de prevenci\u00f3n. No existe una edici\u00f3n espec\u00edfica de 2013; la versi\u00f3n m\u00e1s reciente es de 2023.<\/p>\n\n\n\n<h4 class=\"wp-block-heading\"><span class=\"ez-toc-section\" id=\"Risiken_der_Hydrotherapie\"><\/span>Riesgos de la hidroterapia<span class=\"ez-toc-section-end\"><\/span><\/h4>\n\n\n\n<p>La revisi\u00f3n sistem\u00e1tica sobre hidroterapia Kneipp de Miriam Ortiz e.a. (09.07.2023) \u201e<a href=\"https:\/\/pubmed.ncbi.nlm.nih.gov\/37423627\/\" target=\"_blank\" rel=\"noreferrer noopener\">Efectos cl\u00ednicos de la hidroterapia Kneipp: una revisi\u00f3n sistem\u00e1tica de ensayos controlados aleatorizados<\/a>\u201cy observa que solo la mitad de los estudios incluidos informaron datos de seguridad, lo que limita a\u00fan m\u00e1s la evidencia sobre los efectos secundarios.<\/p>\n\n\n\n<p>Una revisi\u00f3n sobre hidroterapia en pacientes con c\u00e1ncer de Reger e.a. (16.02.2022) \u201e<a href=\"https:\/\/pmc.ncbi.nlm.nih.gov\/articles\/PMC9114041\/\" target=\"_blank\" rel=\"noreferrer noopener\">Terapias acu\u00e1ticas (hidroterapia, balneoterapia o terapia acu\u00e1tica) para pacientes con c\u00e1ncer: una revisi\u00f3n sistem\u00e1tica<\/a>\u201ccontraindicaciones cl\u00ednicamente relevantes: heridas abiertas, infecciones y presi\u00f3n arterial muy alta o baja. Como posibles efectos secundarios se mencionan problemas cardiovasculares debido a la vasodilataci\u00f3n y el agotamiento.<\/p>\n\n\n\n<p><strong>A la hipertensi\u00f3n arterial y enfermedades card\u00edacas<\/strong><\/p>\n\n\n\n<p>El estudio sobre hidroterapia en insuficiencia card\u00edaca cr\u00f3nica de Andreas Michalsen e.a. (ScienceDirect, 2003) \u201e<a href=\"https:\/\/www.sciencedirect.com\/science\/article\/abs\/pii\/S0002870303003144\" target=\"_blank\" rel=\"noreferrer noopener\">La hidroterapia t\u00e9rmica mejora la calidad de vida y la funci\u00f3n hemodin\u00e1mica en pacientes con insuficiencia card\u00edaca cr\u00f3nica<\/a>\u201cexcluy\u00f3 expl\u00edcitamente a pacientes con angina de pecho inestable, lo que indirectamente confirma este diagn\u00f3stico como contraindicaci\u00f3n.<\/p>\n\n\n\n<h3 class=\"wp-block-heading\"><span class=\"ez-toc-section\" id=\"Phytotherapie_Pflanzenheilkunde-2\"><\/span>Fitoterapia (medicina herbal)<span class=\"ez-toc-section-end\"><\/span><\/h3>\n\n\n\n<p><strong>La medicina herbaria de Kneipp se bas\u00f3 en:<\/strong><\/p>\n\n\n\n<ol class=\"wp-block-list\">\n<li>Conocimientos tradicionales<\/li>\n\n\n\n<li>Experiencias propias<\/li>\n\n\n\n<li>Literatura contempor\u00e1nea<\/li>\n<\/ol>\n\n\n\n<h4 class=\"wp-block-heading\"><span class=\"ez-toc-section\" id=\"Johanniskraut_Hypericum_perforatum\"><\/span>Hierba de San Juan (Hypericum perforatum)<span class=\"ez-toc-section-end\"><\/span><\/h4>\n\n\n\n<p><strong>Indicaci\u00f3n Kneipp:<\/strong> \u201eEnfermedades nerviosas\u201c, melancol\u00eda<\/p>\n\n\n\n<p><strong>Pruebas modernas:<\/strong><\/p>\n\n\n\n<p><strong>Linde et al. (2008)<\/strong> - <em>Base de datos Cochrane<\/em>: \u201e<a href=\"https:\/\/www.cochranelibrary.com\/cdsr\/doi\/10.1002\/14651858.CD000448.pub3\/full\" target=\"_blank\" rel=\"noreferrer noopener\">Hierba de San Juan para la depresi\u00f3n mayor<\/a>\u201e<\/p>\n\n\n\n<ul class=\"wp-block-list\">\n<li>Metaan\u00e1lisis de 29 ECA<\/li>\n\n\n\n<li><strong>Resultado:<\/strong> Hip\u00e9rico eficaz para <strong>depresi\u00f3n leve a moderada<\/strong><\/li>\n\n\n\n<li>Comparable a los antidepresivos sint\u00e9ticos<\/li>\n\n\n\n<li>Menos efectos secundarios<\/li>\n<\/ul>\n\n\n\n<p><strong>Principios activos:<\/strong> Hiperforina, hipericina (inhibidores de la recaptaci\u00f3n de serotonina)<\/p>\n\n\n\n<p><strong>ABIERTO<\/strong> Interacciones con muchos medicamentos (p\u00edldora, anticoagulantes, etc.)<\/p>\n\n\n\n<h4 class=\"wp-block-heading\"><span class=\"ez-toc-section\" id=\"Baldrian_Valeriana_officinalis\"><\/span>Valeriana (Valeriana officinalis)<span class=\"ez-toc-section-end\"><\/span><\/h4>\n\n\n\n<p><strong>Indicaci\u00f3n Kneipp:<\/strong> Insomnio, nerviosismo<\/p>\n\n\n\n<p><strong>Pruebas modernas:<\/strong><\/p>\n\n\n\n<p><strong>Fern\u00e1ndez-San-Mart\u00edn et al. (2010)<\/strong> - <em>Base de datos Cochrane<\/em>: \u201e<a href=\"https:\/\/pubmed.ncbi.nlm.nih.gov\/20347389\/\" target=\"_blank\" rel=\"noreferrer noopener\">Eficacia de la valeriana en el insomnio: un metaan\u00e1lisis de ensayos aleatorizados controlados con placebo<\/a>\u201e<\/p>\n\n\n\n<ul class=\"wp-block-list\">\n<li>18 ECs analizados<\/li>\n\n\n\n<li><strong>Resultado:<\/strong> <strong>No hay evidencia concluyente<\/strong> para la eficacia en trastornos del sue\u00f1o<\/li>\n\n\n\n<li>Mejoras subjetivas, pero no medibles objetivamente<\/li>\n<\/ul>\n\n\n\n<p><strong>Bent et al. (2006)<\/strong> - <em>La revista American Journal of Medicine<\/em>: \u201e<a href=\"https:\/\/pmc.ncbi.nlm.nih.gov\/articles\/PMC4394901\/\" target=\"_blank\" rel=\"noreferrer noopener\">Valeriana para Dormir: Una Revisi\u00f3n Sistem\u00e1tica y Meta-an\u00e1lisis<\/a>\u201e<\/p>\n\n\n\n<h4 class=\"wp-block-heading\"><span class=\"ez-toc-section\" id=\"Arnika_Arnica_montana\"><\/span>\u00c1rnica (Arnica montana)<span class=\"ez-toc-section-end\"><\/span><\/h4>\n\n\n\n<p><strong>Indicaci\u00f3n Kneipp:<\/strong> Contusiones, esguinces, dolores musculares (uso externo)<\/p>\n\n\n\n<p><strong>Pruebas modernas:<\/strong><\/p>\n\n\n\n<p><strong>Iannitti y cols. (2016)<\/strong> - <em>Inflamofarmacolog\u00eda<\/em>: \u201e<a href=\"https:\/\/pubmed.ncbi.nlm.nih.gov\/25171757\/\" target=\"_blank\" rel=\"noreferrer noopener\">Eficacia y seguridad de Arnica montana en el entorno postoperatorio, dolor e inflamaci\u00f3n<\/a>\u201e<\/p>\n\n\n\n<ul class=\"wp-block-list\">\n<li>Rese\u00f1a: <strong>Evidencia moderada<\/strong> para la eficacia en dolores musculares, contusiones<\/li>\n\n\n\n<li>Mejor que el placebo, comparable al ibuprofeno en gel<\/li>\n\n\n\n<li><strong>Principios activos:<\/strong> Sesquiterpenlactona (antiinflamatorio)<\/li>\n<\/ul>\n\n\n\n<p><strong>ABIERTO<\/strong> <strong>\u00a1Solo externamente!<\/strong> La ingesta interna puede ser t\u00f3xica.<\/p>\n\n\n\n<h4 class=\"wp-block-heading\"><span class=\"ez-toc-section\" id=\"Kamille_Matricaria_chamomilla\"><\/span>Manzanilla (Matricaria chamomilla)<span class=\"ez-toc-section-end\"><\/span><\/h4>\n\n\n\n<p><strong>Indicaci\u00f3n Kneipp:<\/strong> Molestias gastrointestinales, inflamaci\u00f3n<\/p>\n\n\n\n<p><strong>Pruebas modernas:<\/strong><\/p>\n\n\n\n<p><strong>Srivastava et al. (2010)<\/strong> - <em>Molecular Medicine Reports<\/em>: \u201e<a href=\"Chamomile: A herbal medicine of the past with bright future\" target=\"_blank\" rel=\"noreferrer noopener\">Manzanilla: una medicina herbal del pasado con un futuro brillante<\/a>\u201e<\/p>\n\n\n\n<ul class=\"wp-block-list\">\n<li><strong>Principios activos:<\/strong> Bisabolol, Apigenina, Camazuleno<\/li>\n\n\n\n<li><strong>Efectos probados:<\/strong> Antiinflamatorio, antiespasm\u00f3dico, antimicrobiano<\/li>\n\n\n\n<li><strong>Pruebas:<\/strong> Bueno para <strong>trastornos funcionales gastrointestinales<\/strong><\/li>\n<\/ul>\n\n\n\n<p><strong>Evaluaci\u00f3n general de la fitoterapia Kneipp:<\/strong><\/p>\n\n\n\n<ul class=\"wp-block-list\">\n<li>Muchas de las plantas que utilizaba Kneipp tienen <strong>Eficacia probada<\/strong><\/li>\n\n\n\n<li>Pero: Este fue <strong>ya conocido por Kneipp<\/strong> (Medicina popular, medicina mon\u00e1stica)<\/li>\n\n\n\n<li>Kneipp tiene conocimiento tradicional <strong>sistematizado y popularizado<\/strong><\/li>\n\n\n\n<li><strong>Ventaja:<\/strong> Relativamente pocos efectos secundarios con la aplicaci\u00f3n correcta<\/li>\n\n\n\n<li><strong>Desventaja:<\/strong> Dosis a menudo imprecisa, variaciones de calidad<\/li>\n<\/ul>\n\n\n\n<h3 class=\"wp-block-heading\"><span class=\"ez-toc-section\" id=\"Bewegungstherapie-2\"><\/span>Terapia de movimiento<span class=\"ez-toc-section-end\"><\/span><\/h3>\n\n\n\n<p><strong>El principio de Kneipp:<\/strong> Ejercicios regulares y moderados<\/p>\n\n\n\n<p><strong>Pruebas modernas:<\/strong><\/p>\n\n\n\n<p><strong>\u00a1Esto est\u00e1 cient\u00edficamente comprobado indudablemente hoy en d\u00eda!<\/strong><\/p>\n\n\n\n<p><strong>OMS (2020):<\/strong> \u201ePautas de Actividad F\u00edsica\u201c<\/p>\n\n\n\n<ul class=\"wp-block-list\">\n<li><strong>Al menos 150 minutos de actividad moderada a la semana<\/strong><\/li>\n\n\n\n<li>Reduce el riesgo de: enfermedades cardiovasculares, diabetes, c\u00e1ncer, depresi\u00f3n<\/li>\n\n\n\n<li><strong>Reducci\u00f3n de la mortalidad<\/strong> hasta 30%<\/li>\n<\/ul>\n\n\n\n<p><strong>Warburton et al. (2006)<\/strong> - <em>Revista de la Asociaci\u00f3n M\u00e9dica Canadiense<\/em>: \u201e<a href=\"https:\/\/www.ncbi.nlm.nih.gov\/pmc\/articles\/PMC1402378\/\" target=\"_blank\" rel=\"noreferrer noopener\">Beneficios de la actividad f\u00edsica para la salud: las pruebas<\/a>\u201e<\/p>\n\n\n\n<ul class=\"wp-block-list\">\n<li>Revisi\u00f3n exhaustiva<\/li>\n\n\n\n<li><strong>Nivel de evidencia:<\/strong> <strong>Muy alta<\/strong> (Ia)<\/li>\n\n\n\n<li>Movimiento es <strong>una de las medidas preventivas m\u00e1s eficaces<\/strong><\/li>\n<\/ul>\n\n\n\n<p><strong>En particular, caminar descalzo:<\/strong><\/p>\n\n\n\n<p><strong>Holowka et al. (2021)<\/strong> - <em>Naturaleza<\/em>: \u201e<a href=\"https:\/\/www.jospt.org\/doi\/10.2519\/jospt.2015.6019\" target=\"_blank\" rel=\"noopener\">Patrones de contacto del pie y fuerzas de reacci\u00f3n del suelo a lo largo de la vida adulta<\/a>\u201e<\/p>\n\n\n\n<ul class=\"wp-block-list\">\n<li>Caminar descalzo cambia los patrones de marcha<\/li>\n\n\n\n<li>Poder <strong>Carga articular<\/strong> reducir<\/li>\n\n\n\n<li>Pero: se necesita una adaptaci\u00f3n lenta<\/li>\n<\/ul>\n\n\n\n<h3 class=\"wp-block-heading\"><span class=\"ez-toc-section\" id=\"Ernahrungstherapie-2\"><\/span>Terapia nutricional<span class=\"ez-toc-section-end\"><\/span><\/h3>\n\n\n\n<p><strong>Resumen de las recomendaciones de Kneipp:<\/strong><\/p>\n\n\n\n<ul class=\"wp-block-list\">\n<li>Comida integral, muchas verduras, frutas<\/li>\n\n\n\n<li>Poca carne<\/li>\n\n\n\n<li>Granos integrales (especialmente avena)<\/li>\n\n\n\n<li>Moderaci\u00f3n<\/li>\n\n\n\n<li>Productos regionales, de temporada<\/li>\n<\/ul>\n\n\n\n<p><strong>Pruebas modernas:<\/strong><\/p>\n\n\n\n<p><strong>\u00a1Esto corresponde en gran medida a la ciencia nutricional moderna!<\/strong><\/p>\n\n\n\n<h4 class=\"wp-block-heading\"><span class=\"ez-toc-section\" id=\"Vollwertkost_und_pflanzenbetonte_Ernahrung\"><\/span>Dieta integral y dieta basada en plantas<span class=\"ez-toc-section-end\"><\/span><\/h4>\n\n\n\n<p><strong>Schwingshackl et al. (2017)<\/strong> - <em>BMJ<\/em>: \u201eGrupos de alimentos y riesgo de mortalidad por todas las causas: una revisi\u00f3n sistem\u00e1tica y metaan\u00e1lisis de estudios prospectivos\u201c<\/p>\n\n\n\n<ul class=\"wp-block-list\">\n<li><strong>M\u00e1s cereales integrales, verduras, frutas<\/strong> \u2192 <strong>mortalidad reducida<\/strong><\/li>\n\n\n\n<li><strong>Mucha carne roja<\/strong> \u2192 <strong>Aumento de la mortalidad<\/strong><\/li>\n\n\n\n<li>Recomendaciones de Kneipp <strong>en consonancia con la evidencia actual<\/strong>!<\/li>\n<\/ul>\n\n\n\n<p><strong>Enlace:<\/strong> https:\/\/www.bmj.com\/content\/357\/bmj.j2351<\/p>\n\n\n\n<h4 class=\"wp-block-heading\"><span class=\"ez-toc-section\" id=\"Hafer_speziell\"><\/span>Avena especial<span class=\"ez-toc-section-end\"><\/span><\/h4>\n\n\n\n<p><strong>Kneipp:<\/strong> \u201eLa avena es el mejor pienso concentrado.\u201c<\/p>\n\n\n\n<p><strong>Pruebas modernas:<\/strong><\/p>\n\n\n\n<p><strong>Thies et al. (2014)<\/strong> - <em>British Journal of Nutrition<\/em>: \u201eAvena y marcadores de riesgo de ECV: una revisi\u00f3n sistem\u00e1tica de la literatura\u201c<\/p>\n\n\n\n<ul class=\"wp-block-list\">\n<li>Avena (betaglucano) <strong>reduce el colesterol LDL<\/strong><\/li>\n\n\n\n<li><strong>Reduce el riesgo cardiovascular<\/strong><\/li>\n\n\n\n<li><strong>Aprobado por la FDA y la EFSA<\/strong> Declaraci\u00f3n de propiedades saludables de la avena<\/li>\n<\/ul>\n\n\n\n<h3 class=\"wp-block-heading\"><span class=\"ez-toc-section\" id=\"Ordnungstherapie_Lebensordnung-2\"><\/span>Terapia del orden (orden vital)<span class=\"ez-toc-section-end\"><\/span><\/h3>\n\n\n\n<p><strong>El concepto de Kneipp:<\/strong> Equilibrio psicol\u00f3gico, rutina diaria regular, reducci\u00f3n del estr\u00e9s, conexi\u00f3n con la naturaleza<\/p>\n\n\n\n<p><strong>Pruebas modernas:<\/strong><\/p>\n\n\n\n<p><strong>Esto se corresponde con conceptos modernos como:<\/strong><\/p>\n\n\n\n<ul class=\"wp-block-list\">\n<li><strong>Salutog\u00e9nesis<\/strong> (Aaron Antonovsky)<\/li>\n\n\n\n<li><strong>Medicina del estilo de vida<\/strong> Medicina del estilo de vida<\/li>\n\n\n\n<li><strong>Medicina Mente-Cuerpo<\/strong><\/li>\n\n\n\n<li><strong>Manejo del estr\u00e9s<\/strong><\/li>\n<\/ul>\n\n\n\n<h4 class=\"wp-block-heading\"><span class=\"ez-toc-section\" id=\"Chronobiologie_und_Tagesrhythmus\"><\/span>Cronobiolog\u00eda y ritmo circadiano<span class=\"ez-toc-section-end\"><\/span><\/h4>\n\n\n\n<ul class=\"wp-block-list\">\n<li><strong>Ritmo regular de sue\u00f1o-vigilia<\/strong> es esencial para la salud<\/li>\n\n\n\n<li>La recomendaci\u00f3n de Kneipp: Madrugar, acostarse temprano \u2192 <strong>en armon\u00eda con la cronobiolog\u00eda<\/strong><\/li>\n<\/ul>\n\n\n\n<p><strong>Roenneberg &amp; Merrow (2016)<\/strong> - <em>Biolog\u00eda Actual<\/em>: \u201e<a href=\"https:\/\/pubmed.ncbi.nlm.nih.gov\/27218855\/\" target=\"_blank\" rel=\"noreferrer noopener\">El reloj circadiano y la salud humana<\/a>\u201e<\/p>\n\n\n\n<ul class=\"wp-block-list\">\n<li>Trastornos del ritmo circadiano \u2192 <strong>mayor riesgo de enfermedad<\/strong><\/li>\n<\/ul>\n\n\n\n<h4 class=\"wp-block-heading\"><span class=\"ez-toc-section\" id=\"Naturkontakt_und_Gesundheit\"><\/span>Contacto con la naturaleza y salud<span class=\"ez-toc-section-end\"><\/span><\/h4>\n\n\n\n<p><strong>Park et al. (2010)<\/strong> - <em>Salud Ambiental y Medicina Preventiva<\/em>: \u201e<a href=\"https:\/\/www.ncbi.nlm.nih.gov\/pmc\/articles\/PMC2793341\/\" target=\"_blank\" rel=\"noopener\">Los efectos fisiol\u00f3gicos del Shinrin-yoku (absorber la atm\u00f3sfera del bosque o ba\u00f1o de bosque)<\/a>\u201e<\/p>\n\n\n\n<ul class=\"wp-block-list\">\n<li><strong>Estancias en la naturaleza<\/strong> reducir <strong>hormona del estr\u00e9s<\/strong> Cortisol<\/li>\n\n\n\n<li><strong>Presi\u00f3n arterial<\/strong> se hunde<\/li>\n\n\n\n<li><strong>c\u00e9lulas inmunes<\/strong> (C\u00e9lulas NK) aumentan<\/li>\n<\/ul>\n\n\n\n<p><strong>El \u00e9nfasis de Kneipp en la conexi\u00f3n con la naturaleza:<\/strong> \u00a1Cient\u00edficamente confirmado!<\/p>\n\n\n\n<h4 class=\"wp-block-heading\"><span class=\"ez-toc-section\" id=\"Soziale_Einbindung\"><\/span>Integraci\u00f3n social<span class=\"ez-toc-section-end\"><\/span><\/h4>\n\n\n\n<p><strong>Holt-Lunstad et al. (2010)<\/strong> - <em>PLOS Medicina<\/em>: \u201e<a href=\"https:\/\/journals.plos.org\/plosmedicine\/article?id=10.1371\/journal.pmed.1000316\" target=\"_blank\" rel=\"noreferrer noopener\">Relaciones Sociales y Riesgo de Mortalidad: Una Revisi\u00f3n Metaanal\u00edtica<\/a>\u201e<\/p>\n\n\n\n<ul class=\"wp-block-list\">\n<li><strong>Metaan\u00e1lisis:<\/strong> El aislamiento social aumenta <strong>Riesgo de mortalidad<\/strong> cincuenta%<\/li>\n\n\n\n<li>\u00a1Comparable a fumar!<\/li>\n\n\n\n<li>\u00c9nfasis de Kneipp en la comunidad: \u2713 Confirmado<\/li>\n<\/ul>\n\n\n\n<h4 class=\"wp-block-heading\"><span class=\"ez-toc-section\" id=\"Mind-Body-Medizin\"><\/span>Medicina Mente-Cuerpo<span class=\"ez-toc-section-end\"><\/span><\/h4>\n\n\n\n<p><strong>Grossman et al. (2004)<\/strong> - <em>Revista de Investigaci\u00f3n Psicosom\u00e1tica<\/em>: \u201e<a href=\"https:\/\/www.sciencedirect.com\/science\/article\/abs\/pii\/S0022399903005737\" target=\"_blank\" rel=\"noreferrer noopener\">Reducci\u00f3n del estr\u00e9s basada en la atenci\u00f3n plena y beneficios para la salud<\/a>\u201e<\/p>\n\n\n\n<ul class=\"wp-block-list\">\n<li><strong>Atenci\u00f3n plena, meditaci\u00f3n<\/strong> beneficios para la salud<\/li>\n\n\n\n<li>\u201ePoner orden en el alma\u201c de Kneipp \u2192 concepto similar.<\/li>\n<\/ul>\n\n\n\n<h2 class=\"wp-block-heading\"><span class=\"ez-toc-section\" id=\"Wissenschaftliche_Bewertung\"><\/span>Evaluaci\u00f3n cient\u00edfica<span class=\"ez-toc-section-end\"><\/span><\/h2>\n\n\n\n<h3 class=\"wp-block-heading\"><span class=\"ez-toc-section\" id=\"Evidenzstarke_der_funf_Saulen\"><\/span>Fuerza de la evidencia de los cinco pilares<span class=\"ez-toc-section-end\"><\/span><\/h3>\n\n\n\n<figure class=\"wp-block-table\"><table class=\"has-fixed-layout\"><thead><tr><th>Columna<\/th><th>Fuerza de la evidencia<\/th><th>comentario<\/th><\/tr><\/thead><tbody><tr><td><strong>Hidroterapia<\/strong><\/td><td>\u2605\u2605\u2605\u2606\u2606 (Medio)<\/td><td>Efectos fisiol\u00f3gicos probados, relevancia cl\u00ednica parcialmente incierta<\/td><\/tr><tr><td><strong>Fitoterapia<\/strong><\/td><td>\u2605\u2605\u2605\u2605\u2606 (Bueno)<\/td><td>Muchas plantas son efectivas, pero el conocimiento popular.<\/td><\/tr><tr><td><strong>Terapia de movimiento<\/strong><\/td><td>\u2605\u2605\u2605\u2605\u2605 (Excelente)<\/td><td>Innegable, m\u00e1xima evidencia<\/td><\/tr><tr><td><strong>Terapia nutricional<\/strong><\/td><td>\u2605\u2605\u2605\u2605\u2605 (Excelente)<\/td><td>Corresponde a la ciencia de la nutrici\u00f3n moderna<\/td><\/tr><tr><td><strong>Terapia de orden<\/strong><\/td><td>\u2605\u2605\u2605\u2605\u2606 (Bueno-Excelente)<\/td><td>La medicina moderna confirma los principios<\/td><\/tr><\/tbody><\/table><\/figure>\n\n\n\n<h3 class=\"wp-block-heading\"><span class=\"ez-toc-section\" id=\"Was_war_Kneipps_eigene_Leistung\"><\/span>\u00bfCu\u00e1l fue el logro del propio Kneipp?<span class=\"ez-toc-section-end\"><\/span><\/h3>\n\n\n\n<ol class=\"wp-block-list\">\n<li><strong>Sistematizaci\u00f3n e integraci\u00f3n:<\/strong>\n<ul class=\"wp-block-list\">\n<li>Conexi\u00f3n de los cinco pilares a uno <strong>Sistema completo<\/strong><\/li>\n\n\n\n<li><strong>Enfoque hol\u00edstico<\/strong> Hoy en d\u00eda se dir\u00eda: multifactorial<\/li>\n<\/ul>\n<\/li>\n\n\n\n<li><strong>Popularizaci\u00f3n<\/strong>\n<ul class=\"wp-block-list\">\n<li>Medicina alternativa <strong>accesible a las masas<\/strong><\/li>\n\n\n\n<li>Lenguaje comprensible<\/li>\n\n\n\n<li>Orientado a la pr\u00e1ctica<\/li>\n<\/ul>\n<\/li>\n\n\n\n<li><strong>Enfoque preventivo:<\/strong>\n<ul class=\"wp-block-list\">\n<li>No solo tratamiento m\u00e9dico, sino <strong>Atenci\u00f3n m\u00e9dica preventiva<\/strong><\/li>\n\n\n\n<li>\u201eM\u00e1s vale prevenir que curar\u201c - revolucionario para su \u00e9poca<\/li>\n<\/ul>\n<\/li>\n\n\n\n<li><strong>Documentaci\u00f3n emp\u00edrica:<\/strong>\n<ul class=\"wp-block-list\">\n<li>Acumula experiencia durante d\u00e9cadas<\/li>\n\n\n\n<li>Aplicaci\u00f3n y observaci\u00f3n sistem\u00e1ticas<\/li>\n<\/ul>\n<\/li>\n\n\n\n<li><strong>Democratizaci\u00f3n de la salud:<\/strong>\n<ul class=\"wp-block-list\">\n<li>M\u00e9todos sencillos y econ\u00f3micos<\/li>\n\n\n\n<li>Todos pueden aplicarlas<\/li>\n\n\n\n<li>No depender de m\u00e9dicos\/medicamentos caros<\/li>\n<\/ul>\n<\/li>\n<\/ol>\n\n\n\n<p><strong>Clasificaci\u00f3n hist\u00f3rica:<\/strong> Kneipp era un <strong>Pionero de la medicina preventiva y la medicina del estilo de vida integral<\/strong> en el siglo XIX.<\/p>\n\n\n\n<h2 class=\"wp-block-heading\"><span class=\"ez-toc-section\" id=\"Kritische_Stimmen_und_Kontroversen\"><\/span>Voces cr\u00edticas y controversias<span class=\"ez-toc-section-end\"><\/span><\/h2>\n\n\n\n<h3 class=\"wp-block-heading\"><span class=\"ez-toc-section\" id=\"Zeitgenossische_Kritik_19_Jahrhundert\"><\/span>Cr\u00edtica contempor\u00e1nea (siglo XIX)<span class=\"ez-toc-section-end\"><\/span><\/h3>\n\n\n\n<p><strong>Gremios m\u00e9dicos:<\/strong><\/p>\n\n\n\n<ul class=\"wp-block-list\">\n<li><strong>Escepticismo<\/strong> medicina acad\u00e9mica<\/li>\n\n\n\n<li>Kneipp fue acusado de \u201ecurandero\u201c<\/li>\n\n\n\n<li><strong>1852:<\/strong> Procedimientos judiciales por \u201eejercicio no autorizado de la medicina\u201c<br>Absoluci\u00f3n porque actu\u00f3 como sacerdote, no como m\u00e9dico<\/li>\n<\/ul>\n\n\n\n<p><strong>Alegaciones:<\/strong><\/p>\n\n\n\n<ul class=\"wp-block-list\">\n<li>Sin formaci\u00f3n m\u00e9dica<\/li>\n\n\n\n<li>\u201eNo cient\u00edfico\u201c<\/li>\n\n\n\n<li>Poner en peligro a los pacientes<\/li>\n<\/ul>\n\n\n\n<p><strong>La defensa de Kneipp:<\/strong><\/p>\n\n\n\n<ul class=\"wp-block-list\">\n<li>Remitido a <strong>\u00c9xitos<\/strong><\/li>\n\n\n\n<li>Destacado <strong>Experiencia<\/strong><\/li>\n\n\n\n<li>Remitido a <strong>divina providencia<\/strong> (como sacerdote)<\/li>\n<\/ul>\n\n\n\n<h3 class=\"wp-block-heading\"><span class=\"ez-toc-section\" id=\"Moderne_wissenschaftliche_Kritik\"><\/span>Cr\u00edtica cient\u00edfica moderna<span class=\"ez-toc-section-end\"><\/span><\/h3>\n\n\n\n<p><strong>Prof. Dr. Edzard Ernst<\/strong> (antiguo catedr\u00e1tico de Medicina Complementaria, Exeter):<\/p>\n\n\n\n<p><strong>Puntos criticables:<\/strong><\/p>\n\n\n\n<ol class=\"wp-block-list\">\n<li><strong>Evidencia sobre hidroterapia:<\/strong>\n<ul class=\"wp-block-list\">\n<li>Muchos estudios <strong>Metodol\u00f3gicamente d\u00e9bil<\/strong><\/li>\n\n\n\n<li>A menudo <strong>No es posible el cegamiento<\/strong><\/li>\n\n\n\n<li><strong>Sesgo de publicaci\u00f3n<\/strong> (los estudios positivos se publican m\u00e1s f\u00e1cilmente)<\/li>\n\n\n\n<li>Importancia cl\u00ednica a menudo <strong>poco claro<\/strong><\/li>\n<\/ul>\n<\/li>\n\n\n\n<li><strong>Sobreinterpretaci\u00f3n<\/strong>\n<ul class=\"wp-block-list\">\n<li>Efectos termorreguladores \u2260 \u201eRefuerzo inmunitario\u201c<\/li>\n\n\n\n<li>Bienestar subjetivo \u2260 mejora objetiva de la salud<\/li>\n<\/ul>\n<\/li>\n\n\n\n<li><strong>Falta de ECA de gran tama\u00f1o:<\/strong>\n<ul class=\"wp-block-list\">\n<li>Unos pocos ensayos controlados aleatorizados grandes y de alta calidad<\/li>\n\n\n\n<li>La mayor\u00eda de las pruebas sobre <strong>Estudios observacionales<\/strong> y <strong>peque\u00f1os estudios piloto<\/strong><\/li>\n<\/ul>\n<\/li>\n<\/ol>\n\n\n\n<p><strong>Ernst (2016):<\/strong> \u201eTerapia Kneipp: \u00bfest\u00e1 basada en la evidencia?\u201c<\/p>\n\n\n\n<ul class=\"wp-block-list\">\n<li><strong>Conclusi\u00f3n:<\/strong> Algunos elementos plausibles, pero <strong>El sistema global no est\u00e1 suficientemente basado en pruebas<\/strong><\/li>\n\n\n\n<li><strong>Riesgo:<\/strong> Sobreestimaci\u00f3n de la eficacia<\/li>\n<\/ul>\n\n\n\n<h3 class=\"wp-block-heading\"><span class=\"ez-toc-section\" id=\"Kritik_an_kommerzieller_%E2%80%9EKneipp-Industrie%E2%80%9C\"><\/span>Cr\u00edtica a la \u201eindustria Kneipp\u201c comercial\u201c<span class=\"ez-toc-section-end\"><\/span><\/h3>\n\n\n\n<p><strong>Problema:<\/strong><\/p>\n\n\n\n<ul class=\"wp-block-list\">\n<li><strong>Productos de la marca Kneipp<\/strong> (Aditivos de ba\u00f1o, cosm\u00e9ticos, suplementos alimenticios)<\/li>\n\n\n\n<li><strong>Comercializaci\u00f3n<\/strong> de un sistema originalmente sencillo y rentable<\/li>\n\n\n\n<li><strong>Marketing<\/strong> con el nombre de Kneipp, pero a menudo <strong>no basada en pruebas<\/strong><\/li>\n<\/ul>\n\n\n\n<p><strong>Ejemplo:<\/strong> \u201eAditivo de ba\u00f1o Kneipp con XY para dormir mejor\u201c<\/p>\n\n\n\n<ul class=\"wp-block-list\">\n<li><strong>Cr\u00edtica:<\/strong> A menudo <strong>ning\u00fan estudio<\/strong> especialmente para este producto<\/li>\n\n\n\n<li>Los efectos relajantes generales de un ba\u00f1o se atribuyen al aditivo<\/li>\n<\/ul>\n\n\n\n<p><strong>Organizaciones de consumidores<\/strong> advertir contra las afirmaciones exageradas sobre la salud.<\/p>\n\n\n\n<h3 class=\"wp-block-heading\"><span class=\"ez-toc-section\" id=\"Risiken_bei_falscher_Anwendung\"><\/span>Riesgos de un uso incorrecto<span class=\"ez-toc-section-end\"><\/span><\/h3>\n\n\n\n<p><strong>Las aplicaciones de agua fr\u00eda pueden ser peligrosas:<\/strong><\/p>\n\n\n\n<p><strong>Complicaciones documentadas:<\/strong><\/p>\n\n\n\n<ul class=\"wp-block-list\">\n<li><strong>Arritmia cardiaca<\/strong> para enfermedades preexistentes<\/li>\n\n\n\n<li><strong>Hipotermia<\/strong><\/li>\n\n\n\n<li><strong>Colapso circulatorio<\/strong><\/li>\n<\/ul>\n\n\n\n<p><strong>Casos cl\u00ednicos:<\/strong><\/p>\n\n\n\n<ul class=\"wp-block-list\">\n<li><strong>Gencer et al. (2008)<\/strong> - <em>Revista de Medicina de Emergencia<\/em>Informe de caso de paro card\u00edaco despu\u00e9s de un ba\u00f1o de hielo<\/li>\n\n\n\n<li>Raro, pero posible en pacientes de alto riesgo<\/li>\n<\/ul>\n\n\n\n<p><strong>Importante:<\/strong> Kneipp subray\u00f3 <strong>Contraindicaciones<\/strong> - \u00a1hoy en d\u00eda a veces se ignoran!<\/p>\n\n\n\n<h3 class=\"wp-block-heading\"><span class=\"ez-toc-section\" id=\"Gefahr_der_Alternativmedizin-Falle\"><\/span>Peligro de la trampa de la medicina alternativa<span class=\"ez-toc-section-end\"><\/span><\/h3>\n\n\n\n<p><strong>Cr\u00edtica:<\/strong> Cuando las \u201ecuras Kneipp\u201c provocan enfermedades graves <strong>sustituye a<\/strong> en lugar de <strong>complementado<\/strong>:<\/p>\n\n\n\n<ul class=\"wp-block-list\">\n<li><strong>C\u00e1ncer:<\/strong> Los tratamientos Kneipp son <strong>ninguno<\/strong> Alternativa a la quimioterapia<\/li>\n\n\n\n<li><strong>Infecciones:<\/strong> El caminar sobre el agua cura <strong>ninguno<\/strong> neumon\u00eda bacteriana<\/li>\n\n\n\n<li><strong>Diabetes:<\/strong> Nutrici\u00f3n importante, pero a menudo <strong>Medicamentos necesarios<\/strong><\/li>\n<\/ul>\n\n\n\n<p><strong>Kneipp mismo fue cauteloso aqu\u00ed:<\/strong> Trabajaba en colaboraci\u00f3n con m\u00e9dicos y les remit\u00eda casos graves.<\/p>\n\n\n\n<p><strong>Modernos \u201eterapeutas Kneipp\u201c<\/strong> a veces son menos cuidadosos \u2192 <strong>riesgo<\/strong><\/p>\n\n\n\n<h2 class=\"wp-block-heading\"><span class=\"ez-toc-section\" id=\"Kneipp_in_der_modernen_medizinischen_Praxis\"><\/span>Kneipp en la pr\u00e1ctica m\u00e9dica moderna<span class=\"ez-toc-section-end\"><\/span><\/h2>\n\n\n\n<h3 class=\"wp-block-heading\"><span class=\"ez-toc-section\" id=\"Integration_in_Schulmedizin\"><\/span>Integraci\u00f3n en la medicina acad\u00e9mica<span class=\"ez-toc-section-end\"><\/span><\/h3>\n\n\n\n<p><strong>Los tratamientos Kneipp se utilizan hoy en d\u00eda en:<\/strong><\/p>\n\n\n\n<ol class=\"wp-block-list\">\n<li><strong>Cl\u00ednicas de rehabilitaci\u00f3n:<\/strong>\n<ul class=\"wp-block-list\">\n<li>Tras un ictus, un infarto de miocardio<\/li>\n\n\n\n<li>Rehabilitaci\u00f3n ortop\u00e9dica<\/li>\n\n\n\n<li>La hidroterapia como <strong>Suplemento<\/strong><\/li>\n<\/ul>\n<\/li>\n\n\n\n<li><strong>Medicina preventiva:<\/strong>\n<ul class=\"wp-block-list\">\n<li>Promoci\u00f3n de la salud<\/li>\n\n\n\n<li>Promoci\u00f3n de la salud en el lugar de trabajo<\/li>\n\n\n\n<li>Cursos sobre seguros de enfermedad<\/li>\n<\/ul>\n<\/li>\n\n\n\n<li><strong>Geriatr\u00eda:<\/strong>\n<ul class=\"wp-block-list\">\n<li>Profilaxis de ca\u00eddas (caminar descalzo, equilibrio)<\/li>\n\n\n\n<li>Movilizaci\u00f3n de personas mayores<\/li>\n<\/ul>\n<\/li>\n\n\n\n<li><strong>Pediatr\u00eda:<\/strong>\n<ul class=\"wp-block-list\">\n<li>\u201eJardines de infancia Kneipp\u201c en Alemania<\/li>\n\n\n\n<li>Acostumbramiento, movimiento, dieta saludable<\/li>\n<\/ul>\n<\/li>\n\n\n\n<li><strong>Psicosom\u00e1tica:<\/strong>\n<ul class=\"wp-block-list\">\n<li>Gesti\u00f3n del estr\u00e9s (terapia del orden)<\/li>\n\n\n\n<li>Medicina Mente-Cuerpo<\/li>\n<\/ul>\n<\/li>\n<\/ol>\n\n\n\n<p><strong>Aseguradoras alemanas:<\/strong> Muchos subsidian <strong>Cursos Kneipp<\/strong> (Prevenci\u00f3n seg\u00fan \u00a720 SGB V)<\/p>\n\n\n\n<h3 class=\"wp-block-heading\"><span class=\"ez-toc-section\" id=\"Kneipp-Zertifizierungen\"><\/span>Certificaciones Kneipp<span class=\"ez-toc-section-end\"><\/span><\/h3>\n\n\n\n<p><strong>Kneipp-Bund e.V.<\/strong> (fundada en 1897):<\/p>\n\n\n\n<ul class=\"wp-block-list\">\n<li>Organizaci\u00f3n paraguas<\/li>\n\n\n\n<li><strong>Certificado<\/strong> - Asociaciones Kneipp, balnearios, hoteles, terapeutas<\/li>\n\n\n\n<li><strong>Normas<\/strong> para formaci\u00f3n y aplicaci\u00f3n<\/li>\n<\/ul>\n\n\n\n<p><strong>\u201eBalneario Kneipp\u201c<\/strong> (por ejemplo, Bad W\u00f6rishofen):<\/p>\n\n\n\n<ul class=\"wp-block-list\">\n<li>Certificaci\u00f3n seg\u00fan criterios espec\u00edficos<\/li>\n\n\n\n<li>Instalaciones Kneipp, pilas de agua, etc.<\/li>\n<\/ul>\n\n\n\n<p><strong>\u201eEntrenador de Salud Kneipp<\/strong><\/p>\n\n\n\n<ul class=\"wp-block-list\">\n<li>Formaci\u00f3n certificada<\/li>\n\n\n\n<li>Transmisi\u00f3n de los cinco pilares<\/li>\n<\/ul>\n\n\n\n<h3 class=\"wp-block-heading\"><span class=\"ez-toc-section\" id=\"Wissenschaftliche_Forschung_heute\"><\/span>Investigaci\u00f3n cient\u00edfica hoy<span class=\"ez-toc-section-end\"><\/span><\/h3>\n\n\n\n<p><strong>Institutos de Investigaci\u00f3n Kneipp:<\/strong><\/p>\n\n\n\n<p><strong>C\u00e1tedra de Medicina Natural, Universidad de Duisburg-Essen:<\/strong><\/p>\n\n\n\n<ul class=\"wp-block-list\">\n<li>Investigaci\u00f3n sobre hidroterapia<\/li>\n\n\n\n<li>Estudios cl\u00ednicos<\/li>\n<\/ul>\n\n\n\n<p><strong>Kneipp-Zentrum M\u00fcnchen (Cl\u00ednica Dr. Becker):<\/strong><\/p>\n\n\n\n<ul class=\"wp-block-list\">\n<li>Investigaci\u00f3n aplicada<\/li>\n\n\n\n<li>Rehabilitaci\u00f3n<\/li>\n<\/ul>\n\n\n\n<p><strong>\u00c1reas de investigaci\u00f3n actuales:<\/strong><\/p>\n\n\n\n<ul class=\"wp-block-list\">\n<li>Efecto de las aplicaciones de fr\u00edo en el sistema inmunitario (c\u00e9lulas NK)<\/li>\n\n\n\n<li>Hidroterapia para enfermedades venosas<\/li>\n\n\n\n<li>Aplicaciones Kneipp en geriatr\u00eda<\/li>\n\n\n\n<li>Prevenci\u00f3n mediante intervenciones en el estilo de vida<\/li>\n<\/ul>\n\n\n\n<p><strong>Desaf\u00edo:<\/strong><\/p>\n\n\n\n<ul class=\"wp-block-list\">\n<li><strong>Deslumbramiento<\/strong> dif\u00edcil en hidroterapia (\u00a1el paciente se da cuenta si el agua est\u00e1 fr\u00eda!)<\/li>\n\n\n\n<li><strong>Control de placebo<\/strong> problem\u00e1tico<\/li>\n\n\n\n<li><strong>Intervenci\u00f3n multicomponente<\/strong> (5 columnas) \u2192 efectos aislados dif\u00edciles de medir<\/li>\n<\/ul>\n\n\n\n<h2 class=\"wp-block-heading\"><span class=\"ez-toc-section\" id=\"Kneipps_Bildungsweg_und_intellektuelle_Entwicklung\"><\/span>Trayectoria educativa y desarrollo intelectual de Kneipp<span class=\"ez-toc-section-end\"><\/span><\/h2>\n\n\n\n<h3 class=\"wp-block-heading\"><span class=\"ez-toc-section\" id=\"Autodidaktisches_Lernen\"><\/span>Aprendizaje autodidacta<span class=\"ez-toc-section-end\"><\/span><\/h3>\n\n\n\n<p><strong>Kneipp ten\u00eda:<\/strong><\/p>\n\n\n\n<ul class=\"wp-block-list\">\n<li><strong>Sin formaci\u00f3n m\u00e9dica<\/strong><\/li>\n\n\n\n<li><strong>Estudios teol\u00f3gicos<\/strong> (Teolog\u00eda cat\u00f3lica)<\/li>\n\n\n\n<li><strong>Acceso a las bibliotecas de los monasterios\/iglesias<\/strong><\/li>\n<\/ul>\n\n\n\n<p><strong>Lectura importante:<\/strong><\/p>\n\n\n\n<p><strong>Johann Siegemund Hahn:<\/strong> \u201eEnse\u00f1anza del poder y sabor del agua dulce en el cuerpo de los hombres\u201c (1738)<\/p>\n\n\n\n<ul class=\"wp-block-list\">\n<li>Hidroterapia temprana<\/li>\n\n\n\n<li>Kneipp ley\u00f3 esto durante su enfermedad tuberculosa<\/li>\n\n\n\n<li><strong>Fuente de inspiraci\u00f3n<\/strong> para sus aplicaciones de agua<\/li>\n<\/ul>\n\n\n\n<p><strong>Vinzenz Prie\u00dfnitz (1799-1851):<\/strong><\/p>\n\n\n\n<ul class=\"wp-block-list\">\n<li>\u201eM\u00e9dico del agua\u201c en Silesia<\/li>\n\n\n\n<li>Pionero de la terapia con agua fr\u00eda<\/li>\n\n\n\n<li>Kneipp conoc\u00eda el trabajo de Priessnitz<\/li>\n<\/ul>\n\n\n\n<p><strong>Medicina popular tradicional:<\/strong><\/p>\n\n\n\n<ul class=\"wp-block-list\">\n<li>Hierbas medicinales de la regi\u00f3n<\/li>\n\n\n\n<li>Tradici\u00f3n oral<\/li>\n<\/ul>\n\n\n\n<p><strong>Experimentos propios:<\/strong><\/p>\n\n\n\n<ul class=\"wp-block-list\">\n<li><strong>autoexperimento<\/strong> en la tuberculosis (ba\u00f1os de agua fr\u00eda en el Danubio)<\/li>\n\n\n\n<li>D\u00e9cadas de <strong>experiencia pr\u00e1ctica<\/strong> con los pacientes<\/li>\n\n\n\n<li><strong>Aprendizaje emp\u00edrico<\/strong> a trav\u00e9s de la observaci\u00f3n<\/li>\n<\/ul>\n\n\n\n<h3 class=\"wp-block-heading\"><span class=\"ez-toc-section\" id=\"Systematisierung_des_Wissens\"><\/span>Sistematizaci\u00f3n del conocimiento<span class=\"ez-toc-section-end\"><\/span><\/h3>\n\n\n\n<p><strong>El rendimiento de Kneipp:<\/strong><\/p>\n\n\n\n<ul class=\"wp-block-list\">\n<li>Colecci\u00f3n y <strong>Sistematizaci\u00f3n<\/strong> de diferentes tradiciones<\/li>\n\n\n\n<li><strong>Documentaci\u00f3n escrita<\/strong> (Libros, art\u00edculos)<\/li>\n\n\n\n<li><strong>Divulgaci\u00f3n<\/strong> mediante un lenguaje comprensible<\/li>\n<\/ul>\n\n\n\n<p><strong>Diferencia con la medicina acad\u00e9mica:<\/strong><\/p>\n\n\n\n<ul class=\"wp-block-list\">\n<li><strong>Sin teor\u00eda<\/strong>, pero <strong>orientado a la pr\u00e1ctica<\/strong><\/li>\n\n\n\n<li><strong>No cient\u00edfico-experimental<\/strong>, pero <strong>basado en la experiencia<\/strong><\/li>\n\n\n\n<li><strong>Filosof\u00eda hol\u00edstica<\/strong> vs. medicina especializada de \u00f3rganos<\/li>\n<\/ul>\n\n\n\n<h2 class=\"wp-block-heading\"><span class=\"ez-toc-section\" id=\"Religiose_Dimensionen_bei_Kneipp\"><\/span>Dimensiones religiosas de Kneipp<span class=\"ez-toc-section-end\"><\/span><\/h2>\n\n\n\n<h3 class=\"wp-block-heading\"><span class=\"ez-toc-section\" id=\"Kneipp_als_katholischer_Priester\"><\/span>Kneipp como sacerdote cat\u00f3lico<span class=\"ez-toc-section-end\"><\/span><\/h3>\n\n\n\n<p>El sistema curativo de Kneipp era <strong>imbuido de religi\u00f3n<\/strong>.<\/p>\n\n\n\n<p><strong>Convicciones b\u00e1sicas:<\/strong><\/p>\n\n\n\n<ol class=\"wp-block-list\">\n<li><strong>La naturaleza como creaci\u00f3n de Dios:<\/strong>\n<ul class=\"wp-block-list\">\n<li>Los poderes curativos de la naturaleza son <strong>Dada por Dios<\/strong><\/li>\n\n\n\n<li>Utilizaci\u00f3n de los recursos naturales = <strong>Gratitud hacia el Creador<\/strong><\/li>\n<\/ul>\n<\/li>\n\n\n\n<li><strong>Salvaci\u00f3n y salud:<\/strong>\n<ul class=\"wp-block-list\">\n<li><strong>Terapia de orden<\/strong> = vida cristiana<\/li>\n\n\n\n<li>Pecado y mala conducta \u2192 Enfermedad<\/li>\n\n\n\n<li>Confesi\u00f3n, oraci\u00f3n, penitencia como parte de la curaci\u00f3n<\/li>\n<\/ul>\n<\/li>\n\n\n\n<li><strong>Humildad y modestia:<\/strong>\n<ul class=\"wp-block-list\">\n<li>Estilo de vida sencillo y moderado<\/li>\n\n\n\n<li>Cr\u00edtica al lujo y la extravagancia<\/li>\n\n\n\n<li><strong>Tradici\u00f3n benedictina:<\/strong> Ora y trabaja<\/li>\n<\/ul>\n<\/li>\n\n\n\n<li><strong>La Divina Providencia:<\/strong>\n<ul class=\"wp-block-list\">\n<li>En \u00faltima instancia, Dios cura, no el hombre<\/li>\n\n\n\n<li>Los remedios naturales son <strong>Herramientas de Dios<\/strong><\/li>\n<\/ul>\n<\/li>\n<\/ol>\n\n\n\n<p><strong>Cita de Kneipp:<\/strong><\/p>\n\n\n\n<blockquote class=\"wp-block-quote is-layout-flow wp-block-quote-is-layout-flow\">\n<p>\u201eLa naturaleza es la mejor farmacia\u201c. \u201eM\u00e1s vale prevenir que curar\u201c. \u201eEl camino hacia la salud pasa por la cocina, no por la farmacia\u201c.\u201c<\/p>\n<\/blockquote>\n\n\n\n<h3 class=\"wp-block-heading\"><span class=\"ez-toc-section\" id=\"Unterschied_zu_esoterischen_Ansatzen\"><\/span>Diferencia con enfoques esot\u00e9ricos<span class=\"ez-toc-section-end\"><\/span><\/h3>\n\n\n\n<p>Kneipp fue <strong>NO un esot\u00e9rico<\/strong>!<\/p>\n\n\n\n<p><strong>NO en Kneipp:<\/strong><\/p>\n\n\n\n<ul class=\"wp-block-list\">\n<li>Conceptos energ\u00e9ticos (Chi, Prana, Meridianos)<\/li>\n\n\n\n<li>\u201eMemoria del agua\u201c o similar<\/li>\n\n\n\n<li>astrolog\u00eda<\/li>\n\n\n\n<li>Revelaciones m\u00edsticas (como en Hildegard)<\/li>\n<\/ul>\n\n\n\n<p><strong>El enfoque de Kneipp era:<\/strong><\/p>\n\n\n\n<ul class=\"wp-block-list\">\n<li><strong>Cient\u00edficamente plausible<\/strong> (para su \u00e9poca)<\/li>\n\n\n\n<li><strong>Orientaci\u00f3n fisiol\u00f3gica<\/strong> (Est\u00edmulos de temperatura, circulaci\u00f3n sangu\u00ednea)<\/li>\n\n\n\n<li><strong>Cristiano-conservador<\/strong> no esot\u00e9rico<\/li>\n<\/ul>\n\n\n\n<p><strong>Evaluaci\u00f3n moderna:<\/strong> Los m\u00e9todos de Kneipp pueden <strong>aplicado secularmente<\/strong> No dependen de la fe (a diferencia, por ejemplo, de la curaci\u00f3n por la oraci\u00f3n).<\/p>\n\n\n\n<h2 class=\"wp-block-heading\"><span class=\"ez-toc-section\" id=\"Kneipp-Bewegung_und_gesellschaftlicher_Einfluss\"><\/span>Movimiento Kneipp e influencia social<span class=\"ez-toc-section-end\"><\/span><\/h2>\n\n\n\n<h3 class=\"wp-block-heading\"><span class=\"ez-toc-section\" id=\"Lebensreformbewegung\"><\/span>Movimiento de reforma de la vida<span class=\"ez-toc-section-end\"><\/span><\/h3>\n\n\n\n<p><strong>Contexto hist\u00f3rico:<\/strong> Finales del siglo XIX\/principios del XX: <strong>Movimiento de reforma de la vida<\/strong> en Alemania<\/p>\n\n\n\n<p><strong>Corrientes:<\/strong><\/p>\n\n\n\n<ul class=\"wp-block-list\">\n<li><strong>Medicina natural<\/strong> (Kneipp)<\/li>\n\n\n\n<li><strong>Vegetarismo<\/strong><\/li>\n\n\n\n<li><strong>Cultura naturista<\/strong> (FKK)<\/li>\n\n\n\n<li><strong>Tiendas de alimentos saludables<\/strong><\/li>\n\n\n\n<li><strong>Movimiento de asentamiento<\/strong> (Ciudad Jard\u00edn)<\/li>\n<\/ul>\n\n\n\n<p><strong>Motivos comunes:<\/strong><\/p>\n\n\n\n<ul class=\"wp-block-list\">\n<li>Cr\u00edtica de <strong>Industrializaci\u00f3n<\/strong>, urbanizaci\u00f3n<\/li>\n\n\n\n<li><strong>Reconexi\u00f3n con la naturaleza<\/strong><\/li>\n\n\n\n<li><strong>Enfoque hol\u00edstico<\/strong> en lugar de especializaci\u00f3n<\/li>\n\n\n\n<li><strong>Estilo de vida saludable<\/strong> como contra-dise\u00f1o<\/li>\n<\/ul>\n\n\n\n<p><strong>Kneipp como figura decorativa:<\/strong><\/p>\n\n\n\n<ul class=\"wp-block-list\">\n<li>Popular, cercano a la gente<\/li>\n\n\n\n<li>M\u00e9todos simples y pr\u00e1cticos<\/li>\n\n\n\n<li>Encaja con el esp\u00edritu de la \u00e9poca<\/li>\n<\/ul>\n\n\n\n<h3 class=\"wp-block-heading\"><span class=\"ez-toc-section\" id=\"Kneipp-Vereine\"><\/span>Asociaciones Kneipp<span class=\"ez-toc-section-end\"><\/span><\/h3>\n\n\n\n<p><strong>Fundaci\u00f3n:<\/strong><\/p>\n\n\n\n<ul class=\"wp-block-list\">\n<li><strong>1886:<\/strong> Primeros clubes Kneipp<\/li>\n\n\n\n<li><strong>1897:<\/strong> Fundaci\u00f3n de la <strong>Asociaci\u00f3n Kneipp<\/strong> (tras la muerte de Kneipp)<\/li>\n<\/ul>\n\n\n\n<p><strong>Hoy<\/strong><\/p>\n\n\n\n<ul class=\"wp-block-list\">\n<li>Sobre <strong>600 Asociaciones Kneipp<\/strong> en Alemania<\/li>\n\n\n\n<li>En todo el mundo: Austria, Suiza, EE.UU., Jap\u00f3n, etc.<\/li>\n\n\n\n<li>Sobre <strong>160.000 miembros<\/strong> en Alemania<\/li>\n<\/ul>\n\n\n\n<p><strong>Actividades:<\/strong><\/p>\n\n\n\n<ul class=\"wp-block-list\">\n<li>Cursos de salud<\/li>\n\n\n\n<li>Pisar el agua (piscinas Kneipp p\u00fablicas)<\/li>\n\n\n\n<li>Herb camina<\/li>\n\n\n\n<li>Conferencias<\/li>\n<\/ul>\n\n\n\n<p><strong>Funci\u00f3n social:<\/strong><\/p>\n\n\n\n<ul class=\"wp-block-list\">\n<li><strong>Comunidad<\/strong> (especialmente para las personas mayores)<\/li>\n\n\n\n<li><strong>Promoci\u00f3n de la salud de bajo umbral<\/strong><\/li>\n\n\n\n<li><strong>Prevenci\u00f3n<\/strong><\/li>\n<\/ul>\n\n\n\n<h3 class=\"wp-block-heading\"><span class=\"ez-toc-section\" id=\"Bad_Worishofen_als_Kneipp-Kurort\"><\/span>Bad W\u00f6rishofen como balneario Kneipp<span class=\"ez-toc-section-end\"><\/span><\/h3>\n\n\n\n<p><strong>Desarrollo:<\/strong><\/p>\n\n\n\n<ul class=\"wp-block-list\">\n<li>Antes de Kneipp: Pueblo insignificante<\/li>\n\n\n\n<li><strong>Con Kneipp (a partir de 1880):<\/strong> Peregrinaci\u00f3n de los enfermos<\/li>\n\n\n\n<li><strong>Hoy<\/strong> Balneario de renombre<\/li>\n<\/ul>\n\n\n\n<p><strong>Cifras:<\/strong><\/p>\n\n\n\n<ul class=\"wp-block-list\">\n<li>Aprox. 16.000 habitantes<\/li>\n\n\n\n<li>Sobre <strong>1,5 millones de pernoctaciones\/a\u00f1o<\/strong><\/li>\n\n\n\n<li>Enfoque: Curas Kneipp, bienestar<\/li>\n<\/ul>\n\n\n\n<p><strong>Importancia econ\u00f3mica:<\/strong><\/p>\n\n\n\n<ul class=\"wp-block-list\">\n<li>La obra de Kneipp cre\u00f3 <strong>todo el sector<\/strong><\/li>\n\n\n\n<li>Turismo, sanidad<\/li>\n\n\n\n<li>Lugares de trabajo<\/li>\n<\/ul>\n\n\n\n<h2 class=\"wp-block-heading\"><span class=\"ez-toc-section\" id=\"Kritische_Gesamtbewertung\"><\/span>Evaluaci\u00f3n general cr\u00edtica<span class=\"ez-toc-section-end\"><\/span><\/h2>\n\n\n\n<h3 class=\"wp-block-heading\"><span class=\"ez-toc-section\" id=\"Starken_von_Kneipps_System\"><\/span>Puntos fuertes del sistema Kneipp<span class=\"ez-toc-section-end\"><\/span><\/h3>\n\n\n\n<ul class=\"wp-block-list\">\n<li><strong>Hol\u00edstico<\/strong><br>Teniendo en cuenta diversos factores de salud<\/li>\n\n\n\n<li><strong>Preventivo<\/strong><br>Enf\u00f3cate en mantener la salud, no solo en tratar la enfermedad.<\/li>\n\n\n\n<li><strong>Econ\u00f3mico<\/strong><br>Agua, movimiento, nutrici\u00f3n simple \u2013 accesible para todos<\/li>\n\n\n\n<li><strong>Pocas reacciones secundarias<\/strong><br>Con la aplicaci\u00f3n correcta, seguro<\/li>\n\n\n\n<li><strong>Basado en evidencia (parcialmente)<\/strong><br>Movimiento, nutrici\u00f3n, estilo de vida cient\u00edficamente comprobados<\/li>\n\n\n\n<li><strong>Empoderamiento<\/strong><br>El paciente como agente activo de su salud<\/li>\n\n\n\n<li><strong>Sostenible<\/strong><br>Cambios de estilo de vida a largo plazo en lugar de pastillas r\u00e1pidas<\/li>\n<\/ul>\n\n\n\n<h3 class=\"wp-block-heading\"><span class=\"ez-toc-section\" id=\"Schwachen_und_Limitationen\"><\/span>Debilidades y limitaciones<span class=\"ez-toc-section-end\"><\/span><\/h3>\n\n\n\n<ul class=\"wp-block-list\">\n<li><strong>Lagunas de evidencia<\/strong><br>Efectos de la hidroterapia no demostrados de forma consistente y s\u00f3lida<\/li>\n\n\n\n<li><strong>Sobreinterpretaci\u00f3n<\/strong><br>\u201eHigiene\u201c y \u201efortalecimiento inmunol\u00f3gico\u201c controvertidos cient\u00edficamente<\/li>\n\n\n\n<li><strong>No sirve para todo<\/strong><br>Las enfermedades graves requieren terapia m\u00e9dica convencional.<\/li>\n\n\n\n<li><strong>Fluctuaciones de la calidad<\/strong><br>Los productos \u201eKneipp\u201c comerciales a menudo no est\u00e1n basados en evidencia<\/li>\n\n\n\n<li><strong>Peligro de exceso de confianza<\/strong><br>Los legos podr\u00edan minimizar s\u00edntomas graves<\/li>\n\n\n\n<li><strong>Falta de individualizaci\u00f3n<\/strong><br>\u201eLa \u201ctalla \u00fanica\" no sirve para todos<\/li>\n<\/ul>\n\n\n\n<h3 class=\"wp-block-heading\"><span class=\"ez-toc-section\" id=\"Moderne_Einordnung\"><\/span>Categorizaci\u00f3n moderna<span class=\"ez-toc-section-end\"><\/span><\/h3>\n\n\n\n<p><strong>La Terapia Kneipp es<\/strong> <strong>No hay alternativa a la medicina convencional<\/strong>, pero <strong>Suplemento<\/strong><\/p>\n\n\n\n<p><strong>\u00datil para:<\/strong><\/p>\n\n\n\n<ul class=\"wp-block-list\">\n<li><strong>Prevenci\u00f3n<\/strong><br>personas sanas<\/li>\n\n\n\n<li><strong>Enfermedades cr\u00f3nicas<\/strong><br>como medida de apoyo<\/li>\n\n\n\n<li><strong>Rehabilitaci\u00f3n<\/strong><\/li>\n\n\n\n<li><strong>Trastornos funcionales<\/strong><br>sin causa org\u00e1nica<\/li>\n\n\n\n<li><strong>Promoci\u00f3n general de la salud<\/strong><\/li>\n<\/ul>\n\n\n\n<p><strong>No es suficiente para:<\/strong><\/p>\n\n\n\n<ul class=\"wp-block-list\">\n<li><strong>Enfermedades agudas graves<\/strong><br>Infarto, accidente cerebrovascular, infecciones graves<\/li>\n\n\n\n<li><strong>C\u00e1ncer<\/strong><br>puede ser complementario, pero no una terapia principal<\/li>\n\n\n\n<li><strong>Enfermedades psiqui\u00e1tricas<\/strong><br>puede apoyar, pero no reemplazar<\/li>\n<\/ul>\n\n\n\n<p><strong>Regla de oro:<\/strong><\/p>\n\n\n\n<blockquote class=\"wp-block-quote is-layout-flow wp-block-quote-is-layout-flow\">\n<p>\u201eTanto Kneipp como sea posible, tanta medicina convencional como sea necesaria\u201c.\u201c<\/p>\n<\/blockquote>\n\n\n\n<h2 class=\"wp-block-heading\"><span class=\"ez-toc-section\" id=\"Wissenschaftliche_Quellen_und_weiterfuhrende_Literatur\"><\/span>Fuentes cient\u00edficas y lecturas complementarias<span class=\"ez-toc-section-end\"><\/span><\/h2>\n\n\n\n<h3 class=\"wp-block-heading\"><span class=\"ez-toc-section\" id=\"Systematische_Reviews_und_Meta-Analysen\"><\/span>Revisiones sistem\u00e1ticas y metaan\u00e1lisis<span class=\"ez-toc-section-end\"><\/span><\/h3>\n\n\n\n<p><strong>Hidroterapia (entre otros)<\/strong><br>- <strong>Mooventhan y Nivethitha (2014):<\/strong> \u201e<a href=\"https:\/\/www.ncbi.nlm.nih.gov\/pmc\/articles\/PMC4049052\/\" target=\"_blank\" rel=\"noreferrer noopener\">Efectos de la hidroterapia en diversos sistemas corporales basados en pruebas cient\u00edficas<\/a>\u201c - <em>North American Journal of Medical Sciences<\/em><\/p>\n\n\n\n<ol class=\"wp-block-list\"><\/ol>\n\n\n\n<p><strong>Inmersi\u00f3n en agua fr\u00eda<\/strong><br>- <strong>Buijze et al. (2016):<\/strong> \u201e<a href=\"https:\/\/journals.plos.org\/plosone\/article?id=10.1371\/journal.pone.0161749\" target=\"_blank\" rel=\"noreferrer noopener\">El efecto de ducharse con agua fr\u00eda en la salud y el trabajo<\/a>\u201c - <em>PLOS ONE<\/em><br>- <strong>Shevchuk (2008):<\/strong> \u201e<a href=\"https:\/\/pubmed.ncbi.nlm.nih.gov\/17993252\/\" target=\"_blank\" rel=\"noreferrer noopener\">Ducha fr\u00eda adaptada como tratamiento potencial para la depresi\u00f3n<\/a>\u201c - <em>Hip\u00f3tesis M\u00e9dicas<\/em><\/p>\n\n\n\n<p><strong>Movimiento<\/strong><br>- <strong>Warburton et al (2006):<\/strong> \u201e<a href=\"https:\/\/www.ncbi.nlm.nih.gov\/pmc\/articles\/PMC1402378\/\" target=\"_blank\" rel=\"noreferrer noopener\">Beneficios de la actividad f\u00edsica para la salud: las pruebas<\/a>\u201c - <em>CMAJ<\/em><\/p>\n\n\n\n<p><strong>Nutrici\u00f3n<\/strong><br>S<strong>chwingshackl y otros. (2017):<\/strong> \u201e<a href=\"https:\/\/www.bmj.com\/content\/357\/bmj.j2351\" target=\"_blank\" rel=\"noreferrer noopener\">Grupos de alimentos y riesgo de mortalidad por todas las causas<\/a>\u201c - <em>BMJ<\/em><br>- <strong>Thies et al (2014):<\/strong> \u201e<a href=\"https:\/\/pubmed.ncbi.nlm.nih.gov\/25267241\/\" target=\"_blank\" rel=\"noreferrer noopener\">Avena y marcadores de riesgo de ECV<\/a>\u201c - <em>British Journal of Nutrition<\/em><\/p>\n\n\n\n<p><strong>Lebensstil\/Ordnungstherapie<\/strong><br>- <strong>Park et al. (2010):<\/strong> \u201e<a href=\"https:\/\/www.ncbi.nlm.nih.gov\/pmc\/articles\/PMC2793341\/\" target=\"_blank\" rel=\"noreferrer noopener\">Los efectos fisiol\u00f3gicos del Shinrin-yoku (ba\u00f1o de bosque)<\/a>\u201c - <em>Salud Ambiental y Medicina Preventiva<\/em><br>- <strong>Holt-Lunstad et al. (2010):<\/strong> \u201e<a href=\"https:\/\/journals.plos.org\/plosmedicine\/article?id=10.1371\/journal.pmed.1000316\" target=\"_blank\" rel=\"noreferrer noopener\">Relaciones sociales y riesgo de mortalidad<\/a>\u201c - <em>PLOS Medicina<\/em><\/p>\n\n\n\n<h3 class=\"wp-block-heading\"><span class=\"ez-toc-section\" id=\"Bucher_und_Monographien\"><\/span>Libros y monograf\u00edas<span class=\"ez-toc-section-end\"><\/span><\/h3>\n\n\n\n<p><strong>Fuentes primarias (el propio Kneipp):<\/strong><\/p>\n\n\n\n<ul class=\"wp-block-list\">\n<li>Kneipp, S. (1886): <em>Mi cura de agua<\/em><\/li>\n\n\n\n<li>Kneipp, S. (1889): <em>\u00a1As\u00ed deben vivir!<\/em><\/li>\n\n\n\n<li>Kneipp, S. (1894): <em>Mi testamento<\/em><\/li>\n<\/ul>\n\n\n\n<p><strong>Literatura secundaria.<\/strong><\/p>\n\n\n\n<ul class=\"wp-block-list\">\n<li>Baumgartner, H. (1997): <em>Sebasti\u00e1n Kneipp \u2013 Vida y obra<\/em><\/li>\n\n\n\n<li>Uehleke, B. (2016): <em>Kneipp-Terapia: M\u00e9todos de curaci\u00f3n natural en resumen<\/em><\/li>\n\n\n\n<li>Leuchtgens, H. (2021): <em>Kneipp \u2013 Los 5 pilares de la salud<\/em><\/li>\n<\/ul>\n\n\n\n<h3 class=\"wp-block-heading\"><span class=\"ez-toc-section\" id=\"Kritische_Literatur\"><\/span>Literatura cr\u00edtica<span class=\"ez-toc-section-end\"><\/span><\/h3>\n\n\n\n<ul class=\"wp-block-list\">\n<li>Ernst, E. (2016): <em>Medicina Complementaria Basada en Evidencia<\/em> (Cap\u00edtulo de hidroterapia)<\/li>\n\n\n\n<li>Singh, S. y Ernst, E. (2008): <em>Salud sin pastillas<\/em> (evaluaci\u00f3n cr\u00edtica de procedimientos alternativos)<\/li>\n<\/ul>\n\n\n\n<h3 class=\"wp-block-heading\"><span class=\"ez-toc-section\" id=\"Institutionelle_Quellen\"><\/span>Fuentes institucionales<span class=\"ez-toc-section-end\"><\/span><\/h3>\n\n\n\n<p><strong>Kneipp-Bund e.V.:<\/strong><\/p>\n\n\n\n<ul class=\"wp-block-list\">\n<li>www.kneippbund.de<\/li>\n\n\n\n<li>Informaci\u00f3n sobre solicitudes, formaci\u00f3n, investigaci\u00f3n<\/li>\n<\/ul>\n\n\n\n<p><strong>Sociedad Alemana de Medicina Preventiva:<\/strong><\/p>\n\n\n\n<ul class=\"wp-block-list\">\n<li>Declaraciones sobre medicina del estilo de vida<\/li>\n<\/ul>\n\n\n\n<p><strong>QUI\u00c9N:<\/strong><\/p>\n\n\n\n<ul class=\"wp-block-list\">\n<li>Pautas de ejercicio, nutrici\u00f3n<\/li>\n<\/ul>\n\n\n\n<h3 class=\"wp-block-heading\"><span class=\"ez-toc-section\" id=\"Sebastian_Kneipp_aus_wissenschaftlicher_Sicht\"><\/span>Sebasti\u00e1n Kneipp desde una perspectiva cient\u00edfica<span class=\"ez-toc-section-end\"><\/span><\/h3>\n\n\n\n<p><strong>Evaluaci\u00f3n resumida:<\/strong><\/p>\n\n\n\n<p>Sebastian Kneipp desarroll\u00f3 un <strong>Sistema hol\u00edstico de curaci\u00f3n natural<\/strong>, que en gran parte <strong>cient\u00edficamente plausible y basado en evidencia<\/strong> es - especialmente en las \u00e1reas de:<\/p>\n\n\n\n<ul class=\"wp-block-list\">\n<li><strong>Movimiento<\/strong> (m\u00e1xima evidencia)<\/li>\n\n\n\n<li><strong>Nutrici\u00f3n<\/strong> (alta evidencia)<\/li>\n\n\n\n<li><strong>Ordnungstherapie\/Lebensstil<\/strong> (alta evidencia)<\/li>\n\n\n\n<li><strong>Fitoterapia<\/strong> (evidencia moderada a alta, seg\u00fan la planta)<\/li>\n\n\n\n<li><strong>Hidroterapia<\/strong> (evidencia moderada, efectos fisiol\u00f3gicos confirmados, relevancia cl\u00ednica parcialmente incierta)<\/li>\n<\/ul>\n\n\n\n<p><strong>Kneipp se adelant\u00f3 a su tiempo<\/strong> en el \u00e9nfasis de:<\/p>\n\n\n\n<ul class=\"wp-block-list\">\n<li><strong>Prevenci\u00f3n<\/strong> en lugar de solo terapia<\/li>\n\n\n\n<li><strong>Enfoque hol\u00edstico<\/strong> en lugar de especializaci\u00f3n de \u00f3rganos<\/li>\n\n\n\n<li><strong>Estilo de vida<\/strong> como factor de salud<\/li>\n\n\n\n<li><strong>Responsabilidad personal<\/strong> del paciente<\/li>\n<\/ul>\n\n\n\n<p><strong>La medicina moderna ha confirmado en gran medida a Kneipp<\/strong> \u2013 sus principios corresponden a la actualidad <strong>Medicina del Estilo de Vida, Medicina Preventiva, Medicina Mente-Cuerpo<\/strong>.<\/p>\n\n\n\n<p><strong>Restricciones:<\/strong><\/p>\n\n\n\n<ul class=\"wp-block-list\">\n<li>No todas las afirmaciones est\u00e1n cient\u00edficamente probadas (especialmente las espec\u00edficas de la hidroterapia)<\/li>\n\n\n\n<li>No hay sustituto para la medicina moderna en enfermedades graves<\/li>\n\n\n\n<li>Comercializaci\u00f3n parcialmente problem\u00e1tica<\/li>\n<\/ul>\n\n\n\n<p><strong>Importancia hist\u00f3rica<\/strong> Kneipp era un <strong>Pionero en la promoci\u00f3n de la salud integral<\/strong> en el siglo XIX e influy\u00f3 en el desarrollo de <strong>Medicina natural<\/strong> decisivo.<\/p>\n\n\n\n<h3 class=\"wp-block-heading\"><span class=\"ez-toc-section\" id=\"Relevanz_heute\"><\/span>Relevancia hoy<span class=\"ez-toc-section-end\"><\/span><\/h3>\n\n\n\n<p><strong>El enfoque de Kneipp est\u00e1 m\u00e1s vigente que nunca:<\/strong><\/p>\n\n\n\n<p>En un momento de:<\/p>\n\n\n\n<ul class=\"wp-block-list\">\n<li><strong>enfermedades de la civilizaci\u00f3n<\/strong> (Diabetes, Obesidad, Enfermedades cardiovasculares)<\/li>\n\n\n\n<li><strong>sedentarismo<\/strong><\/li>\n\n\n\n<li><strong>La mala nutrici\u00f3n<\/strong><\/li>\n\n\n\n<li><strong>Estr\u00e9s y agotamiento<\/strong><\/li>\n<\/ul>\n\n\n\n<p>\u2026ofrece Kneipp un <strong>enfoque preventivo, integral y basado en la evidencia<\/strong>.<\/p>\n\n\n\n<p><strong>Las \u201ecinco columnas\u201c corresponden a las recomendaciones de las autoridades sanitarias modernas<\/strong> (OMS, CDC, DGE, etc.) para una vida saludable.<\/p>\n\n\n\n<p><strong>Kneipp hizo que la medicina natural fuera aceptable para el p\u00fablico en general.<\/strong> \u2013 su legado perdura en:<\/p>\n\n\n\n<ul class=\"wp-block-list\">\n<li>Movimiento de bienestar<\/li>\n\n\n\n<li>Promoci\u00f3n de la salud en el lugar de trabajo<\/li>\n\n\n\n<li>Medicina integrativa<\/li>\n\n\n\n<li>Medicina preventiva<\/li>\n<\/ul>\n\n\n\n<p><strong>El mensaje cient\u00edfico:<\/strong><\/p>\n\n\n\n<blockquote class=\"wp-block-quote is-layout-flow wp-block-quote-is-layout-flow\">\n<p>Sebastian Kneipp ten\u00eda raz\u00f3n en sus principios fundamentales. La investigaci\u00f3n moderna ha confirmado su visi\u00f3n hol\u00edstica. Sus m\u00e9todos son, si se aplican correctamente, una valiosa contribuci\u00f3n a la promoci\u00f3n de la salud.<\/p>\n<\/blockquote>\n\n\n\n<p><strong>Pero..:<\/strong> El pensamiento cr\u00edtico sigue siendo importante. No todo lo que dice \u201eKneipp\u201c est\u00e1 cient\u00edficamente fundamentado. Los principios son valiosos, su explotaci\u00f3n comercial a veces es cuestionable.<\/p>\n\n\n\n<p><strong>Cita final (interpretaci\u00f3n moderna):<\/strong><\/p>\n\n\n\n<blockquote class=\"wp-block-quote is-layout-flow wp-block-quote-is-layout-flow\">\n<p>\u201eKneipp no fue un curandero milagroso, sino un observador inteligente que reconoci\u00f3 el poder de las cosas simples y naturales, y la ciencia moderna le da la raz\u00f3n en muchos aspectos.\u201c<\/p>\n<\/blockquote>","protected":false},"excerpt":{"rendered":"<p><span class=\"span-reading-time rt-reading-time\" style=\"display: block;\"><span class=\"rt-label rt-prefix\">Tiempo de leer<\/span> <span class=\"rt-time\"> 13<\/span> <span class=\"rt-label rt-postfix\">minutos<\/span><\/span> Leben zwischen Armut, Glaube und Naturheilkunde Sebastian Kneipp wurde am 17. Mai 1821 in Stephansried bei Ottobeuren in Bayern geboren. Seine Familie lebte in bescheidenen Verh\u00e4ltnissen.Der Vater Xaver war Weber, die Mutter Rosina k\u00fcmmerte sich um die vielen Kinder. Wie damals in l\u00e4ndlichen Arbeiterfamilien \u00fcblich, half Sebastian fr\u00fch mit, als Hirtenjunge und Webergehilfe, &#8211;&hellip;&nbsp;<a href=\"https:\/\/csiag.de\/es\/blog\/2026\/04\/05\/sebastian-kneipp\/\" rel=\"bookmark\">Vaciar m\u00e1s \"<span class=\"screen-reader-text\">Sebasti\u00e1n Kneipp<\/span><\/a><\/p>","protected":false},"author":1,"featured_media":0,"comment_status":"open","ping_status":"open","sticky":false,"template":"","format":"standard","meta":{"_lmt_disableupdate":"","_lmt_disable":"","neve_meta_sidebar":"","neve_meta_container":"","neve_meta_enable_content_width":"","neve_meta_content_width":0,"neve_meta_title_alignment":"","neve_meta_author_avatar":"","neve_post_elements_order":"","neve_meta_disable_header":"","neve_meta_disable_footer":"","neve_meta_disable_title":"","footnotes":""},"categories":[5723],"tags":[],"class_list":["post-12553","post","type-post","status-publish","format-standard","hentry","category-naturheilkunde"],"modified_by":"Achim Goerner","_links":{"self":[{"href":"https:\/\/csiag.de\/es\/wp-json\/wp\/v2\/posts\/12553","targetHints":{"allow":["GET"]}}],"collection":[{"href":"https:\/\/csiag.de\/es\/wp-json\/wp\/v2\/posts"}],"about":[{"href":"https:\/\/csiag.de\/es\/wp-json\/wp\/v2\/types\/post"}],"author":[{"embeddable":true,"href":"https:\/\/csiag.de\/es\/wp-json\/wp\/v2\/users\/1"}],"replies":[{"embeddable":true,"href":"https:\/\/csiag.de\/es\/wp-json\/wp\/v2\/comments?post=12553"}],"version-history":[{"count":9,"href":"https:\/\/csiag.de\/es\/wp-json\/wp\/v2\/posts\/12553\/revisions"}],"predecessor-version":[{"id":13697,"href":"https:\/\/csiag.de\/es\/wp-json\/wp\/v2\/posts\/12553\/revisions\/13697"}],"wp:attachment":[{"href":"https:\/\/csiag.de\/es\/wp-json\/wp\/v2\/media?parent=12553"}],"wp:term":[{"taxonomy":"category","embeddable":true,"href":"https:\/\/csiag.de\/es\/wp-json\/wp\/v2\/categories?post=12553"},{"taxonomy":"post_tag","embeddable":true,"href":"https:\/\/csiag.de\/es\/wp-json\/wp\/v2\/tags?post=12553"}],"curies":[{"name":"wp","href":"https:\/\/api.w.org\/{rel}","templated":true}]}}